{"id":6003,"date":"2025-10-02T15:54:46","date_gmt":"2025-10-02T15:54:46","guid":{"rendered":"https:\/\/koff.swisspeace.ch\/apropos\/?p=6003"},"modified":"2025-10-02T15:54:46","modified_gmt":"2025-10-02T15:54:46","slug":"burkina-faso-promouvoir-la-cohesion-sociale-face-aux-deplacements-de-population","status":"publish","type":"post","link":"https:\/\/koff.swisspeace.ch\/apropos\/6003\/burkina-faso-promouvoir-la-cohesion-sociale-face-aux-deplacements-de-population\/","title":{"rendered":"Burkina Faso \u2013 Promouvoir la coh\u00e9sion sociale face aux d\u00e9placements de population"},"content":{"rendered":"\n<p>Les mouvements de populations li\u00e9s \u00e0 la crise s\u00e9curitaire au Burkina Faso peuvent entrainer des tensions entre les populations h\u00f4tes et personnes d\u00e9plac\u00e9es internes (PDI). Les organisations partenaires d\u2019Action de Car\u00eame, telles que l&#8217;Association SOUGRI-NOOMA pour le D\u00e9veloppement des Initiatives<strong> <\/strong>F\u00e9minines (ADIF), l&#8217;Union des Groupements Producteurs Agro\u00e9cologistes Kotissek\u00e9 (UGPAKS), et l&#8217;Associations pour la Sauvegarde des Masques D\u00e9dougou (ASAMA), tentent de r\u00e9pondre \u00e0 ce d\u00e9fi en d\u00e9veloppant diverses initiatives d\u00e9di\u00e9es \u00e0 la paix et \u00e0 la coh\u00e9sion sociale.<\/p>\n\n\n\n<p><strong>Pressions fonci\u00e8res et promotion d\u2019une solidarit\u00e9 communautaire<\/strong><br>Les tensions sont souvent dues \u00e0 la pression li\u00e9e \u00e0 l\u2019acc\u00e8s aux ressources naturelles telles que la terre ou l\u2019eau. Pour y r\u00e9pondre, les organisations mentionn\u00e9es mettent en \u0153uvre des initiatives vari\u00e9es, telles que les champs ou greniers collectifs bas\u00e9s sur le travail en commun, contribuent \u00e0 renforcer les liens sociaux au sein des groupements. Ils permettent le dialogue au sein et entre les diff\u00e9rentes communaut\u00e9s et de cultiver la notion de travail collectif pour le bien commun. De plus, la prise en compte des m\u00e9canismes participatifs et endog\u00e8nes dans la gestion des conflits communautaires, c\u2019est-\u00e0-dire des pratiques et solutions issues des communaut\u00e9s elles-m\u00eames et enracin\u00e9es dans leur tradition, est essentielle. Par exemple, les conseils de village, les cercles de parole, le th\u00e9\u00e2tre-forum ou la m\u00e9diation traditionnelle jouent un r\u00f4le fondamental. Adapt\u00e9s aux r\u00e9alit\u00e9s locales, ces m\u00e9canismes communautaires permettent une approche informelle et plus flexible de la r\u00e9solution des conflits. En revanche, les formats peu inclusifs, tels que les conf\u00e9rences d\u2019expert\u00b7es externes, se sont r\u00e9v\u00e9l\u00e9s moins efficaces.<\/p>\n\n\n\n<p>Lors de l\u2019impl\u00e9mentation d\u2019activit\u00e9s, les organisations partenaires d\u2019Action de Car\u00eame ont tout de m\u00eame fait face \u00e0 une certaine r\u00e9sistance (li\u00e9e au contexte, aux repr\u00e9sentations sociales ou \u00e0 des blessures collectives). Elles se manifestent par la peur ou la m\u00e9fiance, par des r\u00e9ticences de la part des leaders traditionnels ou coutumiers, ainsi que par des r\u00e9sistances socioculturelles \u00e0 la mixit\u00e9. Ces r\u00e9sistances, bien que naturelles dans un contexte de crise prolong\u00e9e, peuvent \u00eatre transform\u00e9es en leviers de changement social \u00e0 travers l\u2019\u00e9coute et l\u2019implication de figures locales dans la recherche de solutions.<\/p>\n\n\n\n<p><strong>Evaluation et impact des activit\u00e9s de coh\u00e9sion sociale<\/strong><br>L\u2019\u00e9valuation de l\u2019impact de telles activit\u00e9s pour la coh\u00e9sion sociale n\u00e9cessite une approche qualitative, patiente et contextualis\u00e9e, car les changements sont souvent progressifs, relationnels et invisibles \u00e0 court terme. Dans le cadre de nos projets, certains impacts sont d\u00e9j\u00e0 visibles, tels que l\u2019int\u00e9gration progressive des femmes d\u00e9plac\u00e9es dans les associations locales pour favoriser l\u2019acc\u00e8s \u00e0 la terre, et une r\u00e9duction des tensions entre jeunes de diff\u00e9rentes origines lors de matchs de football ou de journ\u00e9es culturelles.<\/p>\n\n\n\n<p>Afin de renforcer l\u2019adh\u00e9sion et l\u2019impact de ce type d\u2019activit\u00e9s de coh\u00e9sion sociale, il est donc essentiel d\u2019impliquer les acteurs locaux d\u00e8s la conception des initiatives, de cr\u00e9er des espaces s\u00fbrs d\u2019expression et d\u2019\u00e9changes, et de valoriser les m\u00e9canismes endog\u00e8nes. L\u2019exp\u00e9rience d\u2019Action de Car\u00eame d\u00e9montre qu\u2019une institutionnalisation excessive de ces activit\u00e9s doit \u00eatre \u00e9vit\u00e9e, afin de pr\u00e9server leur souplesse et leur ancrage communautaire.<\/p>\n","protected":false},"excerpt":{"rendered":"<p>Les mouvements de populations li\u00e9s \u00e0 la crise s\u00e9curitaire au Burkina Faso peuvent entrainer des tensions entre les populations h\u00f4tes et personnes d\u00e9plac\u00e9es internes (PDI). Les organisations partenaires d\u2019Action de Car\u00eame, telles que l&#8217;Association SOUGRI-NOOMA pour le D\u00e9veloppement des Initiatives F\u00e9minines (ADIF), l&#8217;Union des Groupements Producteurs Agro\u00e9cologistes Kotissek\u00e9 (UGPAKS), et l&#8217;Associations pour la Sauvegarde des <a href=\"https:\/\/koff.swisspeace.ch\/apropos\/6003\/burkina-faso-promouvoir-la-cohesion-sociale-face-aux-deplacements-de-population\/\" class=\"more-link\">&#8230;<span class=\"screen-reader-text\">  Burkina Faso \u2013 Promouvoir la coh\u00e9sion sociale face aux d\u00e9placements de population<\/span><\/a><\/p>\n","protected":false},"author":3,"featured_media":5993,"comment_status":"closed","ping_status":"closed","sticky":false,"template":"","format":"standard","meta":{"advgb_blocks_editor_width":"","advgb_blocks_columns_visual_guide":""},"categories":[113],"tags":[],"issue":[398],"acf":[],"author_meta":{"display_name":"\u00e0 propos","author_link":"https:\/\/koff.swisspeace.ch\/apropos\/author\/apropos\/"},"featured_img":"https:\/\/koff.swisspeace.ch\/apropos\/wp-content\/uploads\/2025\/09\/WBFastenaktion190-600x332.jpg","coauthors":[],"tax_additional":{"categories":{"linked":["<a href=\"https:\/\/koff.swisspeace.ch\/apropos\/category\/reports-fr\/\" class=\"advgb-post-tax-term\">Dossier<\/a>"],"unlinked":["<span class=\"advgb-post-tax-term\">Dossier<\/span>"]}},"comment_count":0,"relative_dates":{"created":"Posted 11 months ago","modified":"Updated 11 months ago"},"absolute_dates":{"created":"Posted on October 2, 2025","modified":"Updated on October 2, 2025"},"absolute_dates_time":{"created":"Posted on October 2, 2025 3:54 pm","modified":"Updated on October 2, 2025 3:54 pm"},"featured_img_caption":"","series_order":null,"_links":{"self":[{"href":"https:\/\/koff.swisspeace.ch\/apropos\/wp-json\/wp\/v2\/posts\/6003"}],"collection":[{"href":"https:\/\/koff.swisspeace.ch\/apropos\/wp-json\/wp\/v2\/posts"}],"about":[{"href":"https:\/\/koff.swisspeace.ch\/apropos\/wp-json\/wp\/v2\/types\/post"}],"author":[{"embeddable":true,"href":"https:\/\/koff.swisspeace.ch\/apropos\/wp-json\/wp\/v2\/users\/3"}],"replies":[{"embeddable":true,"href":"https:\/\/koff.swisspeace.ch\/apropos\/wp-json\/wp\/v2\/comments?post=6003"}],"version-history":[{"count":11,"href":"https:\/\/koff.swisspeace.ch\/apropos\/wp-json\/wp\/v2\/posts\/6003\/revisions"}],"predecessor-version":[{"id":6258,"href":"https:\/\/koff.swisspeace.ch\/apropos\/wp-json\/wp\/v2\/posts\/6003\/revisions\/6258"}],"wp:featuredmedia":[{"embeddable":true,"href":"https:\/\/koff.swisspeace.ch\/apropos\/wp-json\/wp\/v2\/media\/5993"}],"wp:attachment":[{"href":"https:\/\/koff.swisspeace.ch\/apropos\/wp-json\/wp\/v2\/media?parent=6003"}],"wp:term":[{"taxonomy":"category","embeddable":true,"href":"https:\/\/koff.swisspeace.ch\/apropos\/wp-json\/wp\/v2\/categories?post=6003"},{"taxonomy":"post_tag","embeddable":true,"href":"https:\/\/koff.swisspeace.ch\/apropos\/wp-json\/wp\/v2\/tags?post=6003"},{"taxonomy":"issue","embeddable":true,"href":"https:\/\/koff.swisspeace.ch\/apropos\/wp-json\/wp\/v2\/issue?post=6003"}],"curies":[{"name":"wp","href":"https:\/\/api.w.org\/{rel}","templated":true}]}}