{"id":6019,"date":"2025-10-02T15:54:46","date_gmt":"2025-10-02T15:54:46","guid":{"rendered":"https:\/\/koff.swisspeace.ch\/apropos\/?p=6019"},"modified":"2025-10-02T15:54:46","modified_gmt":"2025-10-02T15:54:46","slug":"les-associations-au-coeur-de-la-cohesion-sociale","status":"publish","type":"post","link":"https:\/\/koff.swisspeace.ch\/apropos\/6019\/les-associations-au-coeur-de-la-cohesion-sociale\/","title":{"rendered":"Les associations \u2013 Au coeur de la coh\u00e9sion sociale"},"content":{"rendered":"\n<p>L\u2019association fait partie du paysage culturel suisse. Plus de 90 000 associations fa\u00e7onnent la vie sociale, qu\u2019il s\u2019agisse de sport, de culture, de voisinage ou d\u2019\u00c9glise. Elles cr\u00e9ent des espaces o\u00f9 les personnes se rencontrent, ind\u00e9pendamment de leur origine, de leur \u00e2ge ou de leur statut social, ou encore des espaces qui rassemblent pr\u00e9cis\u00e9ment celles et ceux qui se sentent li\u00e9s par leur origine, leur \u00e2ge ou leur position sociale.<\/p>\n\n\n\n<p>Pendant des d\u00e9cennies, l\u2019association a servi de ciment du vivre-ensemble pacifique; un r\u00f4le aujourd\u2019hui mis \u00e0 l\u2019\u00e9preuve. Les \u00e9volutions soci\u00e9tales, ainsi que les m\u00e9gatendances comme l\u2019individualisation et la mondialisation, apportent de nouvelles libert\u00e9s, mais fragilisent les liens traditionnels. De nouvelles formes d\u2019appartenance et de qu\u00eate de sens doivent \u00eatre patiemment construites et n\u00e9goci\u00e9es.<\/p>\n\n\n\n<p>L\u2019exemple de l\u2019Alliance des femmes suisses montre comment les r\u00e9seaux f\u00e9minins organis\u00e9s en associations sont devenus des lieux d\u2019autonomisation. \u00c0 une \u00e9poque o\u00f9 les femmes ne disposaient ni du droit de vote ni de l\u2019\u00e9ligibilit\u00e9 (jusqu\u2019en 1971), les associations de femmes ont offert l\u2019une des rares possibilit\u00e9s d\u2019agir dans la soci\u00e9t\u00e9 civile en dehors de la sph\u00e8re familiale. Elles organisaient des cercles de lecture, cr\u00e9aient des initiatives sociales, d\u00e9veloppaient des offres de formation continue et faisaient entendre leur voix dans les d\u00e9bats eccl\u00e9siaux et politiques. Elles ont ainsi contribu\u00e9 de mani\u00e8re essentielle \u00e0 la coh\u00e9sion sociale.<\/p>\n\n\n\n<p>L\u2019exp\u00e9rience historique des associations rappelle combien les structures collectives sont cruciales pour organiser la solidarit\u00e9, garantir la participation sociale, rendre les voix audibles et faire vivre la communaut\u00e9 \u2014 hier comme aujourd\u2019hui. Mais les r\u00e9alit\u00e9s \u00e9voluent : charge professionnelle, obligations familiales et aspiration \u00e0 plus de flexibilit\u00e9 rendent les engagements \u00e0 long terme moins attrayants. Les structures rigides, les obligations de pr\u00e9sence et la faible affinit\u00e9 num\u00e9rique de certains comit\u00e9s rebutent les jeunes g\u00e9n\u00e9rations. S\u2019y ajoute la concurrence des communaut\u00e9s en ligne, qui favorisent des \u00e9changes rapides mais cr\u00e9ent des liens souvent moins durables.<\/p>\n\n\n\n<p>Il en r\u00e9sulte un paradoxe : d\u2019un c\u00f4t\u00e9, le besoin de communaut\u00e9 et de qu\u00eate de sens ne cesse de cro\u00eetre ; de l\u2019autre, de nombreuses personnes manquent de temps ou de volont\u00e9 pour s\u2019engager durablement.<\/p>\n\n\n\n<p>Le sociologue Hartmut Rosa parle de \u00ab r\u00e9sonance \u00bb pour d\u00e9crire une mani\u00e8re accomplie d\u2019entrer en relation avec le monde : elle na\u00eet lorsque les personnes se laissent toucher, se r\u00e9pondent et s\u2019influencent mutuellement. Dans une soci\u00e9t\u00e9 marqu\u00e9e par l\u2019acc\u00e9l\u00e9ration du rythme de vie et l\u2019individualisation, les associations permettent de vivre des exp\u00e9riences de proximit\u00e9, de lien et de reconnaissance r\u00e9ciproque.<\/p>\n\n\n\n<p>Cela appara\u00eet particuli\u00e8rement dans les domaines o\u00f9 le travail associatif d\u00e9ploie toute sa force : services de visite aux personnes \u00e2g\u00e9es, programmes pour les familles, actions d\u2019aide pour les r\u00e9fugi\u00e9\u00b7es, fonds de solidarit\u00e9 pour les m\u00e8res en situation de pauvret\u00e9 ou projets visant \u00e0 renforcer le vivre-ensemble.<\/p>\n\n\n\n<p>L\u2019avenir des associations d\u00e9pendra de leur capacit\u00e9 d\u2019adaptation : elles devront ouvrir de nouveaux espaces de participation, sans renoncer \u00e0 ce qui fait leur force.<\/p>\n","protected":false},"excerpt":{"rendered":"<p>L\u2019association fait partie du paysage culturel suisse. Plus de 90 000 associations fa\u00e7onnent la vie sociale, qu\u2019il s\u2019agisse de sport, de culture, de voisinage ou d\u2019\u00c9glise. Elles cr\u00e9ent des espaces o\u00f9 les personnes se rencontrent, ind\u00e9pendamment de leur origine, de leur \u00e2ge ou de leur statut social, ou encore des espaces qui rassemblent pr\u00e9cis\u00e9ment celles <a href=\"https:\/\/koff.swisspeace.ch\/apropos\/6019\/les-associations-au-coeur-de-la-cohesion-sociale\/\" class=\"more-link\">&#8230;<span class=\"screen-reader-text\">  Les associations \u2013 Au coeur de la coh\u00e9sion sociale<\/span><\/a><\/p>\n","protected":false},"author":3,"featured_media":6010,"comment_status":"closed","ping_status":"closed","sticky":false,"template":"","format":"standard","meta":{"advgb_blocks_editor_width":"","advgb_blocks_columns_visual_guide":""},"categories":[113],"tags":[],"issue":[398],"acf":[],"author_meta":{"display_name":"\u00e0 propos","author_link":"https:\/\/koff.swisspeace.ch\/apropos\/author\/apropos\/"},"featured_img":"https:\/\/koff.swisspeace.ch\/apropos\/wp-content\/uploads\/2025\/09\/Delegiertenversammlung-Frauenbund-Schweiz-202_-Copyright-Aya-Balbaaki-600x331.jpg","coauthors":[],"tax_additional":{"categories":{"linked":["<a href=\"https:\/\/koff.swisspeace.ch\/apropos\/category\/reports-fr\/\" class=\"advgb-post-tax-term\">Dossier<\/a>"],"unlinked":["<span class=\"advgb-post-tax-term\">Dossier<\/span>"]}},"comment_count":0,"relative_dates":{"created":"Posted 11 months ago","modified":"Updated 11 months ago"},"absolute_dates":{"created":"Posted on October 2, 2025","modified":"Updated on October 2, 2025"},"absolute_dates_time":{"created":"Posted on October 2, 2025 3:54 pm","modified":"Updated on October 2, 2025 3:54 pm"},"featured_img_caption":"","series_order":null,"_links":{"self":[{"href":"https:\/\/koff.swisspeace.ch\/apropos\/wp-json\/wp\/v2\/posts\/6019"}],"collection":[{"href":"https:\/\/koff.swisspeace.ch\/apropos\/wp-json\/wp\/v2\/posts"}],"about":[{"href":"https:\/\/koff.swisspeace.ch\/apropos\/wp-json\/wp\/v2\/types\/post"}],"author":[{"embeddable":true,"href":"https:\/\/koff.swisspeace.ch\/apropos\/wp-json\/wp\/v2\/users\/3"}],"replies":[{"embeddable":true,"href":"https:\/\/koff.swisspeace.ch\/apropos\/wp-json\/wp\/v2\/comments?post=6019"}],"version-history":[{"count":6,"href":"https:\/\/koff.swisspeace.ch\/apropos\/wp-json\/wp\/v2\/posts\/6019\/revisions"}],"predecessor-version":[{"id":6345,"href":"https:\/\/koff.swisspeace.ch\/apropos\/wp-json\/wp\/v2\/posts\/6019\/revisions\/6345"}],"wp:featuredmedia":[{"embeddable":true,"href":"https:\/\/koff.swisspeace.ch\/apropos\/wp-json\/wp\/v2\/media\/6010"}],"wp:attachment":[{"href":"https:\/\/koff.swisspeace.ch\/apropos\/wp-json\/wp\/v2\/media?parent=6019"}],"wp:term":[{"taxonomy":"category","embeddable":true,"href":"https:\/\/koff.swisspeace.ch\/apropos\/wp-json\/wp\/v2\/categories?post=6019"},{"taxonomy":"post_tag","embeddable":true,"href":"https:\/\/koff.swisspeace.ch\/apropos\/wp-json\/wp\/v2\/tags?post=6019"},{"taxonomy":"issue","embeddable":true,"href":"https:\/\/koff.swisspeace.ch\/apropos\/wp-json\/wp\/v2\/issue?post=6019"}],"curies":[{"name":"wp","href":"https:\/\/api.w.org\/{rel}","templated":true}]}}