{"id":6070,"date":"2025-10-02T15:54:50","date_gmt":"2025-10-02T15:54:50","guid":{"rendered":"https:\/\/koff.swisspeace.ch\/apropos\/?p=6070"},"modified":"2025-10-10T12:38:48","modified_gmt":"2025-10-10T12:38:48","slug":"zeiten-der-fragmentierung-wege-zum-sozialen-zusammenhalt","status":"publish","type":"post","link":"https:\/\/koff.swisspeace.ch\/apropos\/6070\/zeiten-der-fragmentierung-wege-zum-sozialen-zusammenhalt\/","title":{"rendered":"Zeiten der Fragmentierung \u2013 Wege zum Sozialen Zusammenhalt"},"content":{"rendered":"\n<div class=\"wp-block-advgb-images-slider advgb-images-slider-block advg-images-slider-dff20932-07c1-45cd-8181-2b8f52cc4112\"><div class=\"advgb-images-slider\" dir=\"ltr\"><div class=\"advgb-image-slider-item\"><img decoding=\"async\" src=\"https:\/\/koff.swisspeace.ch\/apropos\/wp-content\/uploads\/2025\/10\/a-propos-social-cohesion-banner.jpg\" class=\"advgb-image-slider-img\" alt=\"\" style=\"width:100%;height:auto\"\/><div class=\"advgb-image-slider-item-info\" style=\"justify-content:flex-end;align-items:center\"><a class=\"advgb-image-slider-overlay\" target=\"_blank\" rel=\"noopener noreferrer\" href=\"#\" style=\"opacity:0.5\"><\/a><\/div><\/div><div class=\"advgb-image-slider-item\"><img decoding=\"async\" src=\"https:\/\/koff.swisspeace.ch\/apropos\/wp-content\/uploads\/2025\/09\/WBPWAG190.jpg\" class=\"advgb-image-slider-img\" alt=\"Post-Konflikt Nepal \u2013 Feministischer Aufruf f\u00fcr sozialen Zusammenhalt\" style=\"width:100%;height:auto\"\/><div class=\"advgb-image-slider-item-info\" style=\"justify-content:flex-end;align-items:center\"><a class=\"advgb-image-slider-overlay\" target=\"_blank\" rel=\"noopener noreferrer\" href=\"https:\/\/koff.swisspeace.ch\/apropos\/?p=5936&amp;preview=true&amp;_thumbnail_id=5935\" style=\"opacity:0.5\"><\/a><h4 class=\"advgb-image-slider-title\">Post-Konflikt Nepal \u2013 Feministischer Aufruf f\u00fcr sozialen Zusammenhalt<\/h4><\/div><\/div><div class=\"advgb-image-slider-item\"><img decoding=\"async\" src=\"https:\/\/koff.swisspeace.ch\/apropos\/wp-content\/uploads\/2025\/09\/WBTDH190-1.jpg\" class=\"advgb-image-slider-img\" alt=\"Stimmen junger Menschen z\u00e4hlen \u2013 F\u00fcr eine koh\u00e4sivere Gesellschaft\" style=\"width:100%;height:auto\"\/><div class=\"advgb-image-slider-item-info\" style=\"justify-content:flex-end;align-items:center\"><a class=\"advgb-image-slider-overlay\" target=\"_blank\" rel=\"noopener noreferrer\" href=\"https:\/\/koff.swisspeace.ch\/apropos\/?p=5890&amp;preview=true&amp;_thumbnail_id=6064\" style=\"opacity:0.5\"><\/a><h4 class=\"advgb-image-slider-title\">Stimmen junger Menschen z\u00e4hlen \u2013 F\u00fcr eine koh\u00e4sivere Gesellschaft<\/h4><\/div><\/div><div class=\"advgb-image-slider-item\"><img decoding=\"async\" src=\"https:\/\/koff.swisspeace.ch\/apropos\/wp-content\/uploads\/2025\/09\/EDABILD190.jpg\" class=\"advgb-image-slider-img\" alt=\"Die DEZA in Burkina Faso \u2013 Programm f\u00fcr Frieden und sozialen Zusammenhalt\" style=\"width:100%;height:auto\"\/><div class=\"advgb-image-slider-item-info\" style=\"justify-content:flex-end;align-items:center\"><a class=\"advgb-image-slider-overlay\" target=\"_blank\" rel=\"noopener noreferrer\" href=\"https:\/\/koff.swisspeace.ch\/apropos\/?p=5922&amp;preview=true&amp;_thumbnail_id=5916\" style=\"opacity:0.5\"><\/a><h4 class=\"advgb-image-slider-title\">Die DEZA in Burkina Faso \u2013 Programm f\u00fcr Frieden und sozialen Zusammenhalt<\/h4><\/div><\/div><div class=\"advgb-image-slider-item\"><img decoding=\"async\" src=\"https:\/\/koff.swisspeace.ch\/apropos\/wp-content\/uploads\/2025\/09\/WB190CSF.jpg\" class=\"advgb-image-slider-img\" alt=\"Begegnung im Bundesasylzentrum \u2013 Wie Kochen Vertrauen schafft\" style=\"width:100%;height:auto\"\/><div class=\"advgb-image-slider-item-info\" style=\"justify-content:flex-end;align-items:center\"><a class=\"advgb-image-slider-overlay\" target=\"_blank\" rel=\"noopener noreferrer\" href=\"https:\/\/koff.swisspeace.ch\/apropos\/?p=5962&amp;preview=true&amp;_thumbnail_id=5956\" style=\"opacity:0.5\"><\/a><h4 class=\"advgb-image-slider-title\">Begegnung im Bundesasylzentrum \u2013 Wie Kochen Vertrauen schafft<\/h4><\/div><\/div><\/div><\/div>\n\n\n\n<p>In der aktuellen soziopolitischen Lage, gepr\u00e4gt von Polarisierung, Korruption, schwindendem Vertrauen und anhaltenden Konflikten, sind R\u00e4ume, in denen Menschen einander begegnen, ins Gespr\u00e4ch kommen und Ideen austauschen k\u00f6nnen \u00fcber Unterschiede in Herkunft, Alter oder sozialem Status hinweg, nach wie vor selten. Doch sozialer Zusammenhalt \u2013 der \u00abKitt\u00bb, der Gemeinschaften zusammenh\u00e4lt, wie die <a href=\"https:\/\/unece.org\/sites\/default\/files\/2023-12\/2317603_E_ECE_CES_STAT_2023_8_WEB.pdf\">UNECE<\/a> es nennt \u2013 ist ein zentrales Werkzeug der Friedensf\u00f6rderung. Er st\u00e4rkt Zugeh\u00f6rigkeit, Vertrauen und gegenseitigen Respekt und tr\u00e4gt so dazu bei, Konflikte zu verhindern \u2013 nicht nur in Krisen- oder Nachkriegssituationen, sondern auch f\u00fcr die Aufrechterhaltung eines nachhaltigen Friedens.<\/p>\n\n\n\n<p>In dieser Oktober-Ausgabe von \u00e0 propos teilen KOFF-Autor:innen Ans\u00e4tze und Mechanismen, um sozialen Zusammenhalt zu bewahren, zu st\u00e4rken oder wiederherzustellen. So vielf\u00e4ltig wie die gesellschaftlichen Bruchlinien sind, so vielf\u00e4ltig sind auch die Wege, sie zu \u00fcberbr\u00fccken. Diese Ausgabe stellt einige kreative Beispiele vor: biografisches Storytelling und Dialog, Kunst und Kultur, gemeinsames Kochen, Vereinsgr\u00fcndungen, Heilung von generationen\u00fcbergreifender Traumata oder der Umgang mit Konflikten um gemeinschaftliches Land.<\/p>\n\n\n\n<p>Diese Bem\u00fchungen sind anspruchsvoll angesichts anhaltender Ungleichheiten, Machtungleichgewichte und sich \u00fcberschneidender Identit\u00e4ten. Sie werfen Fragen nach Wirksamkeit, Legitimit\u00e4t und \u00fcberm\u00e4\u00dfiger Institutionalisierung auf. F\u00fcr mehr sozialen Zusammenhalt ist es entscheidend, dass marginalisierte Gruppen \u2013 etwa Frauen, Jugendliche und Gefl\u00fcchtete \u2013 den Prozess aktiv mitgestalten und sowohl gemeinsam mit den lokalen Gemeinschaften als auch mit Beh\u00f6rden einbezogen werden.<\/p>\n\n\n\n<p>Tauchen Sie ein in unterschiedliche Kontexte, in denen das soziale Gef\u00fcge zerbrochen ist, und entdecken Sie Ans\u00e4tze, um es zu st\u00e4rken f\u00fcr widerstandsf\u00e4higere Gesellschaften, die Frieden langfristig erhalten k\u00f6nnen.<\/p>\n\n\n\n<p>Ich w\u00fcnsche Ihnen eine angenehme Lekt\u00fcre.<br>Sanjally Jobarteh<br>Herausgeberin <a rel=\"noreferrer noopener\" href=\"https:\/\/koff.swisspeace.ch\/\" target=\"_blank\">KOFF-Magazin<\/a><\/p>\n","protected":false},"excerpt":{"rendered":"<p>In der aktuellen soziopolitischen Lage, gepr\u00e4gt von Polarisierung, Korruption, schwindendem Vertrauen und anhaltenden Konflikten, sind R\u00e4ume, in denen Menschen einander begegnen, ins Gespr\u00e4ch kommen und Ideen austauschen k\u00f6nnen \u00fcber Unterschiede in Herkunft, Alter oder sozialem Status hinweg, nach wie vor selten. Doch sozialer Zusammenhalt \u2013 der \u00abKitt\u00bb, der Gemeinschaften zusammenh\u00e4lt, wie die UNECE es nennt <a href=\"https:\/\/koff.swisspeace.ch\/apropos\/6070\/zeiten-der-fragmentierung-wege-zum-sozialen-zusammenhalt\/\" class=\"more-link\">&#8230;<span class=\"screen-reader-text\">  Zeiten der Fragmentierung \u2013 Wege zum Sozialen Zusammenhalt<\/span><\/a><\/p>\n","protected":false},"author":3,"featured_media":0,"comment_status":"closed","ping_status":"closed","sticky":false,"template":"","format":"standard","meta":{"advgb_blocks_editor_width":"","advgb_blocks_columns_visual_guide":""},"categories":[26],"tags":[],"issue":[396],"acf":[],"author_meta":{"display_name":"\u00e0 propos","author_link":"https:\/\/koff.swisspeace.ch\/apropos\/author\/apropos\/"},"featured_img":null,"coauthors":[],"tax_additional":{"categories":{"linked":["<a href=\"https:\/\/koff.swisspeace.ch\/apropos\/category\/editorial-de\/\" class=\"advgb-post-tax-term\">Editorial<\/a>"],"unlinked":["<span class=\"advgb-post-tax-term\">Editorial<\/span>"]}},"comment_count":0,"relative_dates":{"created":"Posted 11 months ago","modified":"Updated 11 months ago"},"absolute_dates":{"created":"Posted on October 2, 2025","modified":"Updated on October 10, 2025"},"absolute_dates_time":{"created":"Posted on October 2, 2025 3:54 pm","modified":"Updated on October 10, 2025 12:38 pm"},"featured_img_caption":"","series_order":null,"_links":{"self":[{"href":"https:\/\/koff.swisspeace.ch\/apropos\/wp-json\/wp\/v2\/posts\/6070"}],"collection":[{"href":"https:\/\/koff.swisspeace.ch\/apropos\/wp-json\/wp\/v2\/posts"}],"about":[{"href":"https:\/\/koff.swisspeace.ch\/apropos\/wp-json\/wp\/v2\/types\/post"}],"author":[{"embeddable":true,"href":"https:\/\/koff.swisspeace.ch\/apropos\/wp-json\/wp\/v2\/users\/3"}],"replies":[{"embeddable":true,"href":"https:\/\/koff.swisspeace.ch\/apropos\/wp-json\/wp\/v2\/comments?post=6070"}],"version-history":[{"count":9,"href":"https:\/\/koff.swisspeace.ch\/apropos\/wp-json\/wp\/v2\/posts\/6070\/revisions"}],"predecessor-version":[{"id":6656,"href":"https:\/\/koff.swisspeace.ch\/apropos\/wp-json\/wp\/v2\/posts\/6070\/revisions\/6656"}],"wp:attachment":[{"href":"https:\/\/koff.swisspeace.ch\/apropos\/wp-json\/wp\/v2\/media?parent=6070"}],"wp:term":[{"taxonomy":"category","embeddable":true,"href":"https:\/\/koff.swisspeace.ch\/apropos\/wp-json\/wp\/v2\/categories?post=6070"},{"taxonomy":"post_tag","embeddable":true,"href":"https:\/\/koff.swisspeace.ch\/apropos\/wp-json\/wp\/v2\/tags?post=6070"},{"taxonomy":"issue","embeddable":true,"href":"https:\/\/koff.swisspeace.ch\/apropos\/wp-json\/wp\/v2\/issue?post=6070"}],"curies":[{"name":"wp","href":"https:\/\/api.w.org\/{rel}","templated":true}]}}