{"id":6074,"date":"2025-10-02T15:54:45","date_gmt":"2025-10-02T15:54:45","guid":{"rendered":"https:\/\/koff.swisspeace.ch\/apropos\/?p=6074"},"modified":"2025-10-10T12:37:41","modified_gmt":"2025-10-10T12:37:41","slug":"a-lere-de-la-fragmentation-voies-vers-la-cohesion-sociale","status":"publish","type":"post","link":"https:\/\/koff.swisspeace.ch\/apropos\/6074\/a-lere-de-la-fragmentation-voies-vers-la-cohesion-sociale\/","title":{"rendered":"A l\u2019\u00e8re de la fragmentation \u2013 Voies vers la coh\u00e9sion sociale"},"content":{"rendered":"\n<div class=\"wp-block-advgb-images-slider advgb-images-slider-block advg-images-slider-1d3f0da3-0901-468f-b8ba-bced9618caaa\"><div class=\"advgb-images-slider\" dir=\"ltr\"><div class=\"advgb-image-slider-item\"><img decoding=\"async\" src=\"https:\/\/koff.swisspeace.ch\/apropos\/wp-content\/uploads\/2025\/10\/a-propos-social-cohesion-banner.jpg\" class=\"advgb-image-slider-img\" alt=\"\" style=\"width:100%;height:auto\"\/><div class=\"advgb-image-slider-item-info\" style=\"justify-content:flex-end;align-items:center\"><a class=\"advgb-image-slider-overlay\" target=\"_blank\" rel=\"noopener noreferrer\" href=\"#\" style=\"opacity:0.5\"><\/a><\/div><\/div><div class=\"advgb-image-slider-item\"><img decoding=\"async\" src=\"https:\/\/koff.swisspeace.ch\/apropos\/wp-content\/uploads\/2025\/09\/WBPWAG190.jpg\" class=\"advgb-image-slider-img\" alt=\"N\u00e9pal \u2013  Un appel f\u00e9ministe pour la coh\u00e9sion sociale post-conflit\" style=\"width:100%;height:auto\"\/><div class=\"advgb-image-slider-item-info\" style=\"justify-content:flex-end;align-items:center\"><a class=\"advgb-image-slider-overlay\" target=\"_blank\" rel=\"noopener noreferrer\" href=\"https:\/\/koff.swisspeace.ch\/apropos\/?p=5943&amp;preview=true&amp;_thumbnail_id=5935\" style=\"opacity:0.5\"><\/a><h4 class=\"advgb-image-slider-title\">N\u00e9pal \u2013  Un appel f\u00e9ministe pour la coh\u00e9sion sociale post-conflit<\/h4><\/div><\/div><div class=\"advgb-image-slider-item\"><img decoding=\"async\" src=\"https:\/\/koff.swisspeace.ch\/apropos\/wp-content\/uploads\/2025\/09\/WBTDH190-1.jpg\" class=\"advgb-image-slider-img\" alt=\"La voix des jeunes compte \u2014 Pour une soci\u00e9t\u00e9 plus coh\u00e9sive\" style=\"width:100%;height:auto\"\/><div class=\"advgb-image-slider-item-info\" style=\"justify-content:flex-end;align-items:center\"><a class=\"advgb-image-slider-overlay\" target=\"_blank\" rel=\"noopener noreferrer\" href=\"https:\/\/koff.swisspeace.ch\/apropos\/?p=5894&amp;preview=true&amp;_thumbnail_id=6064\" style=\"opacity:0.5\"><\/a><h4 class=\"advgb-image-slider-title\">La voix des jeunes compte \u2014 Pour une soci\u00e9t\u00e9 plus coh\u00e9sive<\/h4><\/div><\/div><div class=\"advgb-image-slider-item\"><img decoding=\"async\" src=\"https:\/\/koff.swisspeace.ch\/apropos\/wp-content\/uploads\/2025\/09\/EDABILD190.jpg\" class=\"advgb-image-slider-img\" alt=\"La DDC au Burkina Faso \u2013 Programme paix et coh\u00e9sion sociale\" style=\"width:100%;height:auto\"\/><div class=\"advgb-image-slider-item-info\" style=\"justify-content:flex-end;align-items:center\"><a class=\"advgb-image-slider-overlay\" target=\"_blank\" rel=\"noopener noreferrer\" href=\"https:\/\/koff.swisspeace.ch\/apropos\/?p=5919&amp;preview=true&amp;_thumbnail_id=5916\" style=\"opacity:0.5\"><\/a><h4 class=\"advgb-image-slider-title\">La DDC au Burkina Faso \u2013 Programme paix et coh\u00e9sion sociale<\/h4><\/div><\/div><div class=\"advgb-image-slider-item\"><img decoding=\"async\" src=\"https:\/\/koff.swisspeace.ch\/apropos\/wp-content\/uploads\/2025\/09\/WB190CSF.jpg\" class=\"advgb-image-slider-img\" alt=\"Rencontre au centre f\u00e9d\u00e9ral pour requ\u00e9rant\u00b7es d\u2019asile \u2013 Quand cuisiner instaure la confiance\" style=\"width:100%;height:auto\"\/><div class=\"advgb-image-slider-item-info\" style=\"justify-content:flex-end;align-items:center\"><a class=\"advgb-image-slider-overlay\" target=\"_blank\" rel=\"noopener noreferrer\" href=\"https:\/\/koff.swisspeace.ch\/apropos\/?p=5965&amp;preview=true&amp;_thumbnail_id=5956\" style=\"opacity:0.5\"><\/a><h4 class=\"advgb-image-slider-title\">Rencontre au centre f\u00e9d\u00e9ral pour requ\u00e9rant\u00b7es d\u2019asile \u2013 Quand cuisiner instaure la confiance<\/h4><\/div><\/div><\/div><\/div>\n\n\n\n<p>Dans un climat socio-politique actuel marqu\u00e9 par la polarisation, la corruption, la m\u00e9fiance et des conflits persistants, les espaces o\u00f9 les personnes peuvent se rencontrer, \u00e9changer et cr\u00e9er du lien, au-del\u00e0 des diff\u00e9rences d\u2019origine, d\u2019\u00e2ge ou de statut social, demeurent rares. Pourtant, la coh\u00e9sion sociale, cette \u00ab colle \u00bb qui unit les communaut\u00e9s (selon la <a href=\"https:\/\/unece.org\/sites\/default\/files\/2023-12\/2317603_E_ECE_CES_STAT_2023_8_WEB.pdf\">CEE-ONU<\/a>) reste un levier essentiel de consolidation de la paix. Elle favorise le sentiment d\u2019appartenance, la confiance et le respect mutuel, contribuant ainsi \u00e0 pr\u00e9venir les conflits, non seulement en situation de crise ou de post-conflit, et ouvre la voie vers la paix durable.<br>Dans l\u2019\u00e9dition d&#8217;octobre d\u2019\u00e0 propos, les contributrices et contributeurs de KOFF partagent des approches et m\u00e9canismes pour pr\u00e9server, renforcer ou restaurer cette coh\u00e9sion sociale. Les fractures sociales \u00e9tant multiples, les mani\u00e8res de les combler le sont aussi. Cette \u00e9dition pr\u00e9sente des exemples cr\u00e9atifs : le r\u00e9cit biographique et le dialogue, l\u2019art et la culture, la cuisine collective, la cr\u00e9ation d\u2019associations, la gu\u00e9rison des traumatismes interg\u00e9n\u00e9rationnels ou la mise en place de terres communales.<br>Ces efforts restent ardus face aux in\u00e9galit\u00e9s persistantes, aux d\u00e9s\u00e9quilibres de pouvoir et aux identit\u00e9s qui s\u2019entrecroisent. Ils soul\u00e8vent des questions sur l\u2019efficacit\u00e9, la l\u00e9gitimit\u00e9 et le risque d\u2019une institutionnalisation excessive. Dans la qu\u00eate de coh\u00e9sion sociale, il est indispensable de garantir que les groupes marginalis\u00e9s, tels que les femmes, les jeunes et les personnes r\u00e9fugi\u00e9es, puissent v\u00e9ritablement fa\u00e7onner ces processus, tout en impliquant \u00e0 la fois les communaut\u00e9s locales et les autorit\u00e9s.<br>Plongez dans diff\u00e9rents contextes fragment\u00e9s et d\u00e9couvrez des fa\u00e7ons de retisser les liens, pour des soci\u00e9t\u00e9s plus r\u00e9silientes et capables de maintenir la paix durablement.<br>Bonne lecture !<\/p>\n\n\n\n<p>Je vous souhaite une agr\u00e9able lecture,<br>Sanjally Jobarteh<br>R\u00e9dactrice du magazine de <a rel=\"noreferrer noopener\" href=\"https:\/\/koff.swisspeace.ch\/\" target=\"_blank\">KOFF<\/a><\/p>\n","protected":false},"excerpt":{"rendered":"<p>Dans un climat socio-politique actuel marqu\u00e9 par la polarisation, la corruption, la m\u00e9fiance et des conflits persistants, les espaces o\u00f9 les personnes peuvent se rencontrer, \u00e9changer et cr\u00e9er du lien, au-del\u00e0 des diff\u00e9rences d\u2019origine, d\u2019\u00e2ge ou de statut social, demeurent rares. Pourtant, la coh\u00e9sion sociale, cette \u00ab colle \u00bb qui unit les communaut\u00e9s (selon la <a href=\"https:\/\/koff.swisspeace.ch\/apropos\/6074\/a-lere-de-la-fragmentation-voies-vers-la-cohesion-sociale\/\" class=\"more-link\">&#8230;<span class=\"screen-reader-text\">  A l\u2019\u00e8re de la fragmentation \u2013 Voies vers la coh\u00e9sion sociale<\/span><\/a><\/p>\n","protected":false},"author":3,"featured_media":0,"comment_status":"closed","ping_status":"closed","sticky":false,"template":"","format":"standard","meta":{"advgb_blocks_editor_width":"","advgb_blocks_columns_visual_guide":""},"categories":[87],"tags":[],"issue":[398],"acf":[],"author_meta":{"display_name":"\u00e0 propos","author_link":"https:\/\/koff.swisspeace.ch\/apropos\/author\/apropos\/"},"featured_img":null,"coauthors":[],"tax_additional":{"categories":{"linked":["<a href=\"https:\/\/koff.swisspeace.ch\/apropos\/category\/editorial-fr\/\" class=\"advgb-post-tax-term\">\u00c9ditorial<\/a>"],"unlinked":["<span class=\"advgb-post-tax-term\">\u00c9ditorial<\/span>"]}},"comment_count":0,"relative_dates":{"created":"Posted 11 months ago","modified":"Updated 11 months ago"},"absolute_dates":{"created":"Posted on October 2, 2025","modified":"Updated on October 10, 2025"},"absolute_dates_time":{"created":"Posted on October 2, 2025 3:54 pm","modified":"Updated on October 10, 2025 12:37 pm"},"featured_img_caption":"","series_order":null,"_links":{"self":[{"href":"https:\/\/koff.swisspeace.ch\/apropos\/wp-json\/wp\/v2\/posts\/6074"}],"collection":[{"href":"https:\/\/koff.swisspeace.ch\/apropos\/wp-json\/wp\/v2\/posts"}],"about":[{"href":"https:\/\/koff.swisspeace.ch\/apropos\/wp-json\/wp\/v2\/types\/post"}],"author":[{"embeddable":true,"href":"https:\/\/koff.swisspeace.ch\/apropos\/wp-json\/wp\/v2\/users\/3"}],"replies":[{"embeddable":true,"href":"https:\/\/koff.swisspeace.ch\/apropos\/wp-json\/wp\/v2\/comments?post=6074"}],"version-history":[{"count":8,"href":"https:\/\/koff.swisspeace.ch\/apropos\/wp-json\/wp\/v2\/posts\/6074\/revisions"}],"predecessor-version":[{"id":6475,"href":"https:\/\/koff.swisspeace.ch\/apropos\/wp-json\/wp\/v2\/posts\/6074\/revisions\/6475"}],"wp:attachment":[{"href":"https:\/\/koff.swisspeace.ch\/apropos\/wp-json\/wp\/v2\/media?parent=6074"}],"wp:term":[{"taxonomy":"category","embeddable":true,"href":"https:\/\/koff.swisspeace.ch\/apropos\/wp-json\/wp\/v2\/categories?post=6074"},{"taxonomy":"post_tag","embeddable":true,"href":"https:\/\/koff.swisspeace.ch\/apropos\/wp-json\/wp\/v2\/tags?post=6074"},{"taxonomy":"issue","embeddable":true,"href":"https:\/\/koff.swisspeace.ch\/apropos\/wp-json\/wp\/v2\/issue?post=6074"}],"curies":[{"name":"wp","href":"https:\/\/api.w.org\/{rel}","templated":true}]}}