{"id":6100,"date":"2025-10-02T15:54:50","date_gmt":"2025-10-02T15:54:50","guid":{"rendered":"https:\/\/koff.swisspeace.ch\/apropos\/?p=6100"},"modified":"2025-10-02T15:54:50","modified_gmt":"2025-10-02T15:54:50","slug":"events-23","status":"publish","type":"post","link":"https:\/\/koff.swisspeace.ch\/apropos\/6100\/events-23\/","title":{"rendered":"Events"},"content":{"rendered":"\n<p><strong>Geneva Peace Week<br>13. &#8211; 17. Oktober 2025<\/strong><\/p>\n\n\n\n<p>Die Geneva Peace Week ist ein f\u00fchrendes j\u00e4hrliches Forum im internationalen Friedensf\u00f6rderungskalender, bei dem sich Organisationen in Genf und ihre internationalen Partner zusammenschliessen, um Wissen und Erfahrungen zu einer Vielzahl von Themen rund um Frieden in unterschiedlichen Kontexten und Disziplinen auszutauschen.<\/p>\n\n\n\n<p>Mehrere KOFF-Organisationen werden an dieser Ausgabe teilnehmen und Podiumsdiskussionen sowie Workshops durchf\u00fchren.<\/p>\n\n\n\n<p>Weitere Informationen &amp; Anmeldung <a rel=\"noreferrer noopener\" href=\"https:\/\/www.genevapeaceweek.ch\/en\/programme\" target=\"_blank\">hier<\/a>.<\/p>\n\n\n\n<p><strong>KOFF Rundtisch \u00abPsychische Gesundheit und psychosoziale Unterst\u00fctzung f\u00fcr nachhaltigen Frieden\u00bb<\/strong><br><strong>15. Oktober 2025, 14:30\u201316:00 Uhr, online<\/strong><\/p>\n\n\n\n<p>In diesem KOFF Rundtisch diskutieren die Teilnehmenden gemeinsam mit der swisspeace-Expertin Pamela Favre, wie eine Perspektive der psychischen Gesundheit und psychosozialen Unterst\u00fctzung (Mental Health and Psychosocial Support, MHPSS) einen Ansatzpunkt f\u00fcr nachhaltigen Frieden bieten kann, indem sie Traumata angeht, das soziale Gef\u00fcge st\u00e4rkt und Zusammenhalt und Vers\u00f6hnung f\u00f6rdert.<\/p>\n\n\n\n<p>Anmeldung <a href=\"https:\/\/invtdu.to\/_7krvk\" target=\"_blank\" rel=\"noreferrer noopener\">hier<\/a>.<\/p>\n\n\n\n<p><strong>terre des hommes schweiz beim Culturescapes-Festival<\/strong><br><strong>21. Oktober &#8211; 2. November<\/strong> <strong>2025, Basel<\/strong><\/p>\n\n\n\n<p>terre des hommes schweiz ist vom 21. Oktober bis 2. November Partnerin zum Thema Westsahara beim sparten\u00fcbergreifenden Kunstfestival Culturescapes. Ein H\u00f6hepunkt ist das multimediale <a href=\"https:\/\/www.terredeshommesschweiz.ch\/westsahara-culturescapes\/\">Artivismus-Projekt \u00abJaimitna\u00bb<\/a>, das in der Basler Markthalle zu sehen ist.<\/p>\n\n\n\n<p>Der West-Sahara-Konflikt ist vergessen. Die Unsichtbarkeit des Konflikts ist eine Strategie der Besetzungsmacht. Das Volk der Sahraui versucht sein Recht auf Selbstbestimmung mit friedlichen Methoden durchzusetzen. Diesem friedlichen Kampf zu mehr Sichtbarkeit zu verhelfen, bedeutet auf eine friedliche Konfliktl\u00f6sung zu setzen.<\/p>\n\n\n\n<p>Wir freuen uns auf einen anregenden Austausch beim Culturescapes Festival.<\/p>\n\n\n\n<p>Weitere Informationen &amp; Anmeldung <a rel=\"noreferrer noopener\" href=\"https:\/\/www.terredeshommesschweiz.ch\/westsahara-culturescapes\/\" target=\"_blank\">hier<\/a>.<\/p>\n\n\n\n<p><strong>Einladung zur Herbstversammlung der Frauen f\u00fcr den Frieden Schweiz<br>19. November 2025, im Begegnungszentrum KFB Katholischer Frauenbund, Basel<\/strong><\/p>\n\n\n\n<p>Treffen mit der Gruppe \u00abOmas gegen rechts schweiz\u00bb R\u00fctteln an der Gleichg\u00fcltigkeit.<\/p>\n\n\n\n<p>Weitere Informationen &amp; Anmeldung <a rel=\"noreferrer noopener\" href=\"https:\/\/files.designer.hoststar.ch\/27\/8c\/278c9513-8afb-4c0b-8a57-63c1abcdf44d.pdf\" target=\"_blank\">hier<\/a>.<\/p>\n\n\n\n<p><strong>Der Schweizerische Friedensrat wird 80<br>6. Dezember 2025, Z\u00fcrich<\/strong><\/p>\n\n\n\n<p>Im Dezember vor 80 Jahren wurde der Schweizerische Friedensrat gegr\u00fcndet. Am Samstag, 6. Dezember 2025 findet die Jubil\u00e4umsveranstaltung in Z\u00fcrich statt. Alle Interessierten sind herzlich eingeladen!<\/p>\n\n\n\n<p>Weitere Informationen &amp; Anmeldung <a href=\"https:\/\/www.friedensrat.ch\/event\/save-the-date-der-schweizerische-friedensrat-wird-80-jubilaeumsveranstaltung\/\" target=\"_blank\" rel=\"noreferrer noopener\">hier<\/a>.<\/p>\n","protected":false},"excerpt":{"rendered":"<p>Geneva Peace Week13. &#8211; 17. Oktober 2025 Die Geneva Peace Week ist ein f\u00fchrendes j\u00e4hrliches Forum im internationalen Friedensf\u00f6rderungskalender, bei dem sich Organisationen in Genf und ihre internationalen Partner zusammenschliessen, um Wissen und Erfahrungen zu einer Vielzahl von Themen rund um Frieden in unterschiedlichen Kontexten und Disziplinen auszutauschen. Mehrere KOFF-Organisationen werden an dieser Ausgabe teilnehmen <a href=\"https:\/\/koff.swisspeace.ch\/apropos\/6100\/events-23\/\" class=\"more-link\">&#8230;<span class=\"screen-reader-text\">  Events<\/span><\/a><\/p>\n","protected":false},"author":3,"featured_media":4842,"comment_status":"closed","ping_status":"closed","sticky":false,"template":"","format":"standard","meta":{"advgb_blocks_editor_width":"","advgb_blocks_columns_visual_guide":""},"categories":[93],"tags":[],"issue":[396],"acf":[],"author_meta":{"display_name":"\u00e0 propos","author_link":"https:\/\/koff.swisspeace.ch\/apropos\/author\/apropos\/"},"featured_img":"https:\/\/koff.swisspeace.ch\/apropos\/wp-content\/uploads\/2024\/12\/Icons-Events-600x332.png","coauthors":[],"tax_additional":{"categories":{"linked":["<a href=\"https:\/\/koff.swisspeace.ch\/apropos\/category\/calendar-de\/\" class=\"advgb-post-tax-term\">Kalender<\/a>"],"unlinked":["<span class=\"advgb-post-tax-term\">Kalender<\/span>"]}},"comment_count":0,"relative_dates":{"created":"Posted 11 months ago","modified":"Updated 11 months ago"},"absolute_dates":{"created":"Posted on October 2, 2025","modified":"Updated on October 2, 2025"},"absolute_dates_time":{"created":"Posted on October 2, 2025 3:54 pm","modified":"Updated on October 2, 2025 3:54 pm"},"featured_img_caption":"","series_order":null,"_links":{"self":[{"href":"https:\/\/koff.swisspeace.ch\/apropos\/wp-json\/wp\/v2\/posts\/6100"}],"collection":[{"href":"https:\/\/koff.swisspeace.ch\/apropos\/wp-json\/wp\/v2\/posts"}],"about":[{"href":"https:\/\/koff.swisspeace.ch\/apropos\/wp-json\/wp\/v2\/types\/post"}],"author":[{"embeddable":true,"href":"https:\/\/koff.swisspeace.ch\/apropos\/wp-json\/wp\/v2\/users\/3"}],"replies":[{"embeddable":true,"href":"https:\/\/koff.swisspeace.ch\/apropos\/wp-json\/wp\/v2\/comments?post=6100"}],"version-history":[{"count":15,"href":"https:\/\/koff.swisspeace.ch\/apropos\/wp-json\/wp\/v2\/posts\/6100\/revisions"}],"predecessor-version":[{"id":6435,"href":"https:\/\/koff.swisspeace.ch\/apropos\/wp-json\/wp\/v2\/posts\/6100\/revisions\/6435"}],"wp:featuredmedia":[{"embeddable":true,"href":"https:\/\/koff.swisspeace.ch\/apropos\/wp-json\/wp\/v2\/media\/4842"}],"wp:attachment":[{"href":"https:\/\/koff.swisspeace.ch\/apropos\/wp-json\/wp\/v2\/media?parent=6100"}],"wp:term":[{"taxonomy":"category","embeddable":true,"href":"https:\/\/koff.swisspeace.ch\/apropos\/wp-json\/wp\/v2\/categories?post=6100"},{"taxonomy":"post_tag","embeddable":true,"href":"https:\/\/koff.swisspeace.ch\/apropos\/wp-json\/wp\/v2\/tags?post=6100"},{"taxonomy":"issue","embeddable":true,"href":"https:\/\/koff.swisspeace.ch\/apropos\/wp-json\/wp\/v2\/issue?post=6100"}],"curies":[{"name":"wp","href":"https:\/\/api.w.org\/{rel}","templated":true}]}}