{"id":613,"date":"2023-02-23T16:36:55","date_gmt":"2023-02-23T16:36:55","guid":{"rendered":"https:\/\/koff.swisspeace.ch\/apropos\/?p=613"},"modified":"2023-03-08T11:29:04","modified_gmt":"2023-03-08T11:29:04","slug":"jenseits-der-nothilfe-die-ukrainische-gemeinschaft-der-mediatorinnen-und-dialog-moderatorinnen","status":"publish","type":"post","link":"https:\/\/koff.swisspeace.ch\/apropos\/613\/jenseits-der-nothilfe-die-ukrainische-gemeinschaft-der-mediatorinnen-und-dialog-moderatorinnen\/","title":{"rendered":"Jenseits der Nothilfe &#8211; die ukrainische Gemeinschaft der Mediator:innen und Dialog-Moderator:innen"},"content":{"rendered":"\n<p>Die russische Invasion der Ukraine am 24. Februar 2022 wurde von der ukrainischen Zivilgesellschaft mit umfangreichem Widerstand und sofortigen Reaktionen beantwortet &#8211; von der Evakuierung der Bev\u00f6lkerung bis hin zum Einsatz von Kunst als Mittel des gewaltlosen Widerstands. Seit Jahrzehnten hat die Gemeinschaft der Mediator:innen und Dialog-Moderator:innen (CoP) eine Kultur des Dialogs und der gewaltlosen Konfliktl\u00f6sung in der Ukraine gef\u00f6rdert und eine professionelle Identit\u00e4t entwickelt. Nach dem Kriegsbeginn in 2014, wurde die Gemeinschaft ein wichtiger Wegbereiter f\u00fcr sozialen Zusammenhalt und Widerstandsf\u00e4higkeit auf nationaler und lokaler Ebene.<\/p>\n\n\n\n<p><br>Die Gemeinschaft war in der Lage sich selbst zu mobilisieren und auf die Invasion im Februar 2022 zu reagieren. Sie versammelte ein Netzwerk aus 30 NGOs um ein <a href=\"https:\/\/md.ukma.edu.ua\/wp-content\/uploads\/2022\/05\/Public_Statement_War_and_Dialogue_Ukraine_ENG.pdf\">gemeinsames Statement zum Krieg und Dialog<\/a> zu formulieren. Seitdem haben Mediator:innen und Dialog-Moderator:innen mehrere ehrenamtliche Initiativen umgesetzt, um auf die Bed\u00fcrfnisse der Menschen vor Ort einzugehen und erm\u00f6glichten, sogar w\u00e4hrend des Kriegs, einen \u00dcbergang von Nothilfe zu Regenerierung und Entwicklung. Die gr\u00f6sste Innovation der CoP diesbez\u00fcglich war die Integration von psychologischer und psychosozialer Hilfe in die konventionelle Mediations- und Dialogarbeit im Rahmen der gemeinn\u00fctzigen Arbeit.<\/p>\n\n\n\n<p><br>Im April 2022 richtete die CoP mobile Teams aus Mediator:innenen und Psycholog:innen ein, die im Westen der Ukraine psychologische und Mediations-\/Dialogdienste f\u00fcr Binnenvertriebene und Aufnahmegemeinschaften in Unterk\u00fcnften und humanit\u00e4ren Zentren anbieten. Von April bis Dezember 2022 waren neun mobile Teams in <a href=\"http:\/\/mg.national-platform.org\/\" data-type=\"URL\" data-id=\"http:\/\/mg.national-platform.org\/\" target=\"_blank\" rel=\"noreferrer noopener\">Lwiw, Iwano-Frankiwsk, Czernowitz, Ternopil<\/a>, <a href=\"https:\/\/www.pro.drc.ngo\/media\/1udjbnu3\/june_drc-ukraine_newsletter.pdf\" target=\"_blank\" rel=\"noreferrer noopener\">Riwne, Stryi, Ushorod und Mukatschewo<\/a> im Einsatz, die von verschiedenen Spender:innen unterst\u00fctzt wurden. Erg\u00e4nzend dazu, boten CoP Mitglieder <a href=\"http:\/\/limu.org.ua\/en\/news\/za-mizhnarodnoyi-pidtrimki-ligha-miediatoriv-ukrayini-rozpochala-robotu-v-proiekti-simieina-miediatsiia-v-pieriod-viini\">Familienmediationsdienste<\/a> in Kombination mit psychosozialer Unterst\u00fctzung und Unterst\u00fctzung der psychologischen Gesundheit f\u00fcr Familien mit Kindern an, die vom Krieg betroffen sind. Sie arbeiteten mit Schulen, um Trauma-sensibles Konfliktbehandlungstraining f\u00fcr Erzieher:innen und Lehrer:innen anzubieten und die Konfliktl\u00f6sungsf\u00e4higkeiten von Kindern und Jugendlichen zu verbessern. Die CoP Mitglieder besch\u00e4ftigten sich aktiv mit der <a href=\"http:\/\/national-platform.org\/tpost\/ks0shr2cb1-responding-to-the-russian-invasion-from\">Forschung zu Konfliktreaktionspraktiken<\/a> innerhalb der ukrainischen Zivilgesellschaft und mit spaltenden\/verbindenden Narrativen in sozialen Medien. Basierend auf letztere Forschung realisierte ein Mitglied des CoP Netzwerks eine <a href=\"https:\/\/issuu.com\/ipcg\/docs\/social_cohesion_infocampaigns_eng\">nationale Kampagne<\/a> auf Social Media, die 20 Millionen Menschen erreichte, um verbindende Narrative zu f\u00f6rdern und gegen die spaltenden Narrative in der Gesellschaft anzugehen.<\/p>\n\n\n\n<p><br>Die Wiederbelebung der gesellschaftlichen Struktur, die durch den Krieg besch\u00e4digt wurde, ist notwendig, um eine zuk\u00fcnftige, ukrainische Gesellschaft wiederaufzubauen. Es ist wichtig dar\u00fcber auch in Zeiten von Krieg und neben der Nothilfe strategisch nachzudenken. Daher f\u00f6rdert und erprobt CoP derzeit integrative Dialoge auf Gemeindeebene zum Wiederaufbau vor Ort und entwickelt b\u00fcrgernahe Ans\u00e4tze f\u00fcr k\u00fcnftige \u00abTransitional Justice\u00bb.<\/p>\n","protected":false},"excerpt":{"rendered":"<p>Die russische Invasion der Ukraine am 24. Februar 2022 wurde von der ukrainischen Zivilgesellschaft mit umfangreichem Widerstand und sofortigen Reaktionen beantwortet &#8211; von der Evakuierung der Bev\u00f6lkerung bis hin zum Einsatz von Kunst als Mittel des gewaltlosen Widerstands. Seit Jahrzehnten hat die Gemeinschaft der Mediator:innen und Dialog-Moderator:innen (CoP) eine Kultur des Dialogs und der gewaltlosen <a href=\"https:\/\/koff.swisspeace.ch\/apropos\/613\/jenseits-der-nothilfe-die-ukrainische-gemeinschaft-der-mediatorinnen-und-dialog-moderatorinnen\/\" class=\"more-link\">&#8230;<span class=\"screen-reader-text\">  Jenseits der Nothilfe &#8211; die ukrainische Gemeinschaft der Mediator:innen und Dialog-Moderator:innen<\/span><\/a><\/p>\n","protected":false},"author":3,"featured_media":871,"comment_status":"open","ping_status":"open","sticky":false,"template":"","format":"standard","meta":{"advgb_blocks_editor_width":"","advgb_blocks_columns_visual_guide":""},"categories":[73],"tags":[],"issue":[133],"acf":[],"author_meta":{"display_name":"\u00e0 propos","author_link":"https:\/\/koff.swisspeace.ch\/apropos\/author\/apropos\/"},"featured_img":"https:\/\/koff.swisspeace.ch\/apropos\/wp-content\/uploads\/2023\/02\/WBswisspeace179-600x332.png","coauthors":[],"tax_additional":{"categories":{"linked":["<a href=\"https:\/\/koff.swisspeace.ch\/apropos\/category\/reports-de\/\" class=\"advgb-post-tax-term\">Dossier<\/a>"],"unlinked":["<span class=\"advgb-post-tax-term\">Dossier<\/span>"]}},"comment_count":0,"relative_dates":{"created":"Posted 4 years ago","modified":"Updated 3 years ago"},"absolute_dates":{"created":"Posted on February 23, 2023","modified":"Updated on March 8, 2023"},"absolute_dates_time":{"created":"Posted on February 23, 2023 4:36 pm","modified":"Updated on March 8, 2023 11:29 am"},"featured_img_caption":"","series_order":null,"_links":{"self":[{"href":"https:\/\/koff.swisspeace.ch\/apropos\/wp-json\/wp\/v2\/posts\/613"}],"collection":[{"href":"https:\/\/koff.swisspeace.ch\/apropos\/wp-json\/wp\/v2\/posts"}],"about":[{"href":"https:\/\/koff.swisspeace.ch\/apropos\/wp-json\/wp\/v2\/types\/post"}],"author":[{"embeddable":true,"href":"https:\/\/koff.swisspeace.ch\/apropos\/wp-json\/wp\/v2\/users\/3"}],"replies":[{"embeddable":true,"href":"https:\/\/koff.swisspeace.ch\/apropos\/wp-json\/wp\/v2\/comments?post=613"}],"version-history":[{"count":7,"href":"https:\/\/koff.swisspeace.ch\/apropos\/wp-json\/wp\/v2\/posts\/613\/revisions"}],"predecessor-version":[{"id":1183,"href":"https:\/\/koff.swisspeace.ch\/apropos\/wp-json\/wp\/v2\/posts\/613\/revisions\/1183"}],"wp:featuredmedia":[{"embeddable":true,"href":"https:\/\/koff.swisspeace.ch\/apropos\/wp-json\/wp\/v2\/media\/871"}],"wp:attachment":[{"href":"https:\/\/koff.swisspeace.ch\/apropos\/wp-json\/wp\/v2\/media?parent=613"}],"wp:term":[{"taxonomy":"category","embeddable":true,"href":"https:\/\/koff.swisspeace.ch\/apropos\/wp-json\/wp\/v2\/categories?post=613"},{"taxonomy":"post_tag","embeddable":true,"href":"https:\/\/koff.swisspeace.ch\/apropos\/wp-json\/wp\/v2\/tags?post=613"},{"taxonomy":"issue","embeddable":true,"href":"https:\/\/koff.swisspeace.ch\/apropos\/wp-json\/wp\/v2\/issue?post=613"}],"curies":[{"name":"wp","href":"https:\/\/api.w.org\/{rel}","templated":true}]}}