{"id":6140,"date":"2025-10-02T15:54:50","date_gmt":"2025-10-02T15:54:50","guid":{"rendered":"https:\/\/koff.swisspeace.ch\/apropos\/?p=6140"},"modified":"2025-10-02T15:54:50","modified_gmt":"2025-10-02T15:54:50","slug":"bewerben-sie-sich-fuer-den-kurs-preventing-violent-conflicts","status":"publish","type":"post","link":"https:\/\/koff.swisspeace.ch\/apropos\/6140\/bewerben-sie-sich-fuer-den-kurs-preventing-violent-conflicts\/","title":{"rendered":"Bewerben Sie sich f\u00fcr den Kurs \u00abPreventing Violent Conflicts\u00bb"},"content":{"rendered":"\n<p>In einer Welt, die von wachsenden Spannungen gepr\u00e4gt ist, war die Pr\u00e4vention von Konflikten, bevor sie gewaltsam eskalieren, noch nie so dringend wie heute. Die j\u00fcngsten Krisen in Libyen, Sudan, Jemen und dar\u00fcber hinaus haben die Bedeutung einer fr\u00fchzeitigen Risikobew\u00e4ltigung verdeutlicht. Daher r\u00fccken Mediations- und Friedensf\u00f6rderungsbem\u00fchungen zunehmend pr\u00e4ventive Strategien auf lokaler, nationaler und internationaler Ebene in den Mittelpunkt.<\/p>\n\n\n\n<p><a href=\"https:\/\/www.swisspeace.ch\/courses\/short-courses\/preventing-violent-conflicts\" target=\"_blank\" rel=\"noreferrer noopener\">Dieser Kurs<\/a> bietet den Teilnehmenden eine vertiefte Auseinandersetzung mit praxisnahen Instrumenten und Konzepten zur Pr\u00e4vention und Minderung von Konflikten. Sie setzen sich mit Ans\u00e4tzen wie Fr\u00fchwarn- und Fr\u00fchreaktionsmechanismen (EWER), inklusiven Dialogprozessen, Konfliktsensibilit\u00e4t, \u00dcbergangsjustiz, Vergangenheitsbew\u00e4ltigung und psychosozialer Unterst\u00fctzung auseinander. Der Kurs wird zudem die aufkommende Rolle von k\u00fcnstlicher Intelligenz und technologiebasierten L\u00f6sungen im Bereich der Konfliktpr\u00e4vention beleuchten.<\/p>\n","protected":false},"excerpt":{"rendered":"<p>In einer Welt, die von wachsenden Spannungen gepr\u00e4gt ist, war die Pr\u00e4vention von Konflikten, bevor sie gewaltsam eskalieren, noch nie so dringend wie heute. Die j\u00fcngsten Krisen in Libyen, Sudan, Jemen und dar\u00fcber hinaus haben die Bedeutung einer fr\u00fchzeitigen Risikobew\u00e4ltigung verdeutlicht. Daher r\u00fccken Mediations- und Friedensf\u00f6rderungsbem\u00fchungen zunehmend pr\u00e4ventive Strategien auf lokaler, nationaler und internationaler Ebene <a href=\"https:\/\/koff.swisspeace.ch\/apropos\/6140\/bewerben-sie-sich-fuer-den-kurs-preventing-violent-conflicts\/\" class=\"more-link\">&#8230;<span class=\"screen-reader-text\">  Bewerben Sie sich f\u00fcr den Kurs \u00abPreventing Violent Conflicts\u00bb<\/span><\/a><\/p>\n","protected":false},"author":3,"featured_media":6137,"comment_status":"closed","ping_status":"closed","sticky":false,"template":"","format":"standard","meta":{"advgb_blocks_editor_width":"","advgb_blocks_columns_visual_guide":""},"categories":[71],"tags":[],"issue":[396],"acf":[],"author_meta":{"display_name":"\u00e0 propos","author_link":"https:\/\/koff.swisspeace.ch\/apropos\/author\/apropos\/"},"featured_img":"https:\/\/koff.swisspeace.ch\/apropos\/wp-content\/uploads\/2025\/09\/1Newsswisspeace190-1-600x332.jpg","coauthors":[],"tax_additional":{"categories":{"linked":["<a href=\"https:\/\/koff.swisspeace.ch\/apropos\/category\/news-de\/\" class=\"advgb-post-tax-term\">Aktuell<\/a>"],"unlinked":["<span class=\"advgb-post-tax-term\">Aktuell<\/span>"]}},"comment_count":0,"relative_dates":{"created":"Posted 11 months ago","modified":"Updated 11 months ago"},"absolute_dates":{"created":"Posted on October 2, 2025","modified":"Updated on October 2, 2025"},"absolute_dates_time":{"created":"Posted on October 2, 2025 3:54 pm","modified":"Updated on October 2, 2025 3:54 pm"},"featured_img_caption":"","series_order":null,"_links":{"self":[{"href":"https:\/\/koff.swisspeace.ch\/apropos\/wp-json\/wp\/v2\/posts\/6140"}],"collection":[{"href":"https:\/\/koff.swisspeace.ch\/apropos\/wp-json\/wp\/v2\/posts"}],"about":[{"href":"https:\/\/koff.swisspeace.ch\/apropos\/wp-json\/wp\/v2\/types\/post"}],"author":[{"embeddable":true,"href":"https:\/\/koff.swisspeace.ch\/apropos\/wp-json\/wp\/v2\/users\/3"}],"replies":[{"embeddable":true,"href":"https:\/\/koff.swisspeace.ch\/apropos\/wp-json\/wp\/v2\/comments?post=6140"}],"version-history":[{"count":5,"href":"https:\/\/koff.swisspeace.ch\/apropos\/wp-json\/wp\/v2\/posts\/6140\/revisions"}],"predecessor-version":[{"id":6391,"href":"https:\/\/koff.swisspeace.ch\/apropos\/wp-json\/wp\/v2\/posts\/6140\/revisions\/6391"}],"wp:featuredmedia":[{"embeddable":true,"href":"https:\/\/koff.swisspeace.ch\/apropos\/wp-json\/wp\/v2\/media\/6137"}],"wp:attachment":[{"href":"https:\/\/koff.swisspeace.ch\/apropos\/wp-json\/wp\/v2\/media?parent=6140"}],"wp:term":[{"taxonomy":"category","embeddable":true,"href":"https:\/\/koff.swisspeace.ch\/apropos\/wp-json\/wp\/v2\/categories?post=6140"},{"taxonomy":"post_tag","embeddable":true,"href":"https:\/\/koff.swisspeace.ch\/apropos\/wp-json\/wp\/v2\/tags?post=6140"},{"taxonomy":"issue","embeddable":true,"href":"https:\/\/koff.swisspeace.ch\/apropos\/wp-json\/wp\/v2\/issue?post=6140"}],"curies":[{"name":"wp","href":"https:\/\/api.w.org\/{rel}","templated":true}]}}