{"id":6143,"date":"2025-10-02T15:54:46","date_gmt":"2025-10-02T15:54:46","guid":{"rendered":"https:\/\/koff.swisspeace.ch\/apropos\/?p=6143"},"modified":"2025-10-02T16:16:37","modified_gmt":"2025-10-02T16:16:37","slug":"postulez-au-cours-preventing-violent-conflicts","status":"publish","type":"post","link":"https:\/\/koff.swisspeace.ch\/apropos\/6143\/postulez-au-cours-preventing-violent-conflicts\/","title":{"rendered":"Postulez au cours \u00abPreventing Violent Conflicts\u00bb"},"content":{"rendered":"\n<p>Dans un monde marqu\u00e9 par des tensions croissantes, pr\u00e9venir les conflits avant qu\u2019ils ne deviennent violents n\u2019a jamais \u00e9t\u00e9 aussi urgent. Les r\u00e9centes crises en Libye, au Soudan, au Y\u00e9men et ailleurs ont soulign\u00e9 l\u2019importance de traiter les risques avant qu\u2019ils ne s\u2019aggravent. En cons\u00e9quence, les efforts de m\u00e9diation et de consolidation de la paix mettent de plus en plus l\u2019accent sur des strat\u00e9gies pr\u00e9ventives aux niveaux local, national et international.<\/p>\n\n\n\n<p><a rel=\"noreferrer noopener\" href=\"https:\/\/www.swisspeace.ch\/courses\/short-courses\/preventing-violent-conflicts\" target=\"_blank\">Ce cours<\/a> permet aux participant\u00b7es une d&#8217;explorer des outils pratiques et des concepts visant \u00e0 pr\u00e9venir et att\u00e9nuer les conflits. Ils\u00b7elles aborderont des approches telles que les m\u00e9canismes d\u2019alerte et de r\u00e9ponse pr\u00e9coces (EWER), les processus de dialogue inclusifs, la sensibilit\u00e9 au conflit, la justice transitionnelle, le travail de m\u00e9moire et le soutien psychosocial. Le cours explorera \u00e9galement le r\u00f4le \u00e9mergent de l\u2019intelligence artificielle et des solutions technologiques dans le domaine de la pr\u00e9vention des conflits.<\/p>\n","protected":false},"excerpt":{"rendered":"<p>Dans un monde marqu\u00e9 par des tensions croissantes, pr\u00e9venir les conflits avant qu\u2019ils ne deviennent violents n\u2019a jamais \u00e9t\u00e9 aussi urgent. Les r\u00e9centes crises en Libye, au Soudan, au Y\u00e9men et ailleurs ont soulign\u00e9 l\u2019importance de traiter les risques avant qu\u2019ils ne s\u2019aggravent. En cons\u00e9quence, les efforts de m\u00e9diation et de consolidation de la paix <a href=\"https:\/\/koff.swisspeace.ch\/apropos\/6143\/postulez-au-cours-preventing-violent-conflicts\/\" class=\"more-link\">&#8230;<span class=\"screen-reader-text\">  Postulez au cours \u00abPreventing Violent Conflicts\u00bb<\/span><\/a><\/p>\n","protected":false},"author":3,"featured_media":6137,"comment_status":"closed","ping_status":"closed","sticky":false,"template":"","format":"standard","meta":{"advgb_blocks_editor_width":"","advgb_blocks_columns_visual_guide":""},"categories":[99],"tags":[],"issue":[398],"acf":[],"author_meta":{"display_name":"\u00e0 propos","author_link":"https:\/\/koff.swisspeace.ch\/apropos\/author\/apropos\/"},"featured_img":"https:\/\/koff.swisspeace.ch\/apropos\/wp-content\/uploads\/2025\/09\/1Newsswisspeace190-1-600x332.jpg","coauthors":[],"tax_additional":{"categories":{"linked":["<a href=\"https:\/\/koff.swisspeace.ch\/apropos\/category\/news-fr\/\" class=\"advgb-post-tax-term\">Actualit\u00e9<\/a>"],"unlinked":["<span class=\"advgb-post-tax-term\">Actualit\u00e9<\/span>"]}},"comment_count":0,"relative_dates":{"created":"Posted 11 months ago","modified":"Updated 11 months ago"},"absolute_dates":{"created":"Posted on October 2, 2025","modified":"Updated on October 2, 2025"},"absolute_dates_time":{"created":"Posted on October 2, 2025 3:54 pm","modified":"Updated on October 2, 2025 4:16 pm"},"featured_img_caption":"","series_order":null,"_links":{"self":[{"href":"https:\/\/koff.swisspeace.ch\/apropos\/wp-json\/wp\/v2\/posts\/6143"}],"collection":[{"href":"https:\/\/koff.swisspeace.ch\/apropos\/wp-json\/wp\/v2\/posts"}],"about":[{"href":"https:\/\/koff.swisspeace.ch\/apropos\/wp-json\/wp\/v2\/types\/post"}],"author":[{"embeddable":true,"href":"https:\/\/koff.swisspeace.ch\/apropos\/wp-json\/wp\/v2\/users\/3"}],"replies":[{"embeddable":true,"href":"https:\/\/koff.swisspeace.ch\/apropos\/wp-json\/wp\/v2\/comments?post=6143"}],"version-history":[{"count":5,"href":"https:\/\/koff.swisspeace.ch\/apropos\/wp-json\/wp\/v2\/posts\/6143\/revisions"}],"predecessor-version":[{"id":6446,"href":"https:\/\/koff.swisspeace.ch\/apropos\/wp-json\/wp\/v2\/posts\/6143\/revisions\/6446"}],"wp:featuredmedia":[{"embeddable":true,"href":"https:\/\/koff.swisspeace.ch\/apropos\/wp-json\/wp\/v2\/media\/6137"}],"wp:attachment":[{"href":"https:\/\/koff.swisspeace.ch\/apropos\/wp-json\/wp\/v2\/media?parent=6143"}],"wp:term":[{"taxonomy":"category","embeddable":true,"href":"https:\/\/koff.swisspeace.ch\/apropos\/wp-json\/wp\/v2\/categories?post=6143"},{"taxonomy":"post_tag","embeddable":true,"href":"https:\/\/koff.swisspeace.ch\/apropos\/wp-json\/wp\/v2\/tags?post=6143"},{"taxonomy":"issue","embeddable":true,"href":"https:\/\/koff.swisspeace.ch\/apropos\/wp-json\/wp\/v2\/issue?post=6143"}],"curies":[{"name":"wp","href":"https:\/\/api.w.org\/{rel}","templated":true}]}}