{"id":6153,"date":"2025-10-02T15:54:50","date_gmt":"2025-10-02T15:54:50","guid":{"rendered":"https:\/\/koff.swisspeace.ch\/apropos\/?p=6153"},"modified":"2025-10-02T15:54:50","modified_gmt":"2025-10-02T15:54:50","slug":"bewerben-sie-sich-fuer-den-kurs-creative-innovative-methodologies-for-inclusive-peacebuilding","status":"publish","type":"post","link":"https:\/\/koff.swisspeace.ch\/apropos\/6153\/bewerben-sie-sich-fuer-den-kurs-creative-innovative-methodologies-for-inclusive-peacebuilding\/","title":{"rendered":"Bewerben Sie sich f\u00fcr den Kurs \u00abCreative &amp; Innovative Methodologies for Inclusive Peacebuilding\u00bb"},"content":{"rendered":"\n<p><a href=\"https:\/\/www.swisspeace.ch\/courses\/short-courses\/facilitation-methodologies-gender\" target=\"_blank\" rel=\"noreferrer noopener\">Dieser Kurs <\/a>schl\u00e4gt die Br\u00fccke zwischen Theorie und Praxis und vermittelt Aktivist:innen, Friedensfachkr\u00e4ften, Hochschulangeh\u00f6rigen und Forschenden innovative p\u00e4dagogische und didaktische Ans\u00e4tze, um Theorien, Konzepte und Ideen in praktische Methoden und Werkzeuge zu \u00fcbersetzen. Mit einem Fokus auf Friedensforschung, intersektionale Geschlechterperspektiven und Kultur begleitet er die Teilnehmenden dabei, transformative Bildungserfahrungen zu gestalten, die komplexe soziale Dynamiken ber\u00fccksichtigen.<\/p>\n\n\n\n<p>Durch die Kombination von kreativen Techniken, erfahrungsorientiertem Lernen und partizipativen Methoden f\u00f6rdert der Kurs Inklusivit\u00e4t, kulturelle Sensibilit\u00e4t und Geschlechtergerechtigkeit. Er bietet praxisnahe Schulungen zur Entwicklung von Werkzeugen und Strategien, die akademische und konzeptionelle Erkenntnisse in reale Anwendungen \u00fcberf\u00fchren \u2013 insbesondere in der Friedensf\u00f6rderung und in kulturellen Kontexten.<\/p>\n","protected":false},"excerpt":{"rendered":"<p>Dieser Kurs schl\u00e4gt die Br\u00fccke zwischen Theorie und Praxis und vermittelt Aktivist:innen, Friedensfachkr\u00e4ften, Hochschulangeh\u00f6rigen und Forschenden innovative p\u00e4dagogische und didaktische Ans\u00e4tze, um Theorien, Konzepte und Ideen in praktische Methoden und Werkzeuge zu \u00fcbersetzen. Mit einem Fokus auf Friedensforschung, intersektionale Geschlechterperspektiven und Kultur begleitet er die Teilnehmenden dabei, transformative Bildungserfahrungen zu gestalten, die komplexe soziale Dynamiken <a href=\"https:\/\/koff.swisspeace.ch\/apropos\/6153\/bewerben-sie-sich-fuer-den-kurs-creative-innovative-methodologies-for-inclusive-peacebuilding\/\" class=\"more-link\">&#8230;<span class=\"screen-reader-text\">  Bewerben Sie sich f\u00fcr den Kurs \u00abCreative &amp; Innovative Methodologies for Inclusive Peacebuilding\u00bb<\/span><\/a><\/p>\n","protected":false},"author":3,"featured_media":6151,"comment_status":"closed","ping_status":"closed","sticky":false,"template":"","format":"standard","meta":{"advgb_blocks_editor_width":"","advgb_blocks_columns_visual_guide":""},"categories":[71],"tags":[],"issue":[396],"acf":[],"author_meta":{"display_name":"\u00e0 propos","author_link":"https:\/\/koff.swisspeace.ch\/apropos\/author\/apropos\/"},"featured_img":"https:\/\/koff.swisspeace.ch\/apropos\/wp-content\/uploads\/2025\/09\/2News190-600x332.jpg","coauthors":[],"tax_additional":{"categories":{"linked":["<a href=\"https:\/\/koff.swisspeace.ch\/apropos\/category\/news-de\/\" class=\"advgb-post-tax-term\">Aktuell<\/a>"],"unlinked":["<span class=\"advgb-post-tax-term\">Aktuell<\/span>"]}},"comment_count":0,"relative_dates":{"created":"Posted 11 months ago","modified":"Updated 11 months ago"},"absolute_dates":{"created":"Posted on October 2, 2025","modified":"Updated on October 2, 2025"},"absolute_dates_time":{"created":"Posted on October 2, 2025 3:54 pm","modified":"Updated on October 2, 2025 3:54 pm"},"featured_img_caption":"","series_order":null,"_links":{"self":[{"href":"https:\/\/koff.swisspeace.ch\/apropos\/wp-json\/wp\/v2\/posts\/6153"}],"collection":[{"href":"https:\/\/koff.swisspeace.ch\/apropos\/wp-json\/wp\/v2\/posts"}],"about":[{"href":"https:\/\/koff.swisspeace.ch\/apropos\/wp-json\/wp\/v2\/types\/post"}],"author":[{"embeddable":true,"href":"https:\/\/koff.swisspeace.ch\/apropos\/wp-json\/wp\/v2\/users\/3"}],"replies":[{"embeddable":true,"href":"https:\/\/koff.swisspeace.ch\/apropos\/wp-json\/wp\/v2\/comments?post=6153"}],"version-history":[{"count":4,"href":"https:\/\/koff.swisspeace.ch\/apropos\/wp-json\/wp\/v2\/posts\/6153\/revisions"}],"predecessor-version":[{"id":6384,"href":"https:\/\/koff.swisspeace.ch\/apropos\/wp-json\/wp\/v2\/posts\/6153\/revisions\/6384"}],"wp:featuredmedia":[{"embeddable":true,"href":"https:\/\/koff.swisspeace.ch\/apropos\/wp-json\/wp\/v2\/media\/6151"}],"wp:attachment":[{"href":"https:\/\/koff.swisspeace.ch\/apropos\/wp-json\/wp\/v2\/media?parent=6153"}],"wp:term":[{"taxonomy":"category","embeddable":true,"href":"https:\/\/koff.swisspeace.ch\/apropos\/wp-json\/wp\/v2\/categories?post=6153"},{"taxonomy":"post_tag","embeddable":true,"href":"https:\/\/koff.swisspeace.ch\/apropos\/wp-json\/wp\/v2\/tags?post=6153"},{"taxonomy":"issue","embeddable":true,"href":"https:\/\/koff.swisspeace.ch\/apropos\/wp-json\/wp\/v2\/issue?post=6153"}],"curies":[{"name":"wp","href":"https:\/\/api.w.org\/{rel}","templated":true}]}}