{"id":6156,"date":"2025-10-02T15:54:46","date_gmt":"2025-10-02T15:54:46","guid":{"rendered":"https:\/\/koff.swisspeace.ch\/apropos\/?p=6156"},"modified":"2025-10-02T16:16:18","modified_gmt":"2025-10-02T16:16:18","slug":"postulez-au-cours-creative-innovative-methodologies-for-inclusive-peacebuilding","status":"publish","type":"post","link":"https:\/\/koff.swisspeace.ch\/apropos\/6156\/postulez-au-cours-creative-innovative-methodologies-for-inclusive-peacebuilding\/","title":{"rendered":"Postulez au cours \u00abCreative &#038; Innovative Methodologies for Inclusive Peacebuilding\u00bb!"},"content":{"rendered":"\n<p><a rel=\"noreferrer noopener\" href=\"https:\/\/www.swisspeace.ch\/courses\/short-courses\/facilitation-methodologies-gender\" target=\"_blank\">Ce cours<\/a> allie th\u00e9orie et pratique et dote les activistes, les praticien\u00b7nes de la paix, les professionnel\u00b7les de l\u2019enseignement sup\u00e9rieur et les chercheur\u00b7es d\u2019approches p\u00e9dagogiques et formatives innovantes pour traduire th\u00e9ories, concepts et id\u00e9es en m\u00e9thodes et outils pratiques. Ax\u00e9 sur les \u00e9tudes de la paix, le genre intersectionnel et la culture, il guide les participant\u00b7es dans la cr\u00e9ation d\u2019exp\u00e9riences \u00e9ducatives transformatrices qui tiennent compte des dynamiques sociales complexes.<\/p>\n\n\n\n<p>En combinant techniques cr\u00e9atives, apprentissage exp\u00e9rientiel et m\u00e9thodologies participatives, ce cours favorise l\u2019inclusivit\u00e9, la sensibilit\u00e9 culturelle et l\u2019\u00e9galit\u00e9 des genres. Il propose une formation pratique au d\u00e9veloppement d\u2019outils et de strat\u00e9gies permettant de transformer les acquis acad\u00e9miques et conceptuels en applications concr\u00e8tes \u2013 en particulier dans les contextes de consolidation de la paix et culturels.<\/p>\n","protected":false},"excerpt":{"rendered":"<p>Ce cours allie th\u00e9orie et pratique et dote les activistes, les praticien\u00b7nes de la paix, les professionnel\u00b7les de l\u2019enseignement sup\u00e9rieur et les chercheur\u00b7es d\u2019approches p\u00e9dagogiques et formatives innovantes pour traduire th\u00e9ories, concepts et id\u00e9es en m\u00e9thodes et outils pratiques. Ax\u00e9 sur les \u00e9tudes de la paix, le genre intersectionnel et la culture, il guide les <a href=\"https:\/\/koff.swisspeace.ch\/apropos\/6156\/postulez-au-cours-creative-innovative-methodologies-for-inclusive-peacebuilding\/\" class=\"more-link\">&#8230;<span class=\"screen-reader-text\">  Postulez au cours \u00abCreative &#038; Innovative Methodologies for Inclusive Peacebuilding\u00bb!<\/span><\/a><\/p>\n","protected":false},"author":3,"featured_media":6151,"comment_status":"closed","ping_status":"closed","sticky":false,"template":"","format":"standard","meta":{"advgb_blocks_editor_width":"","advgb_blocks_columns_visual_guide":""},"categories":[99],"tags":[],"issue":[398],"acf":[],"author_meta":{"display_name":"\u00e0 propos","author_link":"https:\/\/koff.swisspeace.ch\/apropos\/author\/apropos\/"},"featured_img":"https:\/\/koff.swisspeace.ch\/apropos\/wp-content\/uploads\/2025\/09\/2News190-600x332.jpg","coauthors":[],"tax_additional":{"categories":{"linked":["<a href=\"https:\/\/koff.swisspeace.ch\/apropos\/category\/news-fr\/\" class=\"advgb-post-tax-term\">Actualit\u00e9<\/a>"],"unlinked":["<span class=\"advgb-post-tax-term\">Actualit\u00e9<\/span>"]}},"comment_count":0,"relative_dates":{"created":"Posted 11 months ago","modified":"Updated 11 months ago"},"absolute_dates":{"created":"Posted on October 2, 2025","modified":"Updated on October 2, 2025"},"absolute_dates_time":{"created":"Posted on October 2, 2025 3:54 pm","modified":"Updated on October 2, 2025 4:16 pm"},"featured_img_caption":"","series_order":null,"_links":{"self":[{"href":"https:\/\/koff.swisspeace.ch\/apropos\/wp-json\/wp\/v2\/posts\/6156"}],"collection":[{"href":"https:\/\/koff.swisspeace.ch\/apropos\/wp-json\/wp\/v2\/posts"}],"about":[{"href":"https:\/\/koff.swisspeace.ch\/apropos\/wp-json\/wp\/v2\/types\/post"}],"author":[{"embeddable":true,"href":"https:\/\/koff.swisspeace.ch\/apropos\/wp-json\/wp\/v2\/users\/3"}],"replies":[{"embeddable":true,"href":"https:\/\/koff.swisspeace.ch\/apropos\/wp-json\/wp\/v2\/comments?post=6156"}],"version-history":[{"count":4,"href":"https:\/\/koff.swisspeace.ch\/apropos\/wp-json\/wp\/v2\/posts\/6156\/revisions"}],"predecessor-version":[{"id":6445,"href":"https:\/\/koff.swisspeace.ch\/apropos\/wp-json\/wp\/v2\/posts\/6156\/revisions\/6445"}],"wp:featuredmedia":[{"embeddable":true,"href":"https:\/\/koff.swisspeace.ch\/apropos\/wp-json\/wp\/v2\/media\/6151"}],"wp:attachment":[{"href":"https:\/\/koff.swisspeace.ch\/apropos\/wp-json\/wp\/v2\/media?parent=6156"}],"wp:term":[{"taxonomy":"category","embeddable":true,"href":"https:\/\/koff.swisspeace.ch\/apropos\/wp-json\/wp\/v2\/categories?post=6156"},{"taxonomy":"post_tag","embeddable":true,"href":"https:\/\/koff.swisspeace.ch\/apropos\/wp-json\/wp\/v2\/tags?post=6156"},{"taxonomy":"issue","embeddable":true,"href":"https:\/\/koff.swisspeace.ch\/apropos\/wp-json\/wp\/v2\/issue?post=6156"}],"curies":[{"name":"wp","href":"https:\/\/api.w.org\/{rel}","templated":true}]}}