{"id":617,"date":"2023-02-23T15:31:14","date_gmt":"2023-02-23T15:31:14","guid":{"rendered":"https:\/\/koff.swisspeace.ch\/apropos\/?p=617"},"modified":"2023-03-09T10:07:14","modified_gmt":"2023-03-09T10:07:14","slug":"au-dela-de-lintervention-durgence-la-communaute-ukrainienne-de-mediateur%c2%b7rices-et-facilitateur%c2%b7rices-de-dialogue","status":"publish","type":"post","link":"https:\/\/koff.swisspeace.ch\/apropos\/617\/au-dela-de-lintervention-durgence-la-communaute-ukrainienne-de-mediateur%c2%b7rices-et-facilitateur%c2%b7rices-de-dialogue\/","title":{"rendered":"Au-del\u00e0 de l&#8217;intervention d&#8217;urgence &#8211; la communaut\u00e9 ukrainienne de m\u00e9diateur\u00b7rices et facilitateur\u00b7rices de dialogue"},"content":{"rendered":"\n<p><\/p>\n\n\n\n<p>L&#8217;invasion de l&#8217;Ukraine par les forces Russes le 24 f\u00e9vrier 2022 a suscit\u00e9 une vaste r\u00e9sistance et une r\u00e9ponse imm\u00e9diate de la part de la soci\u00e9t\u00e9 civile ukrainienne &#8211; de l&#8217;\u00e9vacuation des populations \u00e0 l&#8217;utilisation de l&#8217;art comme outil de r\u00e9sistance non violente. Pendant des d\u00e9cennies, la communaut\u00e9 des m\u00e9diateur\u00b7rices et des facilitateur\u00b7rices de dialogue (CoP) a promu une culture du dialogue et de la r\u00e9solution non violente des conflits en Ukraine et a d\u00e9velopp\u00e9 son identit\u00e9 professionnelle. Apr\u00e8s la fin de la guerre en 2014, elle est devenue un important moteur de la coh\u00e9sion sociale et de la r\u00e9silience aux niveaux national et local.<\/p>\n\n\n\n<p>Cette communaut\u00e9 a su se mobiliser et r\u00e9pondre \u00e0 l&#8217;invasion de f\u00e9vrier 2022. Elle s&#8217;est associ\u00e9e \u00e0 un r\u00e9seau de 30 ONG afin de formuler une <a href=\"https:\/\/md.ukma.edu.ua\/wp-content\/uploads\/2022\/05\/Public_Statement_War_and_Dialogue_Ukraine_ENG.pdf\">d\u00e9claration commune sur la guerre et le dialogue<\/a>. Depuis lors, les m\u00e9diateur\u00b7rices et les facilitateur\u00b7rices de dialogue ont mis en \u0153uvre plusieurs initiatives volontaires pour r\u00e9pondre aux besoins de la population sur le terrain et leur ont permis de passer d&#8217;une r\u00e9ponse d&#8217;urgence \u00e0 la reconstruction et au d\u00e9veloppement, m\u00eame pendant la guerre. L&#8217;int\u00e9gration de l&#8217;aide psychologique et psychosociale aux approches conventionnelles de m\u00e9diation et de dialogue communautaire a \u00e9t\u00e9 une activit\u00e9 innovante majeure d\u00e9velopp\u00e9e l&#8217;ann\u00e9e derni\u00e8re.<\/p>\n\n\n\n<p>En avril 2022, la CoP a mis en place des \u00e9quipes mobiles de m\u00e9diateur\u00b7rices et de psychologues offrant des services psychologiques et de m\u00e9diation\/dialogue dans l&#8217;ouest de l&#8217;Ukraine pour les personnes d\u00e9plac\u00e9es et les communaut\u00e9s d&#8217;accueil dans les abris et les centres humanitaires. D&#8217;avril \u00e0 d\u00e9cembre 2022, neuf \u00e9quipes mobiles ont \u00e9t\u00e9 actives \u00e0 <a rel=\"noreferrer noopener\" href=\"http:\/\/mg.national-platform.org\/\" target=\"_blank\">Lviv, Ivano-Frankivsk, Chernivtsi, Ternopil<\/a>, <a rel=\"noreferrer noopener\" href=\"https:\/\/www.pro.drc.ngo\/media\/1udjbnu3\/june_drc-ukraine_newsletter.pdf\" target=\"_blank\">Rivne, Stryi, Uzhorod, Mukachevo<\/a>, et soutenues par divers donateur\u00b7rices. En outre, les membres de la CoP ont propos\u00e9 des services de <a rel=\"noreferrer noopener\" href=\"http:\/\/limu.org.ua\/en\/news\/za-mizhnarodnoyi-pidtrimki-ligha-miediatoriv-ukrayini-rozpochala-robotu-v-proiekti-simieina-miediatsiia-v-pieriod-viini\" target=\"_blank\">m\u00e9diation familiale<\/a> combin\u00e9s \u00e0 un soutien en mati\u00e8re de sant\u00e9 mentale et d&#8217;aide psychosociale pour celles dont les enfants ont \u00e9t\u00e9 affect\u00e9s par la guerre. Ils<strong>\u00b7<\/strong>Elles ont collabor\u00e9 avec les \u00e9coles et dispens\u00e9 aux \u00e9ducateurs et \u00e9ducatrices une formation \u00e0 la gestion des conflits visant notamment les jeunes ayant v\u00e9cu des traumatismes. Les membres de la CoP se sont \u00e9galement mobilis\u00e9s pour effectuer des <a rel=\"noreferrer noopener\" href=\"http:\/\/national-platform.org\/tpost\/ks0shr2cb1-responding-to-the-russian-invasion-from\" target=\"_blank\">recherches sur les pratiques de r\u00e9ponse aux conflits<\/a> au sein de la soci\u00e9t\u00e9 civile ukrainienne et sur les r\u00e9cits sur les r\u00e9seaux sociaux, qui divisent ou unissent. Sur la base de ces recherches, ils<strong>\u00b7<\/strong>elles ont men\u00e9 une <a rel=\"noreferrer noopener\" href=\"https:\/\/issuu.com\/ipcg\/docs\/social_cohesion_infocampaigns_eng\" target=\"_blank\">campagne d&#8217;information nationale<\/a> sur les r\u00e9seaux, touchant 20 millions de personnes, afin de promouvoir des r\u00e9cits unificateurs et de contrer ceux qui divisent la soci\u00e9t\u00e9.<\/p>\n\n\n\n<p>La revitalisation du tissu soci\u00e9tal bris\u00e9 par la guerre est n\u00e9cessaire afin de reconstruire une future soci\u00e9t\u00e9 ukrainienne. Il est important d&#8217;y penser strat\u00e9giquement, m\u00eame en temps de guerre et en dehors des interventions d&#8217;urgence. C&#8217;est pourquoi la CoP promeut et pilote actuellement des dialogues inclusifs sur le r\u00e9tablissement local au niveau communautaire, et d\u00e9veloppe des approches centr\u00e9es sur les personnes contribuant \u00e0 la justice transitionnelle.<\/p>\n","protected":false},"excerpt":{"rendered":"<p>L&#8217;invasion de l&#8217;Ukraine par les forces Russes le 24 f\u00e9vrier 2022 a suscit\u00e9 une vaste r\u00e9sistance et une r\u00e9ponse imm\u00e9diate de la part de la soci\u00e9t\u00e9 civile ukrainienne &#8211; de l&#8217;\u00e9vacuation des populations \u00e0 l&#8217;utilisation de l&#8217;art comme outil de r\u00e9sistance non violente. Pendant des d\u00e9cennies, la communaut\u00e9 des m\u00e9diateur\u00b7rices et des facilitateur\u00b7rices de dialogue <a href=\"https:\/\/koff.swisspeace.ch\/apropos\/617\/au-dela-de-lintervention-durgence-la-communaute-ukrainienne-de-mediateur%c2%b7rices-et-facilitateur%c2%b7rices-de-dialogue\/\" class=\"more-link\">&#8230;<span class=\"screen-reader-text\">  Au-del\u00e0 de l&#8217;intervention d&#8217;urgence &#8211; la communaut\u00e9 ukrainienne de m\u00e9diateur\u00b7rices et facilitateur\u00b7rices de dialogue<\/span><\/a><\/p>\n","protected":false},"author":3,"featured_media":871,"comment_status":"open","ping_status":"open","sticky":false,"template":"","format":"standard","meta":{"advgb_blocks_editor_width":"","advgb_blocks_columns_visual_guide":""},"categories":[113],"tags":[],"issue":[135],"acf":[],"author_meta":{"display_name":"\u00e0 propos","author_link":"https:\/\/koff.swisspeace.ch\/apropos\/author\/apropos\/"},"featured_img":"https:\/\/koff.swisspeace.ch\/apropos\/wp-content\/uploads\/2023\/02\/WBswisspeace179-600x332.png","coauthors":[],"tax_additional":{"categories":{"linked":["<a href=\"https:\/\/koff.swisspeace.ch\/apropos\/category\/reports-fr\/\" class=\"advgb-post-tax-term\">Dossier<\/a>"],"unlinked":["<span class=\"advgb-post-tax-term\">Dossier<\/span>"]}},"comment_count":0,"relative_dates":{"created":"Posted 4 years ago","modified":"Updated 3 years ago"},"absolute_dates":{"created":"Posted on February 23, 2023","modified":"Updated on March 9, 2023"},"absolute_dates_time":{"created":"Posted on February 23, 2023 3:31 pm","modified":"Updated on March 9, 2023 10:07 am"},"featured_img_caption":"","series_order":null,"_links":{"self":[{"href":"https:\/\/koff.swisspeace.ch\/apropos\/wp-json\/wp\/v2\/posts\/617"}],"collection":[{"href":"https:\/\/koff.swisspeace.ch\/apropos\/wp-json\/wp\/v2\/posts"}],"about":[{"href":"https:\/\/koff.swisspeace.ch\/apropos\/wp-json\/wp\/v2\/types\/post"}],"author":[{"embeddable":true,"href":"https:\/\/koff.swisspeace.ch\/apropos\/wp-json\/wp\/v2\/users\/3"}],"replies":[{"embeddable":true,"href":"https:\/\/koff.swisspeace.ch\/apropos\/wp-json\/wp\/v2\/comments?post=617"}],"version-history":[{"count":9,"href":"https:\/\/koff.swisspeace.ch\/apropos\/wp-json\/wp\/v2\/posts\/617\/revisions"}],"predecessor-version":[{"id":1188,"href":"https:\/\/koff.swisspeace.ch\/apropos\/wp-json\/wp\/v2\/posts\/617\/revisions\/1188"}],"wp:featuredmedia":[{"embeddable":true,"href":"https:\/\/koff.swisspeace.ch\/apropos\/wp-json\/wp\/v2\/media\/871"}],"wp:attachment":[{"href":"https:\/\/koff.swisspeace.ch\/apropos\/wp-json\/wp\/v2\/media?parent=617"}],"wp:term":[{"taxonomy":"category","embeddable":true,"href":"https:\/\/koff.swisspeace.ch\/apropos\/wp-json\/wp\/v2\/categories?post=617"},{"taxonomy":"post_tag","embeddable":true,"href":"https:\/\/koff.swisspeace.ch\/apropos\/wp-json\/wp\/v2\/tags?post=617"},{"taxonomy":"issue","embeddable":true,"href":"https:\/\/koff.swisspeace.ch\/apropos\/wp-json\/wp\/v2\/issue?post=617"}],"curies":[{"name":"wp","href":"https:\/\/api.w.org\/{rel}","templated":true}]}}