{"id":6280,"date":"2025-10-02T15:54:50","date_gmt":"2025-10-02T15:54:50","guid":{"rendered":"https:\/\/koff.swisspeace.ch\/apropos\/?p=6280"},"modified":"2025-10-02T15:54:50","modified_gmt":"2025-10-02T15:54:50","slug":"sportjournalismus-ein-bindemittel-des-sozialen-zusammenhalts","status":"publish","type":"post","link":"https:\/\/koff.swisspeace.ch\/apropos\/6280\/sportjournalismus-ein-bindemittel-des-sozialen-zusammenhalts\/","title":{"rendered":"Sportjournalismus \u2013 ein Bindemittel des sozialen Zusammenhalts"},"content":{"rendered":"\n<p>Um sozialen&nbsp;Zusammenhalt&nbsp;zu&nbsp;schaffen,&nbsp;kann nicht einfach ein Dekret verabschiedet werden.&nbsp;Dazu&nbsp;braucht&nbsp;es&nbsp;gemeinsame R\u00e4ume, wo sich&nbsp;die Menschen&nbsp;begegnen,&nbsp;einander zuh\u00f6ren und gemeinsame&nbsp;Bezugspunkte&nbsp;schaffen&nbsp;k\u00f6nnen.&nbsp;Medien&nbsp;haben die&nbsp;M\u00f6glichkeit solche R\u00e4ume&nbsp;zu generieren, wenn sie&nbsp;gr\u00fcndlichen, inklusiven&nbsp;und verantwortungsvollen Journalismus betreiben.&nbsp;Seit dreissig Jahren&nbsp;gr\u00fcndet&nbsp;und&nbsp;unterst\u00fctzt&nbsp;die&nbsp;Fondation&nbsp;Hirondelle&nbsp;unabh\u00e4ngige Medien in Konflikt- und Krisengebieten, wobei&nbsp;die St\u00e4rkung des sozialen Zusammenhalts im Mittelpunkt&nbsp;steht.&nbsp;Wir sind davon \u00fcberzeugt, dass der Zugang zu verl\u00e4sslichen Informationen&nbsp;essentiell&nbsp;ist, um&nbsp;Vertrauen wiederherzustellen, Dialog zu f\u00f6rdern und&nbsp;um&nbsp;die Grundlagen f\u00fcr ein friedliches Zusammenleben zu schaffen.&nbsp;&nbsp;<\/p>\n\n\n\n<p>Das\u00a0Radio\u00a0Ndeke\u00a0Luka in\u00a0der Zentralafrikanischen Republik\u00a0tut genau dies.\u00a0Es\u00a0wurde\u00a0vor 25 Jahren\u00a0von der Fondation\u00a0Hirondelle\u00a0gegr\u00fcndet. In dem\u00a0gesellschaftlich gespaltenen Land\u00a0nimmt\u00a0es die Funktion eines\u00a0\u00abneutralen\u00a0Raums\u00bb\u00a0ein,\u00a0in dem\u00a0es f\u00fcr\u00a0jede Stimme\u00a0Platz hat.\u00a0T\u00e4glich bieten\u00a0Ndeke-Luka-Journalist:innen,\u00a0wie\u00a0Theoneste\u00a0Pounika\u00a0mit seiner Berichterstattung \u00fcber lokale Sportnachrichten,\u00a0der Bev\u00f6lkerung Informationen, die eher\u00a0verbinden\u00a0als trennen,\u00a0und\u00a0bei denen alle Mitglieder der Gesellschaft zu Wort kommen.\u00a0\u00a0<\/p>\n\n\n\n<p><strong>Vom Spannungs- zum Fussballfeld<\/strong>&nbsp;<br>Medien haben die F\u00e4higkeit&nbsp;in Krisensituationen&nbsp;Br\u00fccken zwischen Gemeinschaften&nbsp;zu bauen. Dies&nbsp;ist&nbsp;nicht nur in&nbsp;Konfliktgebieten, sondern&nbsp;in allen&nbsp;Kontexten&nbsp;relevant.&nbsp;Anl\u00e4sslich der Frauenfussball-Europameisterschaft im Juli 2025 verbrachten sieben afrikanische&nbsp;Sportjournalist:innen&nbsp;eine Woche in der Schweiz.&nbsp;Der Aufenthalt wurde vom Eidgen\u00f6ssischen Departement f\u00fcr ausw\u00e4rtige Angelegenheiten unterst\u00fctzt.&nbsp;Die&nbsp;Journalist:innen&nbsp;hatten&nbsp;dabei&nbsp;die M\u00f6glichkeit&nbsp;andere Institutionen, Redaktionen&nbsp;sowie&nbsp;Akteure aus den Bereichen Sport und Menschenrechte kennenzulernen.&nbsp;Sie alle sind davon \u00fcberzeugt, dass&nbsp;Sportjournalismus&nbsp;den sozialen Zusammenhalt st\u00e4rken kann.&nbsp;Und zwar, wenn er sich&nbsp;mit den gesellschaftlichen&nbsp;Dimensionen&nbsp;des Sports&nbsp;auseinandersetzt&nbsp;und \u00fcber Leistung und Ergebnisse hinaus geht.&nbsp;<\/p>\n\n\n\n<p>Salamatou&nbsp;Kadri, Journalistin&nbsp;im Studio&nbsp;Kalangou&nbsp;(Niger)&nbsp;fasst die Situation so zusammen:&nbsp;\u00abIm Niger&nbsp;hat&nbsp;Sport, speziell&nbsp;Fussball,&nbsp;eine sehr wichtige soziale Rolle.&nbsp;Er&nbsp;f\u00f6rdert&nbsp;den Zusammenhalt, verringert&nbsp;Ungleichheiten und st\u00e4rkt&nbsp;die Selbstbestimmung von Frauen und Jugendlichen.\u00bb<\/p>\n\n\n\n<p><strong>N\u00fctzliche Ans\u00e4tze f\u00fcr Frieden&nbsp;und f\u00fcr&nbsp;die&nbsp;Schweiz<\/strong>&nbsp;<br>Egal ob&nbsp;es darum geht,&nbsp;die verbindende Rolle des Fussballs&nbsp;hervorzuheben&nbsp;oder gef\u00e4hrliche Ger\u00fcchte&nbsp;zu unterbinden,&nbsp;der Kern der journalistischen Arbeit bleibt derselbe:&nbsp;zuverl\u00e4ssige Informationen&nbsp;liefern.&nbsp;Im Idealfall&nbsp;auf eine Weise,&nbsp;die&nbsp;die&nbsp;Gemeinschaften&nbsp;einander&nbsp;n\u00e4herbringt.&nbsp;Aus&nbsp;Erfahrung&nbsp;bricht&nbsp;Zusammenhalt ohne verifizierte Informationen&nbsp;unter dem Gewicht von \u00c4ngsten und Ger\u00fcchten&nbsp;auseinander.&nbsp;Nach wie vor&nbsp;existieren&nbsp;zahlreiche Herausforderungen&nbsp;wie politischer Druck, Desinformation&nbsp;oder&nbsp;begrenzte Ressourcen.&nbsp;Dies alles&nbsp;erinnert&nbsp;uns&nbsp;daran, dass Investitionen in unabh\u00e4ngige Medien&nbsp;sowie&nbsp;in&nbsp;eine sorgf\u00e4ltige Arbeitsweise der&nbsp;Journalist:innen,&nbsp;direkt zum sozialen Zusammenhalt beitragen.&nbsp;<\/p>\n\n\n\n<p>Auch die Schweiz mit ihren starken Institutionen und ihrer demokratischen Tradition bleibt von Spaltungen in der Gesellschaft und Desinformation nicht verschont. Die F\u00f6rderung der Medienkompetenz, die Unterst\u00fctzung der Meinungsvielfalt, die St\u00e4rkung unabh\u00e4ngiger Medien sowie des Vertrauens in den Journalismus sind hier ebenso wichtige Themen,&nbsp;wie in der Sahelzone oder der Zentralafrikanischen Republik. Die St\u00e4rkung des sozialen Zusammenhalts dient&nbsp;n\u00e4mlich&nbsp;nicht nur der Gewaltpr\u00e4vention, sondern festigt auch das Fundament&nbsp;von&nbsp;demokratischen Gesellschaften.&nbsp;<\/p>\n","protected":false},"excerpt":{"rendered":"<p>Um sozialen&nbsp;Zusammenhalt&nbsp;zu&nbsp;schaffen,&nbsp;kann nicht einfach ein Dekret verabschiedet werden.&nbsp;Dazu&nbsp;braucht&nbsp;es&nbsp;gemeinsame R\u00e4ume, wo sich&nbsp;die Menschen&nbsp;begegnen,&nbsp;einander zuh\u00f6ren und gemeinsame&nbsp;Bezugspunkte&nbsp;schaffen&nbsp;k\u00f6nnen.&nbsp;Medien&nbsp;haben die&nbsp;M\u00f6glichkeit solche R\u00e4ume&nbsp;zu generieren, wenn sie&nbsp;gr\u00fcndlichen, inklusiven&nbsp;und verantwortungsvollen Journalismus betreiben.&nbsp;Seit dreissig Jahren&nbsp;gr\u00fcndet&nbsp;und&nbsp;unterst\u00fctzt&nbsp;die&nbsp;Fondation&nbsp;Hirondelle&nbsp;unabh\u00e4ngige Medien in Konflikt- und Krisengebieten, wobei&nbsp;die St\u00e4rkung des sozialen Zusammenhalts im Mittelpunkt&nbsp;steht.&nbsp;Wir sind davon \u00fcberzeugt, dass der Zugang zu verl\u00e4sslichen Informationen&nbsp;essentiell&nbsp;ist, um&nbsp;Vertrauen wiederherzustellen, Dialog zu f\u00f6rdern und&nbsp;um&nbsp;die Grundlagen <a href=\"https:\/\/koff.swisspeace.ch\/apropos\/6280\/sportjournalismus-ein-bindemittel-des-sozialen-zusammenhalts\/\" class=\"more-link\">&#8230;<span class=\"screen-reader-text\">  Sportjournalismus \u2013 ein Bindemittel des sozialen Zusammenhalts<\/span><\/a><\/p>\n","protected":false},"author":3,"featured_media":6023,"comment_status":"closed","ping_status":"closed","sticky":false,"template":"","format":"standard","meta":{"advgb_blocks_editor_width":"","advgb_blocks_columns_visual_guide":""},"categories":[73],"tags":[],"issue":[396],"acf":[],"author_meta":{"display_name":"\u00e0 propos","author_link":"https:\/\/koff.swisspeace.ch\/apropos\/author\/apropos\/"},"featured_img":"https:\/\/koff.swisspeace.ch\/apropos\/wp-content\/uploads\/2025\/09\/WB190Fondation-Hirondelle_Theoneste-600x332.jpg","coauthors":[],"tax_additional":{"categories":{"linked":["<a href=\"https:\/\/koff.swisspeace.ch\/apropos\/category\/reports-de\/\" class=\"advgb-post-tax-term\">Dossier<\/a>"],"unlinked":["<span class=\"advgb-post-tax-term\">Dossier<\/span>"]}},"comment_count":0,"relative_dates":{"created":"Posted 11 months ago","modified":"Updated 11 months ago"},"absolute_dates":{"created":"Posted on October 2, 2025","modified":"Updated on October 2, 2025"},"absolute_dates_time":{"created":"Posted on October 2, 2025 3:54 pm","modified":"Updated on October 2, 2025 3:54 pm"},"featured_img_caption":"","series_order":null,"_links":{"self":[{"href":"https:\/\/koff.swisspeace.ch\/apropos\/wp-json\/wp\/v2\/posts\/6280"}],"collection":[{"href":"https:\/\/koff.swisspeace.ch\/apropos\/wp-json\/wp\/v2\/posts"}],"about":[{"href":"https:\/\/koff.swisspeace.ch\/apropos\/wp-json\/wp\/v2\/types\/post"}],"author":[{"embeddable":true,"href":"https:\/\/koff.swisspeace.ch\/apropos\/wp-json\/wp\/v2\/users\/3"}],"replies":[{"embeddable":true,"href":"https:\/\/koff.swisspeace.ch\/apropos\/wp-json\/wp\/v2\/comments?post=6280"}],"version-history":[{"count":21,"href":"https:\/\/koff.swisspeace.ch\/apropos\/wp-json\/wp\/v2\/posts\/6280\/revisions"}],"predecessor-version":[{"id":6362,"href":"https:\/\/koff.swisspeace.ch\/apropos\/wp-json\/wp\/v2\/posts\/6280\/revisions\/6362"}],"wp:featuredmedia":[{"embeddable":true,"href":"https:\/\/koff.swisspeace.ch\/apropos\/wp-json\/wp\/v2\/media\/6023"}],"wp:attachment":[{"href":"https:\/\/koff.swisspeace.ch\/apropos\/wp-json\/wp\/v2\/media?parent=6280"}],"wp:term":[{"taxonomy":"category","embeddable":true,"href":"https:\/\/koff.swisspeace.ch\/apropos\/wp-json\/wp\/v2\/categories?post=6280"},{"taxonomy":"post_tag","embeddable":true,"href":"https:\/\/koff.swisspeace.ch\/apropos\/wp-json\/wp\/v2\/tags?post=6280"},{"taxonomy":"issue","embeddable":true,"href":"https:\/\/koff.swisspeace.ch\/apropos\/wp-json\/wp\/v2\/issue?post=6280"}],"curies":[{"name":"wp","href":"https:\/\/api.w.org\/{rel}","templated":true}]}}