{"id":6304,"date":"2025-10-02T15:54:46","date_gmt":"2025-10-02T15:54:46","guid":{"rendered":"https:\/\/koff.swisspeace.ch\/apropos\/?p=6304"},"modified":"2025-10-02T15:54:46","modified_gmt":"2025-10-02T15:54:46","slug":"evenements-12","status":"publish","type":"post","link":"https:\/\/koff.swisspeace.ch\/apropos\/6304\/evenements-12\/","title":{"rendered":"\u00c9v\u00e9nements"},"content":{"rendered":"\n<p><strong>La semaine de la paix de Gen\u00e8ve<br>13 \u2013 17 octobre, Gen\u00e8ve<\/strong><\/p>\n\n\n\n<p>C&#8217;est un forum annuel de premier plan dans le calendrier international de la consolidation de la paix \u00e0 travers lequel les organisations \u00e0 Gen\u00e8ve et leurs partenaires internationaux se r\u00e9unissent pour partager des connaissances et des pratiques sur une gamme vari\u00e9e de sujets li\u00e9s \u00e0 la paix dans tous les contextes et toutes les disciplines.<\/p>\n\n\n\n<p>Plusieurs organisations membres de KOFF participeront \u00e0 cette \u00e9dition et y organiseront des ateliers et des d\u00e9bats.<\/p>\n\n\n\n<p>Plus d\u2019informations &amp; inscription<a rel=\"noreferrer noopener\" href=\"https:\/\/www.genevapeaceweek.ch\/fr\" target=\"_blank\"> ici<\/a>.<\/p>\n\n\n\n<p><strong>Table ronde KOFF \u00ab Sant\u00e9 mentale et soutien psychosocial pour une paix durable \u00bb<\/strong><\/p>\n\n\n\n<p>15 octobre 2025, 14h30\u201316h00, en ligne<\/p>\n\n\n\n<p>Lors de cette table ronde KOFF, les participant\u00b7es discuteront avec l\u2019experte de swisspeace, Pamela Favre, de la mani\u00e8re dont une perspective de sant\u00e9 mentale et de soutien psychosocial (Mental Health and Psychosocial Support, MHPSS) peut contribuer \u00e0 la paix durable, en abordant les traumatismes, en renfor\u00e7ant le tissu social et en favorisant la coh\u00e9sion ainsi que la r\u00e9conciliation.<\/p>\n\n\n\n<p>Plus d\u2019informations &amp; inscription <a rel=\"noreferrer noopener\" href=\"https:\/\/invtdu.to\/_7krvk\" target=\"_blank\">ici<\/a>.<\/p>\n\n\n\n<p><strong>terre des hommes schweiz au festival Culturespaces<br>21 octobre \u2013 2 novembre<\/strong>, <strong>B\u00e2le<\/strong><\/p>\n\n\n\n<p>Du 21 octobre au 2 novembre, terre des hommes suisse sera partenaire sur le th\u00e8me du Sahara occidental lors du festival artistique interdisciplinaire Culturescapes.<br>Un des moments forts sera le projet d\u2019<a href=\"https:\/\/www.terredeshommesschweiz.ch\/westsahara-culturescapes\/\" target=\"_blank\" rel=\"noreferrer noopener\">artivisme multim\u00e9dia \u00ab Jaimitna \u00bb<\/a>, pr\u00e9sent\u00e9 \u00e0 la Markthalle de B\u00e2le.<\/p>\n\n\n\n<p>Le conflit du Sahara occidental est tomb\u00e9 dans l\u2019oubli. L\u2019invisibilit\u00e9 de ce conflit est une strat\u00e9gie de la puissance occupante. Le peuple sahraoui tente de faire valoir son droit \u00e0 l\u2019autod\u00e9termination par des moyens pacifiques. Donner plus de visibilit\u00e9 \u00e0 ce combat pacifique revient \u00e0 miser sur une r\u00e9solution pacifique du conflit.<\/p>\n\n\n\n<p>Nous nous r\u00e9jouissons d\u2019un \u00e9change vivant lors du festival Culturescapes.<\/p>\n\n\n\n<p>Plus d\u2019informations &amp; inscription <a rel=\"noreferrer noopener\" href=\"https:\/\/www.terredeshommesschweiz.ch\/westsahara-culturescapes\/\" target=\"_blank\">ici<\/a>.<\/p>\n\n\n\n<p><strong>Invitation \u00e0 l\u2019assembl\u00e9e d\u2019automne des Femmes pour la Paix Suisse<\/strong><br><strong>19 novembre 2025, au Begegnungszentrum KFB Katholischer Frauenbund, B\u00e2le<\/strong><\/p>\n\n\n\n<p>Rencontre avec le groupe \u00ab Omas gegen rechts schweiz \u00bb \u00c9branler l\u2019indiff\u00e9rence<\/p>\n\n\n\n<p>Plus d\u2019informations &amp; inscription <a rel=\"noreferrer noopener\" href=\"https:\/\/files.designer.hoststar.ch\/27\/8c\/278c9513-8afb-4c0b-8a57-63c1abcdf44d.pdf\" target=\"_blank\">ici<\/a>.<\/p>\n\n\n\n<p><strong>La conseil suisse pour la paix va f\u00eater ses 80 ans!<br>6 d\u00e9cembre 2025, Zurich<\/strong><\/p>\n\n\n\n<p>Il y a 80 ans, en d\u00e9cembre, le Conseil Suisse pour la Paix a \u00e9t\u00e9 fond\u00e9. Le samedi 6 d\u00e9cembre 2025, l&#8217;anniversaire aura lieu \u00e0 Zurich. Toutes les personnes int\u00e9ress\u00e9es y sont cordialement invit\u00e9es !<\/p>\n\n\n\n<p>Plus d\u2019informations &amp; inscription <a rel=\"noreferrer noopener\" href=\"https:\/\/www.friedensrat.ch\/event\/save-the-date-der-schweizerische-friedensrat-wird-80-jubilaeumsveranstaltung\/\" target=\"_blank\">ici<\/a>.<\/p>\n","protected":false},"excerpt":{"rendered":"<p>La semaine de la paix de Gen\u00e8ve13 \u2013 17 octobre, Gen\u00e8ve C&#8217;est un forum annuel de premier plan dans le calendrier international de la consolidation de la paix \u00e0 travers lequel les organisations \u00e0 Gen\u00e8ve et leurs partenaires internationaux se r\u00e9unissent pour partager des connaissances et des pratiques sur une gamme vari\u00e9e de sujets li\u00e9s <a href=\"https:\/\/koff.swisspeace.ch\/apropos\/6304\/evenements-12\/\" class=\"more-link\">&#8230;<span class=\"screen-reader-text\">  \u00c9v\u00e9nements<\/span><\/a><\/p>\n","protected":false},"author":3,"featured_media":4842,"comment_status":"closed","ping_status":"closed","sticky":false,"template":"","format":"standard","meta":{"advgb_blocks_editor_width":"","advgb_blocks_columns_visual_guide":""},"categories":[97],"tags":[],"issue":[398],"acf":[],"author_meta":{"display_name":"\u00e0 propos","author_link":"https:\/\/koff.swisspeace.ch\/apropos\/author\/apropos\/"},"featured_img":"https:\/\/koff.swisspeace.ch\/apropos\/wp-content\/uploads\/2024\/12\/Icons-Events-600x332.png","coauthors":[],"tax_additional":{"categories":{"linked":["<a href=\"https:\/\/koff.swisspeace.ch\/apropos\/category\/calendar-fr\/\" class=\"advgb-post-tax-term\">Calendrier<\/a>"],"unlinked":["<span class=\"advgb-post-tax-term\">Calendrier<\/span>"]}},"comment_count":0,"relative_dates":{"created":"Posted 11 months ago","modified":"Updated 11 months ago"},"absolute_dates":{"created":"Posted on October 2, 2025","modified":"Updated on October 2, 2025"},"absolute_dates_time":{"created":"Posted on October 2, 2025 3:54 pm","modified":"Updated on October 2, 2025 3:54 pm"},"featured_img_caption":"","series_order":null,"_links":{"self":[{"href":"https:\/\/koff.swisspeace.ch\/apropos\/wp-json\/wp\/v2\/posts\/6304"}],"collection":[{"href":"https:\/\/koff.swisspeace.ch\/apropos\/wp-json\/wp\/v2\/posts"}],"about":[{"href":"https:\/\/koff.swisspeace.ch\/apropos\/wp-json\/wp\/v2\/types\/post"}],"author":[{"embeddable":true,"href":"https:\/\/koff.swisspeace.ch\/apropos\/wp-json\/wp\/v2\/users\/3"}],"replies":[{"embeddable":true,"href":"https:\/\/koff.swisspeace.ch\/apropos\/wp-json\/wp\/v2\/comments?post=6304"}],"version-history":[{"count":4,"href":"https:\/\/koff.swisspeace.ch\/apropos\/wp-json\/wp\/v2\/posts\/6304\/revisions"}],"predecessor-version":[{"id":6432,"href":"https:\/\/koff.swisspeace.ch\/apropos\/wp-json\/wp\/v2\/posts\/6304\/revisions\/6432"}],"wp:featuredmedia":[{"embeddable":true,"href":"https:\/\/koff.swisspeace.ch\/apropos\/wp-json\/wp\/v2\/media\/4842"}],"wp:attachment":[{"href":"https:\/\/koff.swisspeace.ch\/apropos\/wp-json\/wp\/v2\/media?parent=6304"}],"wp:term":[{"taxonomy":"category","embeddable":true,"href":"https:\/\/koff.swisspeace.ch\/apropos\/wp-json\/wp\/v2\/categories?post=6304"},{"taxonomy":"post_tag","embeddable":true,"href":"https:\/\/koff.swisspeace.ch\/apropos\/wp-json\/wp\/v2\/tags?post=6304"},{"taxonomy":"issue","embeddable":true,"href":"https:\/\/koff.swisspeace.ch\/apropos\/wp-json\/wp\/v2\/issue?post=6304"}],"curies":[{"name":"wp","href":"https:\/\/api.w.org\/{rel}","templated":true}]}}