{"id":633,"date":"2023-02-23T15:44:37","date_gmt":"2023-02-23T15:44:37","guid":{"rendered":"https:\/\/koff.swisspeace.ch\/apropos\/?p=633"},"modified":"2023-02-24T09:53:27","modified_gmt":"2023-02-24T09:53:27","slug":"die-schweiz-und-die-weltuntergangsuhr","status":"publish","type":"post","link":"https:\/\/koff.swisspeace.ch\/apropos\/633\/die-schweiz-und-die-weltuntergangsuhr\/","title":{"rendered":"Die Schweiz und die Weltuntergangsuhr"},"content":{"rendered":"\n<p>Mit dem Einmarsch Russlands in die Ukraine ist das Risiko eines Atomkriegs gestiegen, besonders in Europa. Schon mehrmals hat Pr\u00e4sident Putin mit dem Einsatz von Atomwaffen gedroht, um den Westen zu zwingen, die Annexion ukrainischer Gebiete anzuerkennen, woraufhin die USA begonnen haben, ihre <a href=\"https:\/\/eurasiantimes.com\/us-deploy-high-accuracy-nuclear-weapons-to-europe\/\" target=\"_blank\" rel=\"noreferrer noopener\">Atomwaffenarsenale in NATO-L\u00e4ndern aufzur\u00fcsten<\/a>. Auch in <a href=\"https:\/\/www.usip.org\/publications\/2022\/05\/our-next-unthinkable-crisis-nuclear-war-asia\" target=\"_blank\" rel=\"noreferrer noopener\">Ost- und S\u00fcdasien<\/a> w\u00e4chst die nukleare Bedrohung, zum Beispiel durch den Taiwan-Konflikt zwischen China und den USA sowie durch Nordkoreas Provokationen mit Raketen. Im <a href=\"https:\/\/mondediplo.com\/2022\/11\/09middleeast\" target=\"_blank\" rel=\"noreferrer noopener\">Nahen Osten<\/a> nehmen die nuklearen Ambitionen ebenfalls zu.<\/p>\n\n\n\n<p>Der Schweiz bieten sich nun einzigartige Chancen, die Zeiger der Weltuntergangsuhr zur\u00fcckzudrehen. Diese Chancen verdankt sie ihrer Position als neutrales Land, in dem einer der wichtigsten Sitze der Vereinten Nationen beheimatet ist (Genf), ihrer bisherigen positiven Vermittlerrolle in Atomwaffenstreitigkeiten und der Tatsache, dass sie seit 1. Januar 2023 f\u00fcr zwei Jahre einen Sitz im UNO-Sicherheitsrat inne hat.<\/p>\n\n\n\n<p>In dem k\u00fcrzlich ver\u00f6ffentlichten Bericht \u00abChancen f\u00fcr die Schweiz, atomare Risikominderung und Abr\u00fcstung f\u00fcr den Zeitraum 2023-2024 voranzubringen\u00bb stellte die neue KOFF Tr\u00e4gerorganisation Basel Peace Office ein Massnahmenpaket vor, f\u00fcr das sich die Schweiz in den kommenden zwei Jahren im UNO-Sicherheitsrat, im Menschenrechtsrat, bei den Treffen zum Atomwaffensperrvertrag (NVV) und zum Atomwaffenverbotsvertrag (AVV) sowie bei den Gipfeln f\u00fcr Nachhaltigkeit und Zukunft der UNO engagieren k\u00f6nnte. Diese Vorschl\u00e4ge umfassen Folgendes:<br>1) Die Schweiz sollte alle Atomwaffenstaaten und ihre Verb\u00fcndeten auffordern, erneut zu bekr\u00e4ftigen, dass ein Atomkrieg nicht gewonnen werden kann und niemals gef\u00fchrt werden darf, und sich zu verpflichten, keinen Atomkrieg zu beginnen (\u00abNo-first-use\u00bb-Politik).<br>2) Die Schweiz sollte ausserdem alle Staaten dazu anhalten, sich f\u00fcr die vollst\u00e4ndige Abschaffung von Atomwaffen bis 2045 \u2013 dem 100-j\u00e4hrigen Bestehen der Vereinten Nationen \u2013 einzusetzen.<br>3) Ferner sollte die Schweiz auf die Staaten einwirken, sodass diese ihre Atomwaffenbudgets reduzieren bzw. Investitionen in die Atomwaffenindustrie einstellen und stattdessen mit diesen Geldern die Gesundheitsversorgung, den Klimaschutz, die Friedensf\u00f6rderung und nachhaltige Ziele finanzieren.<\/p>\n\n\n\n<p>Bei diesem Vorhaben kann sich die Schweiz auf wichtige internationale Entwicklungen st\u00fctzen, einschliesslich der Entscheidungen des Internationalen Gerichtshofs und des UNO-Menschenrechtsausschusses, die nicht nur den Einsatz von Atomwaffen, sondern auch dessen Androhung f\u00fcr illegal erkl\u00e4rt haben und die Auffassung vertreten, dass Staaten verpflichtet sind, gem\u00e4ss internationalen Vereinbarungen und unter internationaler Kontrolle weltweit f\u00fcr die Abschaffung von Atomwaffen zu sorgen.<\/p>\n\n\n\n<p>Hinzu kommt, dass die Staats-\u00ad und Regierungschefs der G20-L\u00e4nder (darunter sechs Atomwaffenstaaten und sieben Verb\u00fcndete von Atomwaffenstaaten) im November 2022 beim G20-Gipfel in Bali wie folgt \u00fcbereingekommen sind: \u00abDer Einsatz oder die Androhung des Einsatzes von Kernwaffen ist unzul\u00e4ssig. Entscheidend sind die friedliche Konfliktbeilegung, Bem\u00fchungen zur Krisenbew\u00e4ltigung sowie Diplomatie und Dialog. Unsere Zeit darf nicht eine des Krieges sein.\u00bb<\/p>\n\n\n\n<p>Das Basel Peace Office schl\u00e4gt dar\u00fcber hinaus vor, dass die schweizerische Regierung dem AVV beitritt und andere Vertragsstaaten darin best\u00e4rkt, Investitionen aus der Atomwaffenindustrie abzuziehen, wie es die Schweiz im Zuge des Kriegsmaterialgesetzes von 2013 (zumindest weitgehend) getan hat.<\/p>\n\n\n\n<p>Auch die Zivilbev\u00f6lkerung kann zu diesen Zielen beitragen, indem sie <a rel=\"noreferrer noopener\" href=\"https:\/\/www.unfoldzero.org\/protect-people-and-the-planet-appeal-for-a-nuclear-weapon-free-world\/\" target=\"_blank\">die Kampagne zum Schutz der Menschen und des Planeten<\/a> (auf Englisch) unterzeichnet.<\/p>\n","protected":false},"excerpt":{"rendered":"<p>Mit dem Einmarsch Russlands in die Ukraine ist das Risiko eines Atomkriegs gestiegen, besonders in Europa. Schon mehrmals hat Pr\u00e4sident Putin mit dem Einsatz von Atomwaffen gedroht, um den Westen zu zwingen, die Annexion ukrainischer Gebiete anzuerkennen, woraufhin die USA begonnen haben, ihre Atomwaffenarsenale in NATO-L\u00e4ndern aufzur\u00fcsten. Auch in Ost- und S\u00fcdasien w\u00e4chst die nukleare <a href=\"https:\/\/koff.swisspeace.ch\/apropos\/633\/die-schweiz-und-die-weltuntergangsuhr\/\" class=\"more-link\">&#8230;<span class=\"screen-reader-text\">  Die Schweiz und die Weltuntergangsuhr<\/span><\/a><\/p>\n","protected":false},"author":3,"featured_media":630,"comment_status":"open","ping_status":"open","sticky":false,"template":"","format":"standard","meta":{"advgb_blocks_editor_width":"","advgb_blocks_columns_visual_guide":""},"categories":[73],"tags":[],"issue":[133],"acf":[],"author_meta":{"display_name":"\u00e0 propos","author_link":"https:\/\/koff.swisspeace.ch\/apropos\/author\/apropos\/"},"featured_img":"https:\/\/koff.swisspeace.ch\/apropos\/wp-content\/uploads\/2023\/02\/UKRAIN1-600x332.png","coauthors":[],"tax_additional":{"categories":{"linked":["<a href=\"https:\/\/koff.swisspeace.ch\/apropos\/category\/reports-de\/\" class=\"advgb-post-tax-term\">Dossier<\/a>"],"unlinked":["<span class=\"advgb-post-tax-term\">Dossier<\/span>"]}},"comment_count":0,"relative_dates":{"created":"Posted 4 years ago","modified":"Updated 4 years ago"},"absolute_dates":{"created":"Posted on February 23, 2023","modified":"Updated on February 24, 2023"},"absolute_dates_time":{"created":"Posted on February 23, 2023 3:44 pm","modified":"Updated on February 24, 2023 9:53 am"},"featured_img_caption":"","series_order":null,"_links":{"self":[{"href":"https:\/\/koff.swisspeace.ch\/apropos\/wp-json\/wp\/v2\/posts\/633"}],"collection":[{"href":"https:\/\/koff.swisspeace.ch\/apropos\/wp-json\/wp\/v2\/posts"}],"about":[{"href":"https:\/\/koff.swisspeace.ch\/apropos\/wp-json\/wp\/v2\/types\/post"}],"author":[{"embeddable":true,"href":"https:\/\/koff.swisspeace.ch\/apropos\/wp-json\/wp\/v2\/users\/3"}],"replies":[{"embeddable":true,"href":"https:\/\/koff.swisspeace.ch\/apropos\/wp-json\/wp\/v2\/comments?post=633"}],"version-history":[{"count":8,"href":"https:\/\/koff.swisspeace.ch\/apropos\/wp-json\/wp\/v2\/posts\/633\/revisions"}],"predecessor-version":[{"id":1008,"href":"https:\/\/koff.swisspeace.ch\/apropos\/wp-json\/wp\/v2\/posts\/633\/revisions\/1008"}],"wp:featuredmedia":[{"embeddable":true,"href":"https:\/\/koff.swisspeace.ch\/apropos\/wp-json\/wp\/v2\/media\/630"}],"wp:attachment":[{"href":"https:\/\/koff.swisspeace.ch\/apropos\/wp-json\/wp\/v2\/media?parent=633"}],"wp:term":[{"taxonomy":"category","embeddable":true,"href":"https:\/\/koff.swisspeace.ch\/apropos\/wp-json\/wp\/v2\/categories?post=633"},{"taxonomy":"post_tag","embeddable":true,"href":"https:\/\/koff.swisspeace.ch\/apropos\/wp-json\/wp\/v2\/tags?post=633"},{"taxonomy":"issue","embeddable":true,"href":"https:\/\/koff.swisspeace.ch\/apropos\/wp-json\/wp\/v2\/issue?post=633"}],"curies":[{"name":"wp","href":"https:\/\/api.w.org\/{rel}","templated":true}]}}