{"id":644,"date":"2023-02-23T14:55:44","date_gmt":"2023-02-23T14:55:44","guid":{"rendered":"https:\/\/koff.swisspeace.ch\/apropos\/?p=644"},"modified":"2023-02-24T09:53:54","modified_gmt":"2023-02-24T09:53:54","slug":"la-suisse-et-lhorloge-de-lapocalypse","status":"publish","type":"post","link":"https:\/\/koff.swisspeace.ch\/apropos\/644\/la-suisse-et-lhorloge-de-lapocalypse\/","title":{"rendered":"La Suisse et l&#8217;horloge de l&#8217;apocalypse"},"content":{"rendered":"\n<p>L&#8217;invasion de l&#8217;Ukraine par la Russie a accru le risque de guerre nucl\u00e9aire, surtout en Europe. Le pr\u00e9sident Poutine a menac\u00e9 \u00e0 plusieurs reprises d&#8217;utiliser des armes nucl\u00e9aires pour tenter de contraindre l&#8217;Occident \u00e0 accepter son annexion du territoire ukrainien, et les \u00c9tats-Unis ont d\u00e9cid\u00e9 de <a href=\"https:\/\/eurasiantimes.com\/us-deploy-high-accuracy-nuclear-weapons-to-europe\/\" target=\"_blank\" rel=\"noreferrer noopener\">renforcer leurs armes nucl\u00e9aires<\/a> d\u00e9ploy\u00e9es dans les pays de l&#8217;OTAN. La menace nucl\u00e9aire s&#8217;accro\u00eet \u00e9galement en <a href=\"https:\/\/www.usip.org\/publications\/2022\/05\/our-next-unthinkable-crisis-nuclear-war-asia\" target=\"_blank\" rel=\"noreferrer noopener\">Asie de l&#8217;Est et du Sud<\/a>, par exemple dans le cadre du conflit sur Ta\u00efwan entre la Chine et les \u00c9tats-Unis et en raison des provocations nucl\u00e9aires de la Cor\u00e9e du Nord, ainsi qu&#8217;au <a href=\"https:\/\/mondediplo.com\/2022\/11\/09middleeast\" target=\"_blank\" rel=\"noreferrer noopener\">Moyen-Orient<\/a>.<\/p>\n\n\n\n<p>La Suisse a des possibilit\u00e9s uniques de &#8220;faire ralentir les aiguilles de l&#8217;horloge de l&#8217;apocalypse&#8221;. Ces possibilit\u00e9s d\u00e9coulent de sa position de pays neutre qui accueille l&#8217;un des principaux centres des Nations unies (\u00e0 Gen\u00e8ve), du r\u00f4le positif que la Suisse a jou\u00e9 dans la m\u00e9diation de conflits li\u00e9s aux armes nucl\u00e9aires par le pass\u00e9, et du fait que le pays a entam\u00e9 un mandat de deux ans au Conseil de s\u00e9curit\u00e9 de l&#8217;ONU depuis 1er janvier 2023.<\/p>\n\n\n\n<p>Dans un <a href=\"https:\/\/baselpeaceoffice.org\/article\/doomsday-clock-and-switzerland-neutral-country\" target=\"_blank\" rel=\"noreferrer noopener\">document<\/a> r\u00e9cemment publi\u00e9 intitul\u00e9 &#8220;The Doomsday Clock and Switzerland as a neutral country&#8221;, le nouveau membre de KOFF, Basel Peace Office, a formul\u00e9 une s\u00e9rie de propositions d&#8217;actions concr\u00e8tes que la Suisse pourrait promouvoir en 2023-2024 au Conseil de s\u00e9curit\u00e9 de l&#8217;ONU, au Conseil des droits de l&#8217;homme, \u00e0 la r\u00e9union du Trait\u00e9 de non-prolif\u00e9ration nucl\u00e9aire, au Sommet du d\u00e9veloppement durable de l&#8217;ONU, \u00e0 la r\u00e9union du Trait\u00e9 sur l&#8217;interdiction des armes nucl\u00e9aires (TPNW) et au Sommet sur l&#8217;avenir de l&#8217;ONU. Ces propositions visent notamment \u00e0 ce que la Suisse :<\/p>\n\n\n\n<p>1) appelle tous les \u00c9tats dot\u00e9s de l&#8217;arme nucl\u00e9aire et leurs alli\u00e9s \u00e0 r\u00e9affirmer qu&#8217;une guerre nucl\u00e9aire ne peut \u00eatre gagn\u00e9e et ne doit jamais \u00eatre men\u00e9e, et \u00e0 mettre cela en \u0153uvre en adoptant des politiques visant \u00e0 ne jamais d\u00e9clencher une guerre nucl\u00e9aire (politique du non-recours en premier) ;<\/p>\n\n\n\n<p>2) appelle tous les \u00c9tats \u00e0 s&#8217;engager \u00e0 l&#8217;\u00e9limination totale des armes nucl\u00e9aires au plus tard en 2045, date du 100e anniversaire des Nations Unies ;<\/p>\n\n\n\n<p>3) demande aux puissances nucl\u00e9aires de r\u00e9duire leurs budgets consacr\u00e9s aux armes nucl\u00e9aires et \u00e0 tous les autres de cesser d&#8217;investir dans cette industrie et de r\u00e9orienter leurs investissements vers la sant\u00e9 publique, la protection du climat, la paix et le d\u00e9veloppement durable.<\/p>\n\n\n\n<p>La Suisse peut trouver un soutien \u00e0 ces appels dans les principaux organes de droit international, notamment \u00e0 la Cour internationale de justice et au Comit\u00e9 des droits de l&#8217;homme de l&#8217;ONU, qui ont affirm\u00e9 que la menace ou l&#8217;utilisation d&#8217;armes nucl\u00e9aires est ill\u00e9gale et que les \u00c9tats ont l&#8217;obligation de parvenir \u00e0 l&#8217;\u00e9limination mondiale des armes nucl\u00e9aires dans le cadre d&#8217;un accord et d&#8217;un contr\u00f4le internationaux.<\/p>\n\n\n\n<p>En outre, les dirigeant\u00b7es des pays du G20 (qui comprend 6 pays dot\u00e9s d&#8217;armes nucl\u00e9aires et 7 pays alli\u00e9s nucl\u00e9aires) ont convenu, lors du sommet du G20 \u00e0 Bali en novembre 2022, que &#8220;l&#8217;utilisation ou la menace d&#8217;utilisation d&#8217;armes nucl\u00e9aires est inadmissible(&#8230;). La r\u00e9solution pacifique des conflits, les efforts pour faire face aux crises, ainsi que la diplomatie et le dialogue, sont essentiels. L&#8217;\u00e8re d&#8217;aujourd&#8217;hui ne doit pas \u00eatre celle de la guerre&#8221;.<\/p>\n\n\n\n<p>Le Basel Peace Office propose \u00e9galement que le gouvernement suisse adh\u00e8re au TPNW et encourage d&#8217;autres \u00c9tats \u00e0 r\u00e9duire leur participation \u00e0 l&#8217;industrie nucl\u00e9aire, comme la Suisse l&#8217;a (presque) fait suite \u00e0 l&#8217;adoption de la loi suisse sur le mat\u00e9riel de guerre de 2013.&nbsp;<\/p>\n\n\n\n<p>Les membres de la soci\u00e9t\u00e9 civile peuvent soutenir ces id\u00e9es en approuvant le &#8220;<a rel=\"noreferrer noopener\" href=\"https:\/\/www.unfoldzero.org\/protect-people-and-the-planet-appeal-for-a-nuclear-weapon-free-world\/\" target=\"_blank\">Protect People and the Planet : Appel pour un monde sans armes nucl\u00e9aires<\/a>.&#8221;<\/p>\n\n\n\n<h2><\/h2>\n","protected":false},"excerpt":{"rendered":"<p>L&#8217;invasion de l&#8217;Ukraine par la Russie a accru le risque de guerre nucl\u00e9aire, surtout en Europe. Le pr\u00e9sident Poutine a menac\u00e9 \u00e0 plusieurs reprises d&#8217;utiliser des armes nucl\u00e9aires pour tenter de contraindre l&#8217;Occident \u00e0 accepter son annexion du territoire ukrainien, et les \u00c9tats-Unis ont d\u00e9cid\u00e9 de renforcer leurs armes nucl\u00e9aires d\u00e9ploy\u00e9es dans les pays de <a href=\"https:\/\/koff.swisspeace.ch\/apropos\/644\/la-suisse-et-lhorloge-de-lapocalypse\/\" class=\"more-link\">&#8230;<span class=\"screen-reader-text\">  La Suisse et l&#8217;horloge de l&#8217;apocalypse<\/span><\/a><\/p>\n","protected":false},"author":3,"featured_media":630,"comment_status":"open","ping_status":"open","sticky":false,"template":"","format":"standard","meta":{"advgb_blocks_editor_width":"","advgb_blocks_columns_visual_guide":""},"categories":[113],"tags":[],"issue":[135],"acf":[],"author_meta":{"display_name":"\u00e0 propos","author_link":"https:\/\/koff.swisspeace.ch\/apropos\/author\/apropos\/"},"featured_img":"https:\/\/koff.swisspeace.ch\/apropos\/wp-content\/uploads\/2023\/02\/UKRAIN1-600x332.png","coauthors":[],"tax_additional":{"categories":{"linked":["<a href=\"https:\/\/koff.swisspeace.ch\/apropos\/category\/reports-fr\/\" class=\"advgb-post-tax-term\">Dossier<\/a>"],"unlinked":["<span class=\"advgb-post-tax-term\">Dossier<\/span>"]}},"comment_count":0,"relative_dates":{"created":"Posted 4 years ago","modified":"Updated 4 years ago"},"absolute_dates":{"created":"Posted on February 23, 2023","modified":"Updated on February 24, 2023"},"absolute_dates_time":{"created":"Posted on February 23, 2023 2:55 pm","modified":"Updated on February 24, 2023 9:53 am"},"featured_img_caption":"","series_order":null,"_links":{"self":[{"href":"https:\/\/koff.swisspeace.ch\/apropos\/wp-json\/wp\/v2\/posts\/644"}],"collection":[{"href":"https:\/\/koff.swisspeace.ch\/apropos\/wp-json\/wp\/v2\/posts"}],"about":[{"href":"https:\/\/koff.swisspeace.ch\/apropos\/wp-json\/wp\/v2\/types\/post"}],"author":[{"embeddable":true,"href":"https:\/\/koff.swisspeace.ch\/apropos\/wp-json\/wp\/v2\/users\/3"}],"replies":[{"embeddable":true,"href":"https:\/\/koff.swisspeace.ch\/apropos\/wp-json\/wp\/v2\/comments?post=644"}],"version-history":[{"count":14,"href":"https:\/\/koff.swisspeace.ch\/apropos\/wp-json\/wp\/v2\/posts\/644\/revisions"}],"predecessor-version":[{"id":1036,"href":"https:\/\/koff.swisspeace.ch\/apropos\/wp-json\/wp\/v2\/posts\/644\/revisions\/1036"}],"wp:featuredmedia":[{"embeddable":true,"href":"https:\/\/koff.swisspeace.ch\/apropos\/wp-json\/wp\/v2\/media\/630"}],"wp:attachment":[{"href":"https:\/\/koff.swisspeace.ch\/apropos\/wp-json\/wp\/v2\/media?parent=644"}],"wp:term":[{"taxonomy":"category","embeddable":true,"href":"https:\/\/koff.swisspeace.ch\/apropos\/wp-json\/wp\/v2\/categories?post=644"},{"taxonomy":"post_tag","embeddable":true,"href":"https:\/\/koff.swisspeace.ch\/apropos\/wp-json\/wp\/v2\/tags?post=644"},{"taxonomy":"issue","embeddable":true,"href":"https:\/\/koff.swisspeace.ch\/apropos\/wp-json\/wp\/v2\/issue?post=644"}],"curies":[{"name":"wp","href":"https:\/\/api.w.org\/{rel}","templated":true}]}}