{"id":6528,"date":"2025-12-16T09:27:13","date_gmt":"2025-12-16T09:27:13","guid":{"rendered":"https:\/\/koff.swisspeace.ch\/apropos\/?p=6528"},"modified":"2025-12-16T09:27:13","modified_gmt":"2025-12-16T09:27:13","slug":"linformation-un-service-essentiel-dans-les-contextes-fermes","status":"publish","type":"post","link":"https:\/\/koff.swisspeace.ch\/apropos\/6528\/linformation-un-service-essentiel-dans-les-contextes-fermes\/","title":{"rendered":"L\u2019information \u2013 Un service essentiel dans les contextes ferm\u00e9s"},"content":{"rendered":"\n<p>Dans de nombreux pays o\u00f9 l\u2019espace civique et m\u00e9diatique se r\u00e9tr\u00e9cit, acc\u00e9der \u00e0 une information fiable devient un enjeu vital. Face \u00e0 la censure ou \u00e0 la propagande, les m\u00e9dias soutenus par la Fondation Hirondelle continuent de produire une information utile, ancr\u00e9e dans le quotidien des populations. Ce journalisme de premi\u00e8re n\u00e9cessit\u00e9 rappelle que l\u2019information n\u2019est pas un luxe d\u00e9mocratique, mais un service essentiel de base. Et qu\u2019en permettant aux citoyen\u00b7nes de comprendre, de dialoguer et d\u2019agir, elle contribue directement \u00e0 la pr\u00e9servation des libert\u00e9s fondamentales et donc \u00e0 la paix.<\/p>\n\n\n\n<p><strong>Informer pour vivre<\/strong><br>Lorsque les libert\u00e9s reculent, la priorit\u00e9 des m\u00e9dias de la Fondation est claire : informer pour vivre. Au Burkina Faso, l\u2019\u00e9mission hebdomadaire Faso Yafa de Studio Yafa r\u00e9pond ainsi aux besoins urgents d\u2019information des personnes d\u00e9plac\u00e9es internes. Sant\u00e9, s\u00e9curit\u00e9, acc\u00e8s aux services humanitaires\u00a0: en plus de fournir des informations essentielles, ce programme relie les populations d\u00e9racin\u00e9es \u00e0 leurs communaut\u00e9s d\u2019accueil, tout en sensibilisant l\u2019ensemble du pays \u00e0 leurs conditions de vie. Dans un contexte marqu\u00e9 par la violence et la peur, cette information aide \u00e0 recr\u00e9er du lien, redonne dignit\u00e9 et perspectives aux populations, et apaise les tensions.<\/p>\n\n\n\n<p><strong>Le maillage local, cl\u00e9 de la confiance<\/strong><br>Dans des environnements o\u00f9 la libert\u00e9 d\u2019expression reste fragile, un r\u00e9seau de journalistes et d\u2019acteurs locaux engag\u00e9s devient la colonne vert\u00e9brale d\u2019une information cr\u00e9dible. En Tunisie, le Programme de participation active des citoyennes et citoyens (PACT), soutenu par la Fondation Hirondelle, illustre cette dynamique. En renfor\u00e7ant les capacit\u00e9s des m\u00e9dias locaux et des organisations de la soci\u00e9t\u00e9 civile, le projet favorise une information ancr\u00e9e dans les r\u00e9alit\u00e9s des territoires et un dialogue ouvert entre citoyen\u00b7nes et institutions. Ce maillage de voix locales permet de rendre compte des pr\u00e9occupations concr\u00e8tes des communaut\u00e9s, de lutter contre la d\u00e9sinformation et de redonner confiance dans la parole publique. Ces espaces d\u2019\u00e9changes et de participation nourrissent une citoyennet\u00e9 active, essentielle \u00e0 la construction d\u2019une paix durable. \u00a0<\/p>\n\n\n\n<p><strong>L\u2019exil, dernier refuge de la libert\u00e9<\/strong><br>Lorsque le silence devient loi, certains m\u00e9dias n\u2019ont d\u2019autre choix que de s\u2019exiler pour continuer \u00e0 informer. C\u2019est le cas de Frontier Myanmar, m\u00e9dia partenaire de la Fondation Hirondelle avec qui la fondation produit Doh Athan, un podcast sur les droits humains depuis 2017. Depuis la Tha\u00eflande, ses journalistes donnent la parole aux victimes, ouvrent leurs micros aux communaut\u00e9s exil\u00e9es comme \u00e0 celles rest\u00e9es au pays. En maintenant ce lien, ils\u00b7elles rappellent que l\u2019information traverse les fronti\u00e8res, relie les consciences et que cette continuit\u00e9 permet de garder vivante la m\u00e9moire collective et de pr\u00e9server l\u2019espoir d\u2019un avenir pacifique.<\/p>\n\n\n\n<p>Ainsi, depuis plus de trente ans, la Fondation Hirondelle met le journalisme au service des populations confront\u00e9es aux crises, aux conflits ou \u00e0 la fermeture des espaces civiques. En soutenant des m\u00e9dias ind\u00e9pendants, en formant des journalistes et en favorisant le dialogue, elle d\u00e9fend une conviction simple et universelle : l\u2019acc\u00e8s \u00e0 une information fiable est le premier pas vers la libert\u00e9 et la paix. &nbsp;<\/p>\n","protected":false},"excerpt":{"rendered":"<p>Dans de nombreux pays o\u00f9 l\u2019espace civique et m\u00e9diatique se r\u00e9tr\u00e9cit, acc\u00e9der \u00e0 une information fiable devient un enjeu vital. Face \u00e0 la censure ou \u00e0 la propagande, les m\u00e9dias soutenus par la Fondation Hirondelle continuent de produire une information utile, ancr\u00e9e dans le quotidien des populations. Ce journalisme de premi\u00e8re n\u00e9cessit\u00e9 rappelle que l\u2019information <a href=\"https:\/\/koff.swisspeace.ch\/apropos\/6528\/linformation-un-service-essentiel-dans-les-contextes-fermes\/\" class=\"more-link\">&#8230;<span class=\"screen-reader-text\">  L\u2019information \u2013 Un service essentiel dans les contextes ferm\u00e9s<\/span><\/a><\/p>\n","protected":false},"author":3,"featured_media":6792,"comment_status":"closed","ping_status":"closed","sticky":false,"template":"","format":"standard","meta":{"advgb_blocks_editor_width":"","advgb_blocks_columns_visual_guide":""},"categories":[113],"tags":[],"issue":[454],"acf":[],"author_meta":{"display_name":"\u00e0 propos","author_link":"https:\/\/koff.swisspeace.ch\/apropos\/author\/apropos\/"},"featured_img":"https:\/\/koff.swisspeace.ch\/apropos\/wp-content\/uploads\/2025\/12\/Fondation-hirondelle_194-600x332.jpg","coauthors":[],"tax_additional":{"categories":{"linked":["<a href=\"https:\/\/koff.swisspeace.ch\/apropos\/category\/reports-fr\/\" class=\"advgb-post-tax-term\">Dossier<\/a>"],"unlinked":["<span class=\"advgb-post-tax-term\">Dossier<\/span>"]}},"comment_count":0,"relative_dates":{"created":"Posted 9 months ago","modified":"Updated 9 months ago"},"absolute_dates":{"created":"Posted on December 16, 2025","modified":"Updated on December 16, 2025"},"absolute_dates_time":{"created":"Posted on December 16, 2025 9:27 am","modified":"Updated on December 16, 2025 9:27 am"},"featured_img_caption":"","series_order":null,"_links":{"self":[{"href":"https:\/\/koff.swisspeace.ch\/apropos\/wp-json\/wp\/v2\/posts\/6528"}],"collection":[{"href":"https:\/\/koff.swisspeace.ch\/apropos\/wp-json\/wp\/v2\/posts"}],"about":[{"href":"https:\/\/koff.swisspeace.ch\/apropos\/wp-json\/wp\/v2\/types\/post"}],"author":[{"embeddable":true,"href":"https:\/\/koff.swisspeace.ch\/apropos\/wp-json\/wp\/v2\/users\/3"}],"replies":[{"embeddable":true,"href":"https:\/\/koff.swisspeace.ch\/apropos\/wp-json\/wp\/v2\/comments?post=6528"}],"version-history":[{"count":13,"href":"https:\/\/koff.swisspeace.ch\/apropos\/wp-json\/wp\/v2\/posts\/6528\/revisions"}],"predecessor-version":[{"id":6924,"href":"https:\/\/koff.swisspeace.ch\/apropos\/wp-json\/wp\/v2\/posts\/6528\/revisions\/6924"}],"wp:featuredmedia":[{"embeddable":true,"href":"https:\/\/koff.swisspeace.ch\/apropos\/wp-json\/wp\/v2\/media\/6792"}],"wp:attachment":[{"href":"https:\/\/koff.swisspeace.ch\/apropos\/wp-json\/wp\/v2\/media?parent=6528"}],"wp:term":[{"taxonomy":"category","embeddable":true,"href":"https:\/\/koff.swisspeace.ch\/apropos\/wp-json\/wp\/v2\/categories?post=6528"},{"taxonomy":"post_tag","embeddable":true,"href":"https:\/\/koff.swisspeace.ch\/apropos\/wp-json\/wp\/v2\/tags?post=6528"},{"taxonomy":"issue","embeddable":true,"href":"https:\/\/koff.swisspeace.ch\/apropos\/wp-json\/wp\/v2\/issue?post=6528"}],"curies":[{"name":"wp","href":"https:\/\/api.w.org\/{rel}","templated":true}]}}