{"id":6567,"date":"2025-12-16T09:09:41","date_gmt":"2025-12-16T09:09:41","guid":{"rendered":"https:\/\/koff.swisspeace.ch\/apropos\/?p=6567"},"modified":"2025-12-16T09:09:41","modified_gmt":"2025-12-16T09:09:41","slug":"argentinien-einsatz-fur-die-offentlichkeit-trotz-autoritarismus","status":"publish","type":"post","link":"https:\/\/koff.swisspeace.ch\/apropos\/6567\/argentinien-einsatz-fur-die-offentlichkeit-trotz-autoritarismus\/","title":{"rendered":"Argentinien \u2013 Einsatz f\u00fcr die \u00d6ffentlichkeit trotz Autoritarismus"},"content":{"rendered":"\n<p>Dass Argentinien unter Pr\u00e4sident Javier Milei einen autorit\u00e4ren Kurs einschlagen w\u00fcrde, zeichnete sich nicht erst an der Wahlurne ab. Es war das Ergebnis einer Reihe von wirtschaftlichen, sozialen und politischen Krisen, die die Gesellschaft ersch\u00f6pft haben. Milei galt als Aussenseiter, der sich gegen die ineffektive politische Klasse wandte, und mit einer Inflation von 211,4 Prozent sowie einer Armutsquote von fast 40 Prozent spielte ihm das Jahr 2023 in die Karten.<\/p>\n\n\n\n<p><strong>Wachsende Bedrohung f\u00fcr Meinungsfreiheit und Zivilgesellschaft<\/strong><br>Seit der Einf\u00fchrung eines nationalen Sicherheitsprotokolls Ende 2023 kann die Polizei h\u00e4rter gegen Strassenblockaden und Proteste vorgehen. Der argentinischen Menschenrechtsorganisation Comisi\u00f3n Provincial por la Memoria zufolge wurden bis zum 30. Juni 2025 mindestens 2&#8217;467 Personen bei Protesten verletzt. Zudem stellt die Einschr\u00e4nkung der Pressefreiheit eine Gefahr f\u00fcr Journalist:innen, Aktivist:innen und Advocacy-Organisationen dar. Stigmatisierung, \u00dcbergriffe, missbr\u00e4uchliche Gerichtsverfahren und exzessive Gewaltanwendung erschweren den Zugang zu unabh\u00e4ngigen Informationen.<\/p>\n\n\n\n<p><strong>Strategische Risikobewertungen und \u00f6ffentliches Engagement<\/strong><br>Zur Aufrechterhaltung von Pluralismus und Menschenrechten in diesem schwierigen Umfeld st\u00fctzt sich die Arbeit von Amnesty International auf drei S\u00e4ulen:<\/p>\n\n\n\n<ul>\n<li><strong>Digital Listening<\/strong>, um Stimmungen in der Gesellschaft zu erfassen,<\/li>\n\n\n\n<li><strong>Dokumentation von Menschenrechtsverst\u00f6ssen<\/strong> nach strengen Standards und Protokollen,<\/li>\n\n\n\n<li><strong>Advocacy nach dem \u00abZangenprinzip\u00bb<\/strong>, das lokales Engagement mit internationalem Druck verbindet.<\/li>\n<\/ul>\n\n\n\n<p>Die Organisation hat mehrere Massnahmen zur Risikoreduktion eingef\u00fchrt: Sie bevorzugt kollektive Zeugenaussagen (da Einzelpersonen st\u00e4rker exponiert sind), beschr\u00e4nkt die Erfassung sensibler Daten auf ein Minimum (keine echten Vor- und Nachnamen, Adressen oder andere Daten, die pers\u00f6nliche Angriffe oder eine Reviktimisierung erm\u00f6glichen k\u00f6nnten) und nutzt kulturelle und digitale Formate, mit denen die Zielgruppen vertraut sind.<\/p>\n\n\n\n<p><strong>Klare Regeln f\u00fcr Eins\u00e4tze und Schutzmassnahmen<\/strong><br>Das Engagement von Amnesty in Argentinien folgt klar definierten Regeln: technischer Dialog, nachvollziehbare Verpflichtungen und \u2013 wenn sich T\u00fcren schliessen \u2013 Eskalation an Kontrollorgane. Sicherheitsprotokolle (Notfallpl\u00e4ne, sichere Transportwege und wechselnde Sprecher:innen) sch\u00fctzen Mitarbeitende und Gemeinschaften. Vor jedem Einsatz \u2013 ob Demonstration oder Menschenrechtskampagne \u2013 wird der politische und gesellschaftliche Kontext analysiert, einschliesslich Studien zur \u00f6ffentlichen Meinung und Social Listening, Erfassung der relevanten Akteure und Spannungsindikatoren. Die Entscheidungsfindung erfolgt anhand einer einfachen Checkliste: Ist der Einsatz legal, notwendig und angemessen? Dar\u00fcber hinaus werden Risikobewertungen und der Grundsatz \u00abDo no harm\u00bb angewendet.<\/p>\n\n\n\n<p>In diesem Umfeld setzt sich Amnesty International auch weiterhin f\u00fcr Menschenrechte und die Dokumentation von Verst\u00f6ssen ein und versucht, die Risiken f\u00fcr die unterst\u00fctzten Gemeinschaften zu minimieren. Auf der Grundlage eingehender Kontextanalysen und strenger Sicherheitsprotokolle bietet die Organisation Unterst\u00fctzung bei Gerichtsverfahren und \u00d6ffentlichkeitskampagnen, ohne Mitarbeitende und Partner zu gef\u00e4hrden. Dieser Ansatz stellt sicher, dass die Eins\u00e4tze verantwortungsvoll und effektiv ablaufen \u2013 trotz des schrumpfenden zivilgesellschaftlichen Raums in Argentinien.<\/p>\n","protected":false},"excerpt":{"rendered":"<p>Dass Argentinien unter Pr\u00e4sident Javier Milei einen autorit\u00e4ren Kurs einschlagen w\u00fcrde, zeichnete sich nicht erst an der Wahlurne ab. Es war das Ergebnis einer Reihe von wirtschaftlichen, sozialen und politischen Krisen, die die Gesellschaft ersch\u00f6pft haben. Milei galt als Aussenseiter, der sich gegen die ineffektive politische Klasse wandte, und mit einer Inflation von 211,4 Prozent <a href=\"https:\/\/koff.swisspeace.ch\/apropos\/6567\/argentinien-einsatz-fur-die-offentlichkeit-trotz-autoritarismus\/\" class=\"more-link\">&#8230;<span class=\"screen-reader-text\">  Argentinien \u2013 Einsatz f\u00fcr die \u00d6ffentlichkeit trotz Autoritarismus<\/span><\/a><\/p>\n","protected":false},"author":3,"featured_media":6564,"comment_status":"closed","ping_status":"closed","sticky":false,"template":"","format":"standard","meta":{"advgb_blocks_editor_width":"","advgb_blocks_columns_visual_guide":""},"categories":[73],"tags":[],"issue":[451],"acf":[],"author_meta":{"display_name":"\u00e0 propos","author_link":"https:\/\/koff.swisspeace.ch\/apropos\/author\/apropos\/"},"featured_img":"https:\/\/koff.swisspeace.ch\/apropos\/wp-content\/uploads\/2025\/12\/WBAmnesty-600x332.jpg","coauthors":[],"tax_additional":{"categories":{"linked":["<a href=\"https:\/\/koff.swisspeace.ch\/apropos\/category\/reports-de\/\" class=\"advgb-post-tax-term\">Dossier<\/a>"],"unlinked":["<span class=\"advgb-post-tax-term\">Dossier<\/span>"]}},"comment_count":0,"relative_dates":{"created":"Posted 9 months ago","modified":"Updated 9 months ago"},"absolute_dates":{"created":"Posted on December 16, 2025","modified":"Updated on December 16, 2025"},"absolute_dates_time":{"created":"Posted on December 16, 2025 9:09 am","modified":"Updated on December 16, 2025 9:09 am"},"featured_img_caption":"","series_order":null,"_links":{"self":[{"href":"https:\/\/koff.swisspeace.ch\/apropos\/wp-json\/wp\/v2\/posts\/6567"}],"collection":[{"href":"https:\/\/koff.swisspeace.ch\/apropos\/wp-json\/wp\/v2\/posts"}],"about":[{"href":"https:\/\/koff.swisspeace.ch\/apropos\/wp-json\/wp\/v2\/types\/post"}],"author":[{"embeddable":true,"href":"https:\/\/koff.swisspeace.ch\/apropos\/wp-json\/wp\/v2\/users\/3"}],"replies":[{"embeddable":true,"href":"https:\/\/koff.swisspeace.ch\/apropos\/wp-json\/wp\/v2\/comments?post=6567"}],"version-history":[{"count":4,"href":"https:\/\/koff.swisspeace.ch\/apropos\/wp-json\/wp\/v2\/posts\/6567\/revisions"}],"predecessor-version":[{"id":6910,"href":"https:\/\/koff.swisspeace.ch\/apropos\/wp-json\/wp\/v2\/posts\/6567\/revisions\/6910"}],"wp:featuredmedia":[{"embeddable":true,"href":"https:\/\/koff.swisspeace.ch\/apropos\/wp-json\/wp\/v2\/media\/6564"}],"wp:attachment":[{"href":"https:\/\/koff.swisspeace.ch\/apropos\/wp-json\/wp\/v2\/media?parent=6567"}],"wp:term":[{"taxonomy":"category","embeddable":true,"href":"https:\/\/koff.swisspeace.ch\/apropos\/wp-json\/wp\/v2\/categories?post=6567"},{"taxonomy":"post_tag","embeddable":true,"href":"https:\/\/koff.swisspeace.ch\/apropos\/wp-json\/wp\/v2\/tags?post=6567"},{"taxonomy":"issue","embeddable":true,"href":"https:\/\/koff.swisspeace.ch\/apropos\/wp-json\/wp\/v2\/issue?post=6567"}],"curies":[{"name":"wp","href":"https:\/\/api.w.org\/{rel}","templated":true}]}}