{"id":6570,"date":"2025-12-16T09:27:13","date_gmt":"2025-12-16T09:27:13","guid":{"rendered":"https:\/\/koff.swisspeace.ch\/apropos\/?p=6570"},"modified":"2025-12-16T10:15:12","modified_gmt":"2025-12-16T10:15:12","slug":"argentine-travail-au-grand-jour-malgre-la-derive-autoritaire","status":"publish","type":"post","link":"https:\/\/koff.swisspeace.ch\/apropos\/6570\/argentine-travail-au-grand-jour-malgre-la-derive-autoritaire\/","title":{"rendered":"Argentine \u2013 Travail au grand jour, malgr\u00e9 la d\u00e9rive autoritaire"},"content":{"rendered":"\n<p>En Argentine, les signes d\u2019une d\u00e9rive autoritaire sous le pr\u00e9sident Javier Milei ne se sont pas fait ressentir que par les derni\u00e8res \u00e9lections pr\u00e9sidentielles; ils sont le r\u00e9sultat de crises \u00e9conomiques, sociales et politiques accumul\u00e9es qui ont laiss\u00e9 la soci\u00e9t\u00e9 \u00e9puis\u00e9e. Per\u00e7u comme un outsider face \u00e0 une classe politique inefficace, Milei a capitalis\u00e9 sur une inflation annuelle de 211,4 % en 2023 et un taux de pauvret\u00e9 de pr\u00e8s de 40%.<\/p>\n\n\n\n<p><strong>Des menaces croissantes sur la libert\u00e9 d\u2019expression et la soci\u00e9t\u00e9 civile<\/strong><br>Depuis fin 2023, une mesure nationale connue sous le nom de \u00ab Protocole anti-manifestations \u00bb a renforc\u00e9 l\u2019intervention polici\u00e8re lors des barrages routiers et des manifestations. Au 30 juin 2025, au moins 2 467 personnes avaient \u00e9t\u00e9 bless\u00e9es lors de manifestations, selon la Commission provinciale de la M\u00e9moire (une organisation locale de d\u00e9fense des droits humains). La libert\u00e9 de la presse a \u00e9galement d\u00e9clin\u00e9, exposant journalistes, militant\u00b7es et organisations de plaidoyer comme Amnesty International \u00e0 des risques accrus. La stigmatisation, les attaques, les proc\u00e8s abusifs et l\u2019usage excessif de la force rendent l\u2019acc\u00e8s \u00e0 une information ind\u00e9pendante de plus en plus difficile.<\/p>\n\n\n\n<p><strong>\u00c9valuation strat\u00e9gique des risques et engagement public<\/strong><br>Pour soutenir le pluralisme et les initiatives de d\u00e9fense des droits humains dans cet environnement, Amnesty International s\u2019appuie sur trois piliers:<\/p>\n\n\n\n<ul>\n<li><strong>\u00c9coute num\u00e9rique<\/strong> pour comprendre l\u2019humeur sociale;<\/li>\n\n\n\n<li><strong>Documentation des violations des droits humains<\/strong> selon des standards et protocoles rigoureux;<\/li>\n\n\n\n<li><strong>Plaidoyer \u00e0 double pression<\/strong>, combinant action locale et pression internationale.<\/li>\n<\/ul>\n\n\n\n<p>L\u2019organisation a adapt\u00e9 ses pratiques pour r\u00e9duire les risques: elle privil\u00e9gie les t\u00e9moignages collectifs (les t\u00e9moignages individuels \u00e9tant plus risqu\u00e9s pour les t\u00e9moins), limite la collecte de donn\u00e9es sensibles (noms, adresses ou toute information permettant d\u2019identifier ou de revictimiser une personne), et utilise des formats culturels et num\u00e9riques d\u00e9j\u00e0 familiers \u00e0 ses publics.<\/p>\n\n\n\n<p><strong>R\u00e8gles claires d\u2019engagement et de protection<\/strong><br>La relation d\u2019Amnesty avec l\u2019\u00c9tat argentin ob\u00e9it \u00e0 des r\u00e8gles bien \u00e9tablies: un dialogue technique, des engagements v\u00e9rifiables et, lorsque les portes se ferment, le recours aux instances de contr\u00f4le. Afin de prot\u00e9ger ses \u00e9quipes et les communaut\u00e9s, des protocoles de s\u00e9curit\u00e9 sont appliqu\u00e9s (plans de contingence, itin\u00e9raires s\u00fbrs, porte-parole tournants). Avant chaque intervention \u2014 manifestation ou campagne de d\u00e9fense des droits humains \u2014 des analyses du contexte politique et social sont r\u00e9alis\u00e9es, incluant \u00e9tudes d\u2019opinion, \u00e9coute sociale et cartographie des acteurs cl\u00e9s et des indicateurs de tensions. Les d\u00e9cisions reposent sur une grille de crit\u00e8res simple: est-ce l\u00e9gal, n\u00e9cessaire et proportionn\u00e9? soutenue par des \u00e9valuations des risques et par le principe essentiel du \u00ab ne pas nuire \u00bb.<\/p>\n\n\n\n<p>Dans cet environnement, Amnesty International reste d\u00e9termin\u00e9e \u00e0 documenter les abus et \u00e0 soutenir le plaidoyer pour les droits humains tout en minimisant les risques pour les communaut\u00e9s avec lesquelles elle travaille. Fond\u00e9e sur une analyse rigoureuse du contexte et des protocoles de s\u00e9curit\u00e9 stricts, son action continue de soutenir la l\u00e9gislation et les campagnes publiques sans exposer ses \u00e9quipes ou partenaires. Cette approche garantit des interventions responsables et efficaces, m\u00eame si l\u2019espace civique en Argentine continue de s&#8217;amenuiser.<\/p>\n","protected":false},"excerpt":{"rendered":"<p>En Argentine, les signes d\u2019une d\u00e9rive autoritaire sous le pr\u00e9sident Javier Milei ne se sont pas fait ressentir que par les derni\u00e8res \u00e9lections pr\u00e9sidentielles; ils sont le r\u00e9sultat de crises \u00e9conomiques, sociales et politiques accumul\u00e9es qui ont laiss\u00e9 la soci\u00e9t\u00e9 \u00e9puis\u00e9e. Per\u00e7u comme un outsider face \u00e0 une classe politique inefficace, Milei a capitalis\u00e9 sur <a href=\"https:\/\/koff.swisspeace.ch\/apropos\/6570\/argentine-travail-au-grand-jour-malgre-la-derive-autoritaire\/\" class=\"more-link\">&#8230;<span class=\"screen-reader-text\">  Argentine \u2013 Travail au grand jour, malgr\u00e9 la d\u00e9rive autoritaire<\/span><\/a><\/p>\n","protected":false},"author":3,"featured_media":6564,"comment_status":"closed","ping_status":"closed","sticky":false,"template":"","format":"standard","meta":{"advgb_blocks_editor_width":"","advgb_blocks_columns_visual_guide":""},"categories":[113],"tags":[],"issue":[454],"acf":[],"author_meta":{"display_name":"\u00e0 propos","author_link":"https:\/\/koff.swisspeace.ch\/apropos\/author\/apropos\/"},"featured_img":"https:\/\/koff.swisspeace.ch\/apropos\/wp-content\/uploads\/2025\/12\/WBAmnesty-600x332.jpg","coauthors":[],"tax_additional":{"categories":{"linked":["<a href=\"https:\/\/koff.swisspeace.ch\/apropos\/category\/reports-fr\/\" class=\"advgb-post-tax-term\">Dossier<\/a>"],"unlinked":["<span class=\"advgb-post-tax-term\">Dossier<\/span>"]}},"comment_count":0,"relative_dates":{"created":"Posted 9 months ago","modified":"Updated 9 months ago"},"absolute_dates":{"created":"Posted on December 16, 2025","modified":"Updated on December 16, 2025"},"absolute_dates_time":{"created":"Posted on December 16, 2025 9:27 am","modified":"Updated on December 16, 2025 10:15 am"},"featured_img_caption":"","series_order":null,"_links":{"self":[{"href":"https:\/\/koff.swisspeace.ch\/apropos\/wp-json\/wp\/v2\/posts\/6570"}],"collection":[{"href":"https:\/\/koff.swisspeace.ch\/apropos\/wp-json\/wp\/v2\/posts"}],"about":[{"href":"https:\/\/koff.swisspeace.ch\/apropos\/wp-json\/wp\/v2\/types\/post"}],"author":[{"embeddable":true,"href":"https:\/\/koff.swisspeace.ch\/apropos\/wp-json\/wp\/v2\/users\/3"}],"replies":[{"embeddable":true,"href":"https:\/\/koff.swisspeace.ch\/apropos\/wp-json\/wp\/v2\/comments?post=6570"}],"version-history":[{"count":10,"href":"https:\/\/koff.swisspeace.ch\/apropos\/wp-json\/wp\/v2\/posts\/6570\/revisions"}],"predecessor-version":[{"id":6990,"href":"https:\/\/koff.swisspeace.ch\/apropos\/wp-json\/wp\/v2\/posts\/6570\/revisions\/6990"}],"wp:featuredmedia":[{"embeddable":true,"href":"https:\/\/koff.swisspeace.ch\/apropos\/wp-json\/wp\/v2\/media\/6564"}],"wp:attachment":[{"href":"https:\/\/koff.swisspeace.ch\/apropos\/wp-json\/wp\/v2\/media?parent=6570"}],"wp:term":[{"taxonomy":"category","embeddable":true,"href":"https:\/\/koff.swisspeace.ch\/apropos\/wp-json\/wp\/v2\/categories?post=6570"},{"taxonomy":"post_tag","embeddable":true,"href":"https:\/\/koff.swisspeace.ch\/apropos\/wp-json\/wp\/v2\/tags?post=6570"},{"taxonomy":"issue","embeddable":true,"href":"https:\/\/koff.swisspeace.ch\/apropos\/wp-json\/wp\/v2\/issue?post=6570"}],"curies":[{"name":"wp","href":"https:\/\/api.w.org\/{rel}","templated":true}]}}