{"id":6581,"date":"2025-12-16T09:09:41","date_gmt":"2025-12-16T09:09:41","guid":{"rendered":"https:\/\/koff.swisspeace.ch\/apropos\/?p=6581"},"modified":"2025-12-16T09:09:41","modified_gmt":"2025-12-16T09:09:41","slug":"unterstutzung-fur-menschenrechtsverteidigerinnen-im-exil-peace-brigades-international-bekampft-transnationale-repression","status":"publish","type":"post","link":"https:\/\/koff.swisspeace.ch\/apropos\/6581\/unterstutzung-fur-menschenrechtsverteidigerinnen-im-exil-peace-brigades-international-bekampft-transnationale-repression\/","title":{"rendered":"Unterst\u00fctzung f\u00fcr Menschenrechtsverteidiger:innen im Exil \u2013 Peace Brigades International bek\u00e4mpft transnationale Repression\u00a0"},"content":{"rendered":"\n<p>In Nicaragua nimmt die Unterdr\u00fcckung abweichender Meinungen durch das autorit\u00e4re Regime von Ortega-Murillo seit 2018 systematisch zu. Besonders betroffen sind Menschenrechtsverteidiger:innen, Journalist:innen und Mitglieder der Zivilgesellschaft. Bereits \u00fcber <a href=\"https:\/\/www.hrw.org\/world-report\/2025\/country-chapters\/nicaragua#6c2392\" target=\"_blank\" rel=\"noreferrer noopener\">5.600 NGOs wurden geschlossen<\/a>, Dutzende Journalist:innen ins Exil getrieben und mindestens <a href=\"https:\/\/www.hrw.org\/world-report\/2025\/country-chapters\/nicaragua#867453\" target=\"_blank\" rel=\"noreferrer noopener\">450 Personen wurde die Staatsb\u00fcrgerschaft aberkannt<\/a>. Diese Unterdr\u00fcckung geht einher mit einer tiefen wirtschaftlichen, politischen und sozialen Krise, die fast <a href=\"https:\/\/www.unhcr.org\/refugee-statistics\/data-summaries?data_summaries%5Bregion%5D=&amp;data_summaries%5Bcountry%5D=140&amp;data_summaries%5BwithinFrom%5D=from&amp;data_summaries%5Bview%5D=population_totals&amp;data_summaries%5Byear%5D=2025&amp;data_summaries%5BpopType%5D=FDP&amp;data_summaries%5B_mode%5D=country&amp;data_summaries%5B_token%5D=043d94.hcvl7B2u7zxKq5qHI3-M-EcI7cJT9s21lKdH8-qD6b4.1J-LtGfnhnkz_6LuQirryC5gnZoXwqvF8M13ppDohvbpn9Ktee2fanrIyw&amp;data_summaries%5Bsubmit%5D=\" target=\"_blank\" rel=\"noreferrer noopener\">350.000 Menschen zur Flucht gezwungen hat<\/a> \u2013 die meisten davon nach Costa Rica.&nbsp;<\/p>\n\n\n\n<p><strong>Nicaraguas staatliche Gewalt geht \u00fcber die Grenzen hinaus<\/strong>\u00a0<br>Der regimekritische Schriftsteller und ehemalige Soldat Roberto Samcam wurde im Juni 2025 in San Jos\u00e9, Costa Rica, ermordet. Seine Frau Claudia Vargas trat drei Monate sp\u00e4ter vor den UN-Menschenrechtsrat. Die im Exil lebende feministische Menschenrechtsaktivistin prangerte dort die zunehmenden Angriffe auf nicaraguanische Fl\u00fcchtlinge an und forderte die internationale Gemeinschaft auf, zu reagieren.\u00a0\u00a0<\/p>\n\n\n\n<p>Selbst in der Schweiz traf Peace Brigades International (PBI) auf Personen nicaraguanischer Herkunft, die anonym bleiben m\u00f6chten oder sich weigern, an Veranstaltungen teilzunehmen. Grund daf\u00fcr ist die Angst vor Repressalien gegen ihre Familien in Nicaragua. Im Land selbst handeln die wenigen noch aktiven Aktivist:innen und unabh\u00e4ngigen Journalist:innen mittlerweile im Untergrund.&nbsp;&nbsp;&nbsp;<\/p>\n\n\n\n<p>Angesichts dieser transnationalen Repression ist die gemeinsame Mobilisierung von internationalen Menschenrechtsverteidiger:innen und Netzwerken wichtiger denn je.&nbsp;<\/p>\n\n\n\n<p><strong>Von Costa Rica nach Genf: ein wichtiges Engagement\u00a0<\/strong>\u00a0<br>Seit 2019 unterst\u00fctzt PBI nicaraguanische Menschenrechtsverteidiger:innen im Exil durch ein Projekt in Costa Rica. Es ist das einzige Projekt von PBI, an dem im Exil lebende Personen beteiligt sind. Ziel ist es, ihre Sicherheit, ihr psychosoziales Wohlbefinden und ihre Handlungsf\u00e4higkeit zu st\u00e4rken und gleichzeitig ihre Anliegen an internationale Gremien weiterzuleiten. In diesem Zusammenhang wurde im vergangenen September eine Delegation von Menschenrechtsverteidiger:innen nach Genf eingeladen, um bei diplomatischen Vertretungen und den Vereinten Nationen Advocacy-Arbeit zu leisten.\u00a0<\/p>\n\n\n\n<p>Neben Claudia Vargas waren auch der nicaraguanische Aktivist Joao Maldonado, der zwei Mordanschl\u00e4ge in Costa Rica und 13 Sch\u00fcsse \u00fcberlebt hat, sowie seine Partnerin, die Journalistin Nadia Robleto, die seit einem \u00fcberlebten Anschlag im Rollstuhl sitzt. \u00ab Ich bin ein lebendes Beispiel f\u00fcr grenz\u00fcberschreitende Verfolgung \u00bb, berichtete sie.&nbsp;&nbsp;<\/p>\n\n\n\n<p>Um das Problem anzugehen sind internationale Solidarit\u00e4t und Advocacy-Massnahmen nach wie vor unverzichtbar. Die von PBI unterst\u00fctzten Menschenrechtsverteidiger:innen fordern den UN-Menschenrechtsrat auf, entschlossen zu handeln, um der Straflosigkeit dieser Verbrechen und den anhaltenden Menschenrechtsverletzungen ein Ende zu setzen sowie den Schutz der im Exil lebenden Personen zu gew\u00e4hrleisten. Zu diesem Zweck ist eine Zusammenarbeit mit Costa Rica erforderlich, zum Beispiel um strafrechtliche Ermittlungen zu unterst\u00fctzen.&nbsp;<\/p>\n","protected":false},"excerpt":{"rendered":"<p>In Nicaragua nimmt die Unterdr\u00fcckung abweichender Meinungen durch das autorit\u00e4re Regime von Ortega-Murillo seit 2018 systematisch zu. Besonders betroffen sind Menschenrechtsverteidiger:innen, Journalist:innen und Mitglieder der Zivilgesellschaft. Bereits \u00fcber 5.600 NGOs wurden geschlossen, Dutzende Journalist:innen ins Exil getrieben und mindestens 450 Personen wurde die Staatsb\u00fcrgerschaft aberkannt. Diese Unterdr\u00fcckung geht einher mit einer tiefen wirtschaftlichen, politischen und <a href=\"https:\/\/koff.swisspeace.ch\/apropos\/6581\/unterstutzung-fur-menschenrechtsverteidigerinnen-im-exil-peace-brigades-international-bekampft-transnationale-repression\/\" class=\"more-link\">&#8230;<span class=\"screen-reader-text\">  Unterst\u00fctzung f\u00fcr Menschenrechtsverteidiger:innen im Exil \u2013 Peace Brigades International bek\u00e4mpft transnationale Repression\u00a0<\/span><\/a><\/p>\n","protected":false},"author":3,"featured_media":6577,"comment_status":"closed","ping_status":"closed","sticky":false,"template":"","format":"standard","meta":{"advgb_blocks_editor_width":"","advgb_blocks_columns_visual_guide":""},"categories":[73],"tags":[],"issue":[451],"acf":[],"author_meta":{"display_name":"\u00e0 propos","author_link":"https:\/\/koff.swisspeace.ch\/apropos\/author\/apropos\/"},"featured_img":"https:\/\/koff.swisspeace.ch\/apropos\/wp-content\/uploads\/2025\/12\/WB_PBI_191-600x332.jpg","coauthors":[],"tax_additional":{"categories":{"linked":["<a href=\"https:\/\/koff.swisspeace.ch\/apropos\/category\/reports-de\/\" class=\"advgb-post-tax-term\">Dossier<\/a>"],"unlinked":["<span class=\"advgb-post-tax-term\">Dossier<\/span>"]}},"comment_count":0,"relative_dates":{"created":"Posted 9 months ago","modified":"Updated 9 months ago"},"absolute_dates":{"created":"Posted on December 16, 2025","modified":"Updated on December 16, 2025"},"absolute_dates_time":{"created":"Posted on December 16, 2025 9:09 am","modified":"Updated on December 16, 2025 9:09 am"},"featured_img_caption":"","series_order":null,"_links":{"self":[{"href":"https:\/\/koff.swisspeace.ch\/apropos\/wp-json\/wp\/v2\/posts\/6581"}],"collection":[{"href":"https:\/\/koff.swisspeace.ch\/apropos\/wp-json\/wp\/v2\/posts"}],"about":[{"href":"https:\/\/koff.swisspeace.ch\/apropos\/wp-json\/wp\/v2\/types\/post"}],"author":[{"embeddable":true,"href":"https:\/\/koff.swisspeace.ch\/apropos\/wp-json\/wp\/v2\/users\/3"}],"replies":[{"embeddable":true,"href":"https:\/\/koff.swisspeace.ch\/apropos\/wp-json\/wp\/v2\/comments?post=6581"}],"version-history":[{"count":10,"href":"https:\/\/koff.swisspeace.ch\/apropos\/wp-json\/wp\/v2\/posts\/6581\/revisions"}],"predecessor-version":[{"id":6880,"href":"https:\/\/koff.swisspeace.ch\/apropos\/wp-json\/wp\/v2\/posts\/6581\/revisions\/6880"}],"wp:featuredmedia":[{"embeddable":true,"href":"https:\/\/koff.swisspeace.ch\/apropos\/wp-json\/wp\/v2\/media\/6577"}],"wp:attachment":[{"href":"https:\/\/koff.swisspeace.ch\/apropos\/wp-json\/wp\/v2\/media?parent=6581"}],"wp:term":[{"taxonomy":"category","embeddable":true,"href":"https:\/\/koff.swisspeace.ch\/apropos\/wp-json\/wp\/v2\/categories?post=6581"},{"taxonomy":"post_tag","embeddable":true,"href":"https:\/\/koff.swisspeace.ch\/apropos\/wp-json\/wp\/v2\/tags?post=6581"},{"taxonomy":"issue","embeddable":true,"href":"https:\/\/koff.swisspeace.ch\/apropos\/wp-json\/wp\/v2\/issue?post=6581"}],"curies":[{"name":"wp","href":"https:\/\/api.w.org\/{rel}","templated":true}]}}