{"id":6603,"date":"2025-12-16T09:27:12","date_gmt":"2025-12-16T09:27:12","guid":{"rendered":"https:\/\/koff.swisspeace.ch\/apropos\/?p=6603"},"modified":"2025-12-16T10:14:59","modified_gmt":"2025-12-16T10:14:59","slug":"perou-defense-des-droits-humains-en-environnement-restreint","status":"publish","type":"post","link":"https:\/\/koff.swisspeace.ch\/apropos\/6603\/perou-defense-des-droits-humains-en-environnement-restreint\/","title":{"rendered":"P\u00e9rou \u2013 D\u00e9fense des droits humains en environnement restreint"},"content":{"rendered":"\n<p>Le P\u00e9rou traverse une p\u00e9riode d\u2019instabilit\u00e9 politique et de polarisation croissante. L\u2019espace d\u2019action des personnes qui d\u00e9fendent leurs droits se r\u00e9duit. Sont particuli\u00e8rement touch\u00e9\u00b7es celles et ceux qui exigent des entreprises mini\u00e8res le respect des normes environnementales et sanitaires nationales et internationales. Par des modifications l\u00e9gislatives telles que la r\u00e9forme de la <a rel=\"noreferrer noopener\" href=\"https:\/\/www.infostelle-peru.de\/politik-und-demokratie\/verordnungen-fuers-apci-gesetz-verabschiedet\/\" target=\"_blank\">loi APCI<\/a> \u2013 une sorte de loi anti-ONG \u2013 l\u2019\u00c9tat renforce la pression sur les acteurs de la soci\u00e9t\u00e9 civile.<\/p>\n\n\n\n<p><strong>Adaptation de la strat\u00e9gie de Peace Watch Switzerland (PWS)<\/strong><br>\u00c0 Espinar, les populations subissent de fortes <a rel=\"noreferrer noopener\" href=\"https:\/\/derechosinfronteras.pe\/revista-institucional\/\" target=\"_blank\">pollutions environnementales<\/a> et des violations de leurs droits humains. Des \u00e9tudes men\u00e9es autour de la mine de cuivre Antapaccay, exploit\u00e9e par Glencore, mettent en lumi\u00e8re des risques pour la sant\u00e9, le cadre de vie et les traditions. Afin de r\u00e9pondre aux atteintes aux droits des communaut\u00e9s ainsi qu\u2019\u00e0 l\u2019avanc\u00e9e de syst\u00e8mes de gouvernement plus autoritaires, PWS d\u00e9veloppe actuellement son programme en mati\u00e8re de droits humains dans la r\u00e9gion d\u2019Espinar et soutient les communaut\u00e9s locales et les d\u00e9fenseur\u00b7ses de l\u2019environnement.<br>Cependant, pour l\u2019heure, l\u2019organisation ne peut pas recourir \u00e0 son instrument traditionnel: l\u2019envoi de volontaires internationaux dont la pr\u00e9sence physique, en tant qu\u2019observateurs ou observatrices des droits humains, offre protection et visibilit\u00e9 aux personnes concern\u00e9es.<\/p>\n\n\n\n<p><strong>R\u00e9organisation gr\u00e2ce \u00e0 un partenariat local<\/strong><br>\u00c0 la suite d\u2019une analyse des risques, PWS a ajust\u00e9 sa strat\u00e9gie. L\u2019accent est d\u00e9sormais sur le renforcement des structures locales plut\u00f4t que sur une pr\u00e9sence internationale. C\u2019est pourquoi PWS soutient le travail de Derechos Humanos Sin Fronteras (DHSF).<br>Ce partenariat vise \u00e0 renforcer les capacit\u00e9s des personnes qui d\u00e9fendent leurs droits malgr\u00e9 la r\u00e9pression, en particulier les femmes occupant des postes de direction. DHSF met en \u0153uvre des activit\u00e9s leur permettant d\u2019apprendre \u00e0 collecter des preuves, \u00e0 comprendre les d\u00e9marches et proc\u00e9dures administratives, et \u00e0 revendiquer leurs droits de mani\u00e8re autonome.<br>Parall\u00e8lement, un accompagnement psychosocial est essentiel. Il s\u2019agit de renforcer la r\u00e9silience de personnes expos\u00e9es depuis des ann\u00e9es \u00e0 un environnement dangereux.<\/p>\n\n\n\n<p><strong>Mobilisation de leviers internationaux tout en garantissant une appropriation locale<\/strong><br>PWS et DHSF \u0153uvrent \u00e9galement \u00e0 renforcer l\u2019action de plaidoyer au niveau international. Lorsque l\u2019\u00c9tat restreint les espaces d\u2019action locaux et nationaux, les m\u00e9canismes internationaux (organes de l\u2019ONU, proc\u00e9dures internationales relatives aux droits humains, m\u00e9canismes de plainte tels que ceux de l\u2019OCDE ou des initiatives de certification) gagnent en importance face aux entreprises de l\u2019h\u00e9misph\u00e8re nord.<br>Dans ce cadre, les deux organisations partenaires collaborent avec des acteurs exp\u00e9riment\u00e9s, tandis que les personnes et communaut\u00e9s concern\u00e9es continuent de d\u00e9finir les priorit\u00e9s et la strat\u00e9gie. L\u2019appropriation reste ainsi ancr\u00e9e au niveau local.<\/p>\n","protected":false},"excerpt":{"rendered":"<p>Le P\u00e9rou traverse une p\u00e9riode d\u2019instabilit\u00e9 politique et de polarisation croissante. L\u2019espace d\u2019action des personnes qui d\u00e9fendent leurs droits se r\u00e9duit. Sont particuli\u00e8rement touch\u00e9\u00b7es celles et ceux qui exigent des entreprises mini\u00e8res le respect des normes environnementales et sanitaires nationales et internationales. Par des modifications l\u00e9gislatives telles que la r\u00e9forme de la loi APCI \u2013 <a href=\"https:\/\/koff.swisspeace.ch\/apropos\/6603\/perou-defense-des-droits-humains-en-environnement-restreint\/\" class=\"more-link\">&#8230;<span class=\"screen-reader-text\">  P\u00e9rou \u2013 D\u00e9fense des droits humains en environnement restreint<\/span><\/a><\/p>\n","protected":false},"author":3,"featured_media":6597,"comment_status":"closed","ping_status":"closed","sticky":false,"template":"","format":"standard","meta":{"advgb_blocks_editor_width":"","advgb_blocks_columns_visual_guide":""},"categories":[113],"tags":[],"issue":[454],"acf":[],"author_meta":{"display_name":"\u00e0 propos","author_link":"https:\/\/koff.swisspeace.ch\/apropos\/author\/apropos\/"},"featured_img":"https:\/\/koff.swisspeace.ch\/apropos\/wp-content\/uploads\/2025\/12\/WB_PWS191-600x331.jpg","coauthors":[],"tax_additional":{"categories":{"linked":["<a href=\"https:\/\/koff.swisspeace.ch\/apropos\/category\/reports-fr\/\" class=\"advgb-post-tax-term\">Dossier<\/a>"],"unlinked":["<span class=\"advgb-post-tax-term\">Dossier<\/span>"]}},"comment_count":0,"relative_dates":{"created":"Posted 9 months ago","modified":"Updated 9 months ago"},"absolute_dates":{"created":"Posted on December 16, 2025","modified":"Updated on December 16, 2025"},"absolute_dates_time":{"created":"Posted on December 16, 2025 9:27 am","modified":"Updated on December 16, 2025 10:14 am"},"featured_img_caption":"","series_order":null,"_links":{"self":[{"href":"https:\/\/koff.swisspeace.ch\/apropos\/wp-json\/wp\/v2\/posts\/6603"}],"collection":[{"href":"https:\/\/koff.swisspeace.ch\/apropos\/wp-json\/wp\/v2\/posts"}],"about":[{"href":"https:\/\/koff.swisspeace.ch\/apropos\/wp-json\/wp\/v2\/types\/post"}],"author":[{"embeddable":true,"href":"https:\/\/koff.swisspeace.ch\/apropos\/wp-json\/wp\/v2\/users\/3"}],"replies":[{"embeddable":true,"href":"https:\/\/koff.swisspeace.ch\/apropos\/wp-json\/wp\/v2\/comments?post=6603"}],"version-history":[{"count":23,"href":"https:\/\/koff.swisspeace.ch\/apropos\/wp-json\/wp\/v2\/posts\/6603\/revisions"}],"predecessor-version":[{"id":6989,"href":"https:\/\/koff.swisspeace.ch\/apropos\/wp-json\/wp\/v2\/posts\/6603\/revisions\/6989"}],"wp:featuredmedia":[{"embeddable":true,"href":"https:\/\/koff.swisspeace.ch\/apropos\/wp-json\/wp\/v2\/media\/6597"}],"wp:attachment":[{"href":"https:\/\/koff.swisspeace.ch\/apropos\/wp-json\/wp\/v2\/media?parent=6603"}],"wp:term":[{"taxonomy":"category","embeddable":true,"href":"https:\/\/koff.swisspeace.ch\/apropos\/wp-json\/wp\/v2\/categories?post=6603"},{"taxonomy":"post_tag","embeddable":true,"href":"https:\/\/koff.swisspeace.ch\/apropos\/wp-json\/wp\/v2\/tags?post=6603"},{"taxonomy":"issue","embeddable":true,"href":"https:\/\/koff.swisspeace.ch\/apropos\/wp-json\/wp\/v2\/issue?post=6603"}],"curies":[{"name":"wp","href":"https:\/\/api.w.org\/{rel}","templated":true}]}}