{"id":6614,"date":"2025-12-16T09:09:41","date_gmt":"2025-12-16T09:09:41","guid":{"rendered":"https:\/\/koff.swisspeace.ch\/apropos\/?p=6614"},"modified":"2025-12-16T09:09:41","modified_gmt":"2025-12-16T09:09:41","slug":"honduras-der-kampf-fur-arbeitsrechte-im-textilsektor-unter-autoritarismus","status":"publish","type":"post","link":"https:\/\/koff.swisspeace.ch\/apropos\/6614\/honduras-der-kampf-fur-arbeitsrechte-im-textilsektor-unter-autoritarismus\/","title":{"rendered":"Honduras \u2013 Der Kampf f\u00fcr Arbeitsrechte im Textilsektor unter Autoritarismus"},"content":{"rendered":"\n<p>Die vergangenen Jahrzehnte waren f\u00fcr die Menschen in Honduras steinig. Nachdem es 2009 zu einem Milit\u00e4rputsch kam, der in einer Narco-Diktatur bis 2022 m\u00fcndete, steht auch in der Gegenwart das Land vor einer ungewissen Zukunft. Eine gute Entwicklungszusammenarbeit zeichnet sich auch dadurch aus, in solchen anspruchsvollen Kontexten Antworten auf die Bed\u00fcrfnisse der Menschen zu finden.<\/p>\n\n\n\n<p>Das hat Colectiva de Mujeres Hondure\u00f1as (Codemuh), eine Partnerorganisation von Br\u00fccke Le Pont in Honduras, w\u00e4hrend der Narco-Diktatur geschafft. Seit \u00fcber 30 Jahren engagiert sich Codemuh f\u00fcr die St\u00e4rkung und Verteidigung von Frauenrechten. Besonders zentral ist dabei ihre Arbeit in den Textilfabriken.<\/p>\n\n\n\n<p><strong>Schl\u00fcsselpersonen in Verwaltung ausmachen<\/strong><br>Maria Luisa Regalado ist Gesch\u00e4ftsleiterin von Codemuh. An die Zeit der Diktatur erinnert sie sich. Codemuh hat den Frauen in dieser Zeit den R\u00fccken gest\u00e4rkt: Gegen\u00fcber Entscheidungstr\u00e4ger:innen, staatlichen Stellen und bei Menschenrechtsorganisationen hat das Team von Regalado seit 2018 Advocacy-Arbeit betrieben und gleichzeitig strategische Rechtsstreitigkeiten auf nationaler und internationaler Ebene gef\u00fchrt. Betroffene Frauen wurden aufgekl\u00e4rt \u2013 \u00fcber ihre geschlechtsspezifischen Rechte und generell \u00fcber Arbeitsrechtsfragen. Somit hat Codemuh rechtliche Aufkl\u00e4rungsarbeit geleistet, in der nicht nur Arbeitsrechtsverletzungen, sondern auch geschlechtsspezifische Gewalt regelm\u00e4ssig vorkommen. Mittlerweile organisieren sich die Frauen auch niederschwellig in Gruppenchats und beraten sich als Fachpersonen gegenseitig.<\/p>\n\n\n\n<p>W\u00e4hrend der Diktatur hat Codemuh die Flucht nach vorne ergriffen. Beamt:innen wurden mit den Arbeits- und Menschenrechtsverletzungen an den Textilarbeiter:innen konfrontiert. \u00abWir haben dabei den Kontakt zu unseren Verb\u00fcndeten in der \u00f6ffentlichen Verwaltung gezielt gepflegt\u00bb, sagt Regalado. Denn diese gibt es, und sie sind Schl\u00fcsselpersonen f\u00fcr den Erfolg der Entwicklungszusammenarbeit \u2013 gerade w\u00e4hrend einer Diktatur.<\/p>\n\n\n\n<p><strong>Von der Strasse an den Verhandlungstisch<\/strong><br>Auch das Setzen auf eine Grassroots-Bewegung hat den Erfolg des Projekts w\u00e4hrend der Diktatur gew\u00e4hrleistet. So habe man es immer wieder geschafft, die Beamt:innen an den Verhandlungstisch zu bringen. \u00abAls zwei grosse Kleiderproduzenten die Arbeitsrechte von \u00fcber 100 Frauen verletzt hatten, mobilisierten wir eine Demonstration mit Dutzenden Frauen vor dem honduranischen Institut f\u00fcr soziale Sicherheit (IHSS). Noch am selben Tag empfing uns eine Delegation der IHSS-Leitung, um unseren Argumenten zuzuh\u00f6ren\u00bb, sagt Regalado. Dies war nicht ohne Risiko, doch haben alle Betroffenen sp\u00e4ter eine Entsch\u00e4digung erhalten.<\/p>\n\n\n\n<p>Verb\u00fcndete suchen, sich vernetzen, auf die Rechte pochen \u2013 trotz Diktatur. Regalado musste viel Mut beweisen. Doch der Erfolg gibt Recht: Heute trifft sie sich regelm\u00e4ssig mit dem Chef des Bundesgerichts, um sich mit ihm \u00fcber arbeitsrechtliche Herausforderungen im Textilsektor auszutauschen. Heute hat sich die Gewaltenteilung stabilisiert. Die arbeits- und menschenrechtliche Kompetenz, welche von Codemuh in die Rechtsprechung der h\u00f6chsten Gerichte einfliesst, entfaltet also auch hier strukturell ihre Wirkung.<\/p>\n\n\n\n<p><\/p>\n","protected":false},"excerpt":{"rendered":"<p>Die vergangenen Jahrzehnte waren f\u00fcr die Menschen in Honduras steinig. Nachdem es 2009 zu einem Milit\u00e4rputsch kam, der in einer Narco-Diktatur bis 2022 m\u00fcndete, steht auch in der Gegenwart das Land vor einer ungewissen Zukunft. Eine gute Entwicklungszusammenarbeit zeichnet sich auch dadurch aus, in solchen anspruchsvollen Kontexten Antworten auf die Bed\u00fcrfnisse der Menschen zu finden. <a href=\"https:\/\/koff.swisspeace.ch\/apropos\/6614\/honduras-der-kampf-fur-arbeitsrechte-im-textilsektor-unter-autoritarismus\/\" class=\"more-link\">&#8230;<span class=\"screen-reader-text\">  Honduras \u2013 Der Kampf f\u00fcr Arbeitsrechte im Textilsektor unter Autoritarismus<\/span><\/a><\/p>\n","protected":false},"author":3,"featured_media":6611,"comment_status":"closed","ping_status":"closed","sticky":false,"template":"","format":"standard","meta":{"advgb_blocks_editor_width":"","advgb_blocks_columns_visual_guide":""},"categories":[73],"tags":[],"issue":[451],"acf":[],"author_meta":{"display_name":"\u00e0 propos","author_link":"https:\/\/koff.swisspeace.ch\/apropos\/author\/apropos\/"},"featured_img":"https:\/\/koff.swisspeace.ch\/apropos\/wp-content\/uploads\/2025\/12\/Bruecke_194-600x332.jpg","coauthors":[],"tax_additional":{"categories":{"linked":["<a href=\"https:\/\/koff.swisspeace.ch\/apropos\/category\/reports-de\/\" class=\"advgb-post-tax-term\">Dossier<\/a>"],"unlinked":["<span class=\"advgb-post-tax-term\">Dossier<\/span>"]}},"comment_count":0,"relative_dates":{"created":"Posted 9 months ago","modified":"Updated 9 months ago"},"absolute_dates":{"created":"Posted on December 16, 2025","modified":"Updated on December 16, 2025"},"absolute_dates_time":{"created":"Posted on December 16, 2025 9:09 am","modified":"Updated on December 16, 2025 9:09 am"},"featured_img_caption":"","series_order":null,"_links":{"self":[{"href":"https:\/\/koff.swisspeace.ch\/apropos\/wp-json\/wp\/v2\/posts\/6614"}],"collection":[{"href":"https:\/\/koff.swisspeace.ch\/apropos\/wp-json\/wp\/v2\/posts"}],"about":[{"href":"https:\/\/koff.swisspeace.ch\/apropos\/wp-json\/wp\/v2\/types\/post"}],"author":[{"embeddable":true,"href":"https:\/\/koff.swisspeace.ch\/apropos\/wp-json\/wp\/v2\/users\/3"}],"replies":[{"embeddable":true,"href":"https:\/\/koff.swisspeace.ch\/apropos\/wp-json\/wp\/v2\/comments?post=6614"}],"version-history":[{"count":5,"href":"https:\/\/koff.swisspeace.ch\/apropos\/wp-json\/wp\/v2\/posts\/6614\/revisions"}],"predecessor-version":[{"id":6877,"href":"https:\/\/koff.swisspeace.ch\/apropos\/wp-json\/wp\/v2\/posts\/6614\/revisions\/6877"}],"wp:featuredmedia":[{"embeddable":true,"href":"https:\/\/koff.swisspeace.ch\/apropos\/wp-json\/wp\/v2\/media\/6611"}],"wp:attachment":[{"href":"https:\/\/koff.swisspeace.ch\/apropos\/wp-json\/wp\/v2\/media?parent=6614"}],"wp:term":[{"taxonomy":"category","embeddable":true,"href":"https:\/\/koff.swisspeace.ch\/apropos\/wp-json\/wp\/v2\/categories?post=6614"},{"taxonomy":"post_tag","embeddable":true,"href":"https:\/\/koff.swisspeace.ch\/apropos\/wp-json\/wp\/v2\/tags?post=6614"},{"taxonomy":"issue","embeddable":true,"href":"https:\/\/koff.swisspeace.ch\/apropos\/wp-json\/wp\/v2\/issue?post=6614"}],"curies":[{"name":"wp","href":"https:\/\/api.w.org\/{rel}","templated":true}]}}