{"id":6619,"date":"2025-12-16T09:27:13","date_gmt":"2025-12-16T09:27:13","guid":{"rendered":"https:\/\/koff.swisspeace.ch\/apropos\/?p=6619"},"modified":"2025-12-16T09:27:13","modified_gmt":"2025-12-16T09:27:13","slug":"honduras-secteur-textile-et-lutte-pour-les-droits-du-travail-sous-lautoritarisme","status":"publish","type":"post","link":"https:\/\/koff.swisspeace.ch\/apropos\/6619\/honduras-secteur-textile-et-lutte-pour-les-droits-du-travail-sous-lautoritarisme\/","title":{"rendered":"Honduras \u2013 Secteur textile et lutte pour les droits du travail sous l\u2019autoritarisme"},"content":{"rendered":"\n<p>Les derni\u00e8res d\u00e9cennies ont \u00e9t\u00e9 difficiles pour la population hondurienne. Apr\u00e8s le coup d\u2019\u00c9tat militaire de 2009, qui a conduit \u00e0 une narco-dictature jusqu\u2019en 2022, le pays fait aujourd\u2019hui encore face \u00e0 un avenir incertain. Une bonne coop\u00e9ration au d\u00e9veloppement se distingue aussi par sa capacit\u00e9 \u00e0 trouver des r\u00e9ponses aux besoins de la population dans de tels contextes exigeants.<\/p>\n\n\n\n<p>C\u2019est ce qu\u2019a r\u00e9ussi \u00e0 faire la <em>Colectiva de Mujeres Hondure\u00f1as<\/em> (Codemuh), une organisation partenaire de Br\u00fccke Le Pont au Honduras, durant la narco-dictature. Depuis plus de 30 ans, Codemuh s\u2019engage pour la d\u00e9fense et le renforcement des droits des femmes. Son travail dans les usines textiles constitue un axe particuli\u00e8rement central.<\/p>\n\n\n\n<p><strong>Identifier les personnes cl\u00e9s dans l\u2019administration<\/strong><br>Maria Luisa Regalado est directrice de Codemuh. Elle se souvient du temps de la dictature : \u00ab La situation politique avait un impact n\u00e9gatif sur le fonctionnement des institutions publiques \u00bb, explique-t-elle.<\/p>\n\n\n\n<p>M\u00eame dans un tel contexte, Codemuh a soutenu les femmes : depuis 2018, l\u2019\u00e9quipe de Regalado a men\u00e9 un travail de plaidoyer aupr\u00e8s des d\u00e9cisionnaires politiques, des institutions publiques et des organisations de d\u00e9fense des droits humains, tout en menant des actions juridiques strat\u00e9giques aux niveaux national et international. Les femmes concern\u00e9es ont \u00e9t\u00e9 sensibilis\u00e9es \u00e0 leurs droits sp\u00e9cifiques en tant que femmes, ainsi qu\u2019aux questions relatives au droit du travail en g\u00e9n\u00e9ral. \u00ab Cela a permis aux femmes d\u2019agir par elles-m\u00eames \u00bb, souligne Regalado.<\/p>\n\n\n\n<p>Aujourd\u2019hui, elles s\u2019organisent de mani\u00e8re informelle par l\u2019interm\u00e9diaire de groupes de discussion et s\u2019entraident en tant que sp\u00e9cialistes. Ainsi, les connaissances juridiques diffus\u00e9es par Codemuh se propagent dans un secteur vuln\u00e9rable, marqu\u00e9 non seulement par des violations des droits du travail, mais aussi par des violences li\u00e9es au genre qui surviennent r\u00e9guli\u00e8rement.<\/p>\n\n\n\n<p>Durant la dictature, Codemuh a pris les devants. Les fonctionnaires ont \u00e9t\u00e9 confront\u00e9\u00b7es aux violations des droits humains et des droits du travail subis par les ouvri\u00e8res du textile. \u00ab Nous avons entretenu de mani\u00e8re cibl\u00e9e nos contacts avec nos alli\u00e9\u00b7es au sein de l\u2019administration publique \u00bb, explique Regalado. Car ces alli\u00e9\u00b7es existent, et ils sont des acteurs cl\u00e9s pour la r\u00e9ussite de la coop\u00e9ration au d\u00e9veloppement \u2013 surtout en p\u00e9riode de dictature.<\/p>\n\n\n\n<p><strong>De la rue \u00e0 la table des n\u00e9gociations<\/strong><br>Le recours \u00e0 un mouvement populaire a \u00e9galement \u00e9t\u00e9 d\u00e9terminant pour assurer le succ\u00e8s du projet durant la dictature. \u00c0 plusieurs reprises, Codemuh a r\u00e9ussi \u00e0 forcer des repr\u00e9sentant\u00b7es de l\u2019\u00c9tat \u00e0 s\u2019asseoir \u00e0 la table des n\u00e9gociations. \u00ab Lorsque deux grandes entreprises du textile ont viol\u00e9 les droits du travail de plus de 100 femmes, nous avons mobilis\u00e9 une manifestation rassemblant des dizaines de femmes devant l\u2019Institut hondurien de s\u00e9curit\u00e9 sociale (IHSS). Le jour m\u00eame, une d\u00e9l\u00e9gation de la direction de l\u2019IHSS nous a re\u00e7ues pour \u00e9couter nos arguments \u00bb, raconte Regalado. Cette action n\u2019\u00e9tait pas sans risque, mais toutes les femmes concern\u00e9es ont ensuite obtenu une indemnisation.<\/p>\n\n\n\n<p>Chercher des alli\u00e9s, cr\u00e9er des r\u00e9seaux et revendiquer ses droits \u2013 malgr\u00e9 la dictature. Regalado a d\u00fb faire preuve d\u2019un grand courage. Mais le succ\u00e8s est au rendez-vous : aujourd\u2019hui, elle rencontre r\u00e9guli\u00e8rement le pr\u00e9sident de la Cour supr\u00eame pour discuter des enjeux li\u00e9s au droit du travail dans le secteur textile. La s\u00e9paration des pouvoirs s\u2019est stabilis\u00e9e. C\u2019est une \u00e9volution bienvenue, car l\u2019expertise en mati\u00e8re de droits du travail et de droits humains apport\u00e9e par Codemuh contribue d\u00e9sormais m\u00eame \u00e0 la jurisprudence des plus hautes instances judiciaires, produisant ainsi un impact structurel durable.<\/p>\n","protected":false},"excerpt":{"rendered":"<p>Les derni\u00e8res d\u00e9cennies ont \u00e9t\u00e9 difficiles pour la population hondurienne. Apr\u00e8s le coup d\u2019\u00c9tat militaire de 2009, qui a conduit \u00e0 une narco-dictature jusqu\u2019en 2022, le pays fait aujourd\u2019hui encore face \u00e0 un avenir incertain. Une bonne coop\u00e9ration au d\u00e9veloppement se distingue aussi par sa capacit\u00e9 \u00e0 trouver des r\u00e9ponses aux besoins de la population <a href=\"https:\/\/koff.swisspeace.ch\/apropos\/6619\/honduras-secteur-textile-et-lutte-pour-les-droits-du-travail-sous-lautoritarisme\/\" class=\"more-link\">&#8230;<span class=\"screen-reader-text\">  Honduras \u2013 Secteur textile et lutte pour les droits du travail sous l\u2019autoritarisme<\/span><\/a><\/p>\n","protected":false},"author":3,"featured_media":6611,"comment_status":"closed","ping_status":"closed","sticky":false,"template":"","format":"standard","meta":{"advgb_blocks_editor_width":"","advgb_blocks_columns_visual_guide":""},"categories":[113],"tags":[],"issue":[454],"acf":[],"author_meta":{"display_name":"\u00e0 propos","author_link":"https:\/\/koff.swisspeace.ch\/apropos\/author\/apropos\/"},"featured_img":"https:\/\/koff.swisspeace.ch\/apropos\/wp-content\/uploads\/2025\/12\/Bruecke_194-600x332.jpg","coauthors":[],"tax_additional":{"categories":{"linked":["<a href=\"https:\/\/koff.swisspeace.ch\/apropos\/category\/reports-fr\/\" class=\"advgb-post-tax-term\">Dossier<\/a>"],"unlinked":["<span class=\"advgb-post-tax-term\">Dossier<\/span>"]}},"comment_count":0,"relative_dates":{"created":"Posted 9 months ago","modified":"Updated 9 months ago"},"absolute_dates":{"created":"Posted on December 16, 2025","modified":"Updated on December 16, 2025"},"absolute_dates_time":{"created":"Posted on December 16, 2025 9:27 am","modified":"Updated on December 16, 2025 9:27 am"},"featured_img_caption":"","series_order":null,"_links":{"self":[{"href":"https:\/\/koff.swisspeace.ch\/apropos\/wp-json\/wp\/v2\/posts\/6619"}],"collection":[{"href":"https:\/\/koff.swisspeace.ch\/apropos\/wp-json\/wp\/v2\/posts"}],"about":[{"href":"https:\/\/koff.swisspeace.ch\/apropos\/wp-json\/wp\/v2\/types\/post"}],"author":[{"embeddable":true,"href":"https:\/\/koff.swisspeace.ch\/apropos\/wp-json\/wp\/v2\/users\/3"}],"replies":[{"embeddable":true,"href":"https:\/\/koff.swisspeace.ch\/apropos\/wp-json\/wp\/v2\/comments?post=6619"}],"version-history":[{"count":8,"href":"https:\/\/koff.swisspeace.ch\/apropos\/wp-json\/wp\/v2\/posts\/6619\/revisions"}],"predecessor-version":[{"id":6919,"href":"https:\/\/koff.swisspeace.ch\/apropos\/wp-json\/wp\/v2\/posts\/6619\/revisions\/6919"}],"wp:featuredmedia":[{"embeddable":true,"href":"https:\/\/koff.swisspeace.ch\/apropos\/wp-json\/wp\/v2\/media\/6611"}],"wp:attachment":[{"href":"https:\/\/koff.swisspeace.ch\/apropos\/wp-json\/wp\/v2\/media?parent=6619"}],"wp:term":[{"taxonomy":"category","embeddable":true,"href":"https:\/\/koff.swisspeace.ch\/apropos\/wp-json\/wp\/v2\/categories?post=6619"},{"taxonomy":"post_tag","embeddable":true,"href":"https:\/\/koff.swisspeace.ch\/apropos\/wp-json\/wp\/v2\/tags?post=6619"},{"taxonomy":"issue","embeddable":true,"href":"https:\/\/koff.swisspeace.ch\/apropos\/wp-json\/wp\/v2\/issue?post=6619"}],"curies":[{"name":"wp","href":"https:\/\/api.w.org\/{rel}","templated":true}]}}