{"id":6629,"date":"2025-12-16T09:27:13","date_gmt":"2025-12-16T09:27:13","guid":{"rendered":"https:\/\/koff.swisspeace.ch\/apropos\/?p=6629"},"modified":"2025-12-16T09:27:13","modified_gmt":"2025-12-16T09:27:13","slug":"afghanistan-les-femmes-au-centre-des-processus-de-paix","status":"publish","type":"post","link":"https:\/\/koff.swisspeace.ch\/apropos\/6629\/afghanistan-les-femmes-au-centre-des-processus-de-paix\/","title":{"rendered":"Afghanistan \u2013 Les femmes au centre des processus de paix"},"content":{"rendered":"\n<p><em>Elham Kohistani et Maryam Ranjbar \u0153uvrent depuis des ann\u00e9es pour faire progresser les droits humains et la paix en Afghanistan et au-del\u00e0. Forc\u00e9es \u00e0 l\u2019exil en 2021, elles ont cofond\u00e9 Femina Afghanistan sans jamais s\u2019\u00eatre rencontr\u00e9es en personne. Leur engagement commun en faveur du renforcement de la participation des femmes afghanes et de leur influence dans les processus de paix les a conduites \u00e0 cr\u00e9er cette organisation.<\/em><\/p>\n\n\n\n<p><strong>Quelles exp\u00e9riences vous ont amen\u00e9es \u00e0 cofonder Femina Afghanistan ?<\/strong><br><em>Elham :<\/em><br>J\u2019ai termin\u00e9 mon Master en paix et r\u00e9solution de conflits en 2019 lors des pourparlers de paix de Doha. La participation limit\u00e9e des femmes et des jeunes m\u2019a fait r\u00e9fl\u00e9chir \u00e0 la mani\u00e8re de pr\u00e9server et de partager des connaissances pratiques sur la participation aux processus de paix. J\u2019ai commenc\u00e9 \u00e0 explorer la cr\u00e9ation de r\u00e9seaux pour transmettre ces connaissances d\u2019une g\u00e9n\u00e9ration \u00e0 l\u2019autre, afin que les futures actrices de la promotion de la paix n\u2019aient pas \u00e0 repartir de z\u00e9ro \u00e0 chaque fois. Mais le Covid et l\u2019effondrement de 2021 ont frein\u00e9 cet \u00e9lan. En 2022, gr\u00e2ce au programme de Leadership des femmes pour la paix de l\u2019OSCE, j\u2019ai rencontr\u00e9 Maryam. M\u00eame sans l\u2019avoir rencontr\u00e9e en personne, nous avons imm\u00e9diatement d\u00e9velopp\u00e9 un lien et r\u00e9alis\u00e9 que nous partagions la m\u00eame vision et les m\u00eames valeurs.<\/p>\n\n\n\n<p><em>Maryam :<\/em><br>C\u2019est ainsi qu\u2019est n\u00e9e l\u2019id\u00e9e de cr\u00e9er Femina Afghanistan: nous voulions que les femmes afghanes dirigent et contribuent, \u00e0 la fois \u00e0 l\u2019int\u00e9rieur et \u00e0 l\u2019ext\u00e9rieur du pays, gr\u00e2ce \u00e0 des programmes de leadership \u00e0 long terme. Depuis mon enfance, j\u2019ai vu de pr\u00e8s la souffrance et la r\u00e9silience des femmes survivantes, et Femina Afghanistan est devenu un moyen d\u2019imaginer un avenir et des perspectives pour les femmes afghanes. Nous voulons nous assurer qu\u2019elles soient pr\u00e9par\u00e9es \u00e0 participer de mani\u00e8re significative \u00e0 la prise de d\u00e9cision future.<\/p>\n\n\n\n<p><strong>Et comment faites-vous cela ?<\/strong><br><em>Elham :<\/em><br>En janvier 2025, PeaceWomen Across the Globe nous a contact\u00e9es. Leur ouverture et leur soutien nous ont encourag\u00e9es \u00e0 lancer officiellement Femina Afghanistan. Avec leur appui, nous avons d\u00e9marr\u00e9 l\u2019initiative \u00ab <em>Her Peace \u2013 Afghan Women at the Centre of Peace Processes<\/em> \u00bb, proposant des formations virtuelles en techniques avanc\u00e9es de facilitation, de n\u00e9gociation et de m\u00e9diation pour les femmes actives dans la promotion de la paix exp\u00e9riment\u00e9es, ainsi que des connaissances de base en \u00e9ducation \u00e0 la paix et en plaidoyer pour les activistes locales. Nous avons diffus\u00e9 l\u2019appel \u00e0 candidatures via nos r\u00e9seaux en Afghanistan et avons \u00e9t\u00e9 \u00e9tonn\u00e9es de recevoir 60 r\u00e9ponses. Nous ne nous attendions pas \u00e0 un tel int\u00e9r\u00eat, surtout que nous \u00e9tions nouvelles, travaillions depuis l\u2019exil et ne pouvions, pour des raisons de s\u00e9curit\u00e9, pas publier un appel public. Ces nombreuses femmes ont toutefois envoy\u00e9 leur biographies d\u00e9taill\u00e9es et lettres de motivation.<\/p>\n\n\n\n<p><em>Maryam :<\/em><br>Cela nous a montr\u00e9 \u00e0 quel point les femmes en Afghanistan sont passionn\u00e9es, proactives et d\u00e9sireuses d\u2019apprendre et de contribuer \u00e0 la construction de la paix. Soucieuses de leur s\u00e9curit\u00e9, nous avons mis en place des mesures d\u2019att\u00e9nuation des risques, notamment des appels individuels avec les 20 participantes s\u00e9lectionn\u00e9es pour \u00e9valuer leur situation. Beaucoup ont d\u2019abord rejoint la formation sous pseudonyme. Nous ne l\u2019avions pas anticip\u00e9, mais cela nous a montr\u00e9 l\u2019importance de l\u2019initiative: apr\u00e8s la deuxi\u00e8me session, nous avons re\u00e7u de nombreux messages de participantes nous disant qu\u2019elles se font d\u00e9sormais confiance et souhaitent utiliser leurs vrais noms. Elles ne se sentaient plus isol\u00e9es et voulaient continuer \u00e0 construire ce r\u00e9seau et cette communaut\u00e9.<\/p>\n\n\n\n<p><strong>Comment la communaut\u00e9 internationale devrait-elle soutenir les femmes afghanes impliqu\u00e9es dans la promotion de la paix ?<\/strong><br><em>Maryam :<\/em><br>Ce que la communaut\u00e9 internationale et les organisations devraient offrir, non seulement \u00e0 Femina Afghanistan mais \u00e0 toutes les femmes afghanes, c\u2019est un soutien durable, flexible et fond\u00e9 sur la confiance pour favoriser l\u2019inclusion des femmes. Elles devraient soutenir notre vision, non pas simplement collaborer avec nous pour donner l\u2019impression que les femmes participent \u00e0 la contribution de la paix, mais pour que nous puissions r\u00e9ellement influencer la prise de d\u00e9cision.<\/p>\n\n\n\n<p><em>Elham :<\/em><br>J\u2019ai souvent v\u00e9cu ce tokenisme. Les institutions internationales ne font souvent pas confiance aux organisations locales. Elles \u00e9laborent les politiques et les activit\u00e9s, construisent les structures, puis nous demandent simplement de les mettre en \u0153uvre. Ce n\u2019est pas la bonne fa\u00e7on de cr\u00e9er des processus de paix durables. Nous appr\u00e9cions le soutien strat\u00e9gique, technique, financier et logistique, mais c\u2019est aux femmes afghanes de les diriger.<\/p>\n","protected":false},"excerpt":{"rendered":"<p>Elham Kohistani et Maryam Ranjbar \u0153uvrent depuis des ann\u00e9es pour faire progresser les droits humains et la paix en Afghanistan et au-del\u00e0. Forc\u00e9es \u00e0 l\u2019exil en 2021, elles ont cofond\u00e9 Femina Afghanistan sans jamais s\u2019\u00eatre rencontr\u00e9es en personne. Leur engagement commun en faveur du renforcement de la participation des femmes afghanes et de leur influence <a href=\"https:\/\/koff.swisspeace.ch\/apropos\/6629\/afghanistan-les-femmes-au-centre-des-processus-de-paix\/\" class=\"more-link\">&#8230;<span class=\"screen-reader-text\">  Afghanistan \u2013 Les femmes au centre des processus de paix<\/span><\/a><\/p>\n","protected":false},"author":3,"featured_media":6708,"comment_status":"closed","ping_status":"closed","sticky":false,"template":"","format":"standard","meta":{"advgb_blocks_editor_width":"","advgb_blocks_columns_visual_guide":""},"categories":[113],"tags":[],"issue":[454],"acf":[],"author_meta":{"display_name":"\u00e0 propos","author_link":"https:\/\/koff.swisspeace.ch\/apropos\/author\/apropos\/"},"featured_img":"https:\/\/koff.swisspeace.ch\/apropos\/wp-content\/uploads\/2025\/12\/WB191PWAG-600x331.jpg","coauthors":[],"tax_additional":{"categories":{"linked":["<a href=\"https:\/\/koff.swisspeace.ch\/apropos\/category\/reports-fr\/\" class=\"advgb-post-tax-term\">Dossier<\/a>"],"unlinked":["<span class=\"advgb-post-tax-term\">Dossier<\/span>"]}},"comment_count":0,"relative_dates":{"created":"Posted 9 months ago","modified":"Updated 9 months ago"},"absolute_dates":{"created":"Posted on December 16, 2025","modified":"Updated on December 16, 2025"},"absolute_dates_time":{"created":"Posted on December 16, 2025 9:27 am","modified":"Updated on December 16, 2025 9:27 am"},"featured_img_caption":"","series_order":null,"_links":{"self":[{"href":"https:\/\/koff.swisspeace.ch\/apropos\/wp-json\/wp\/v2\/posts\/6629"}],"collection":[{"href":"https:\/\/koff.swisspeace.ch\/apropos\/wp-json\/wp\/v2\/posts"}],"about":[{"href":"https:\/\/koff.swisspeace.ch\/apropos\/wp-json\/wp\/v2\/types\/post"}],"author":[{"embeddable":true,"href":"https:\/\/koff.swisspeace.ch\/apropos\/wp-json\/wp\/v2\/users\/3"}],"replies":[{"embeddable":true,"href":"https:\/\/koff.swisspeace.ch\/apropos\/wp-json\/wp\/v2\/comments?post=6629"}],"version-history":[{"count":12,"href":"https:\/\/koff.swisspeace.ch\/apropos\/wp-json\/wp\/v2\/posts\/6629\/revisions"}],"predecessor-version":[{"id":6916,"href":"https:\/\/koff.swisspeace.ch\/apropos\/wp-json\/wp\/v2\/posts\/6629\/revisions\/6916"}],"wp:featuredmedia":[{"embeddable":true,"href":"https:\/\/koff.swisspeace.ch\/apropos\/wp-json\/wp\/v2\/media\/6708"}],"wp:attachment":[{"href":"https:\/\/koff.swisspeace.ch\/apropos\/wp-json\/wp\/v2\/media?parent=6629"}],"wp:term":[{"taxonomy":"category","embeddable":true,"href":"https:\/\/koff.swisspeace.ch\/apropos\/wp-json\/wp\/v2\/categories?post=6629"},{"taxonomy":"post_tag","embeddable":true,"href":"https:\/\/koff.swisspeace.ch\/apropos\/wp-json\/wp\/v2\/tags?post=6629"},{"taxonomy":"issue","embeddable":true,"href":"https:\/\/koff.swisspeace.ch\/apropos\/wp-json\/wp\/v2\/issue?post=6629"}],"curies":[{"name":"wp","href":"https:\/\/api.w.org\/{rel}","templated":true}]}}