{"id":6654,"date":"2025-12-16T08:54:44","date_gmt":"2025-12-16T08:54:44","guid":{"rendered":"https:\/\/koff.swisspeace.ch\/apropos\/?p=6654"},"modified":"2025-12-16T09:55:38","modified_gmt":"2025-12-16T09:55:38","slug":"arbeit-in-autoritaren-kontexten-zwischen-resilienz-und-kreativitat","status":"publish","type":"post","link":"https:\/\/koff.swisspeace.ch\/apropos\/6654\/arbeit-in-autoritaren-kontexten-zwischen-resilienz-und-kreativitat\/","title":{"rendered":"Arbeit in autorit\u00e4ren Kontexten \u2014 zwischen Resilienz und Kreativit\u00e4t"},"content":{"rendered":"\n<div class=\"wp-block-advgb-images-slider advgb-images-slider-block advg-images-slider-582db1a5-caa4-4a74-9ea4-529c19c1c58c\"><div class=\"advgb-images-slider\" dir=\"ltr\"><div class=\"advgb-image-slider-item\"><img decoding=\"async\" src=\"https:\/\/koff.swisspeace.ch\/apropos\/wp-content\/uploads\/2025\/12\/191covercropped.jpg\" class=\"advgb-image-slider-img\" alt=\"\" style=\"width:100%;height:auto\"\/><div class=\"advgb-image-slider-item-info\" style=\"justify-content:flex-end;align-items:center\"><a class=\"advgb-image-slider-overlay\" target=\"_blank\" rel=\"noopener noreferrer\" href=\"#\" style=\"opacity:0.5\"><\/a><\/div><\/div><div class=\"advgb-image-slider-item\"><img decoding=\"async\" src=\"https:\/\/koff.swisspeace.ch\/apropos\/wp-content\/uploads\/2025\/12\/WB_Streetart-Medellin.jpg\" class=\"advgb-image-slider-img\" alt=\"Die Arbeit in autorit\u00e4ren Kontexten \u2013 Erkenntnisse und Ausblick der DEZA\" style=\"width:100%;height:auto\"\/><div class=\"advgb-image-slider-item-info\" style=\"justify-content:flex-end;align-items:center\"><a class=\"advgb-image-slider-overlay\" target=\"_blank\" rel=\"noopener noreferrer\" href=\"https:\/\/koff.swisspeace.ch\/apropos\/6507\/die-arbeit-in-autoritaren-kontexten-erkenntnisse-und-ausblick\/\" style=\"opacity:0.5\"><\/a><h4 class=\"advgb-image-slider-title\">Die Arbeit in autorit\u00e4ren Kontexten \u2013 Erkenntnisse und Ausblick der DEZA<\/h4><\/div><\/div><div class=\"advgb-image-slider-item\"><img decoding=\"async\" src=\"https:\/\/koff.swisspeace.ch\/apropos\/wp-content\/uploads\/2025\/12\/WB_PWS191.jpg\" class=\"advgb-image-slider-img\" alt=\"Peru \u2013 Menschenrechtsarbeit trotz schrumpfendem Handlungsspielraum\" style=\"width:100%;height:auto\"\/><div class=\"advgb-image-slider-item-info\" style=\"justify-content:flex-end;align-items:center\"><a class=\"advgb-image-slider-overlay\" target=\"_blank\" rel=\"noopener noreferrer\" href=\"https:\/\/koff.swisspeace.ch\/apropos\/6599\/peru-menschenrechtsarbeit-trotz-schrumpfendem-handlungsspielraum\/\" style=\"opacity:0.5\"><\/a><h4 class=\"advgb-image-slider-title\">Peru \u2013 Menschenrechtsarbeit trotz schrumpfendem Handlungsspielraum<\/h4><\/div><\/div><div class=\"advgb-image-slider-item\"><img decoding=\"async\" src=\"https:\/\/koff.swisspeace.ch\/apropos\/wp-content\/uploads\/2025\/12\/WBAmnesty.jpg\" class=\"advgb-image-slider-img\" alt=\"Argentinien \u2013 Einsatz f\u00fcr die \u00d6ffentlichkeit trotz Autoritarismus\" style=\"width:100%;height:auto\"\/><div class=\"advgb-image-slider-item-info\" style=\"justify-content:flex-end;align-items:center\"><a class=\"advgb-image-slider-overlay\" target=\"_blank\" rel=\"noopener noreferrer\" href=\"https:\/\/koff.swisspeace.ch\/apropos\/6567\/argentinien-einsatz-fur-die-offentlichkeit-trotz-autoritarismus\/\" style=\"opacity:0.5\"><\/a><h4 class=\"advgb-image-slider-title\">Argentinien \u2013 Einsatz f\u00fcr die \u00d6ffentlichkeit trotz Autoritarismus<\/h4><\/div><\/div><div class=\"advgb-image-slider-item\"><img decoding=\"async\" src=\"https:\/\/koff.swisspeace.ch\/apropos\/wp-content\/uploads\/2025\/12\/WB_PBI_191.jpg\" class=\"advgb-image-slider-img\" alt=\"Unterst\u00fctzung f\u00fcr Menschenrechtsverteidiger:innen im Exil \u2013 Peace Brigades International bek\u00e4mpft transnationale Repression\" style=\"width:100%;height:auto\"\/><div class=\"advgb-image-slider-item-info\" style=\"justify-content:flex-end;align-items:center\"><a class=\"advgb-image-slider-overlay\" target=\"_blank\" rel=\"noopener noreferrer\" href=\"https:\/\/koff.swisspeace.ch\/apropos\/6581\/unterstutzung-fur-menschenrechtsverteidigerinnen-im-exil-peace-brigades-international-bekampft-transnationale-repression\/\" style=\"opacity:0.5\"><\/a><h4 class=\"advgb-image-slider-title\">Unterst\u00fctzung f\u00fcr Menschenrechtsverteidiger:innen im Exil \u2013 Peace Brigades International bek\u00e4mpft transnationale Repression<\/h4><\/div><\/div><\/div><\/div>\n\n\n\n<p>Die Zahl autorit\u00e4rer Regierungsformen nimmt zu. Im Jahr 2025 leben weniger als 12 % der Weltbev\u00f6lkerung in liberalen Demokratien (der niedrigste Wert seit 50 Jahren) w\u00e4hrend 72 %, also 5,8 Milliarden Menschen, unter autokratischer Herrschaft stehen, wie <a rel=\"noreferrer noopener\" href=\"https:\/\/www.democracywithoutborders.org\/36317\/autocracies-outnumber-democracies-for-the-first-time-in-20-years-v-dem\/\" target=\"_blank\">Democracy Without Borders<\/a> berichtet. <\/p>\n\n\n\n<p>Solche Kontexte sind oft gepr\u00e4gt von drastischen Einschr\u00e4nkungen der b\u00fcrgerlichen Freiheiten, strenger Informationskontrolle, einem stark eingeschr\u00e4nkten politischen Raum und einem weitreichenden staatlichen Einfluss auf nichtstaatliche Organisationen. F\u00fcr die Zivilgesellschaft bedeutet dies enorme Herausforderungen.<\/p>\n\n\n\n<p>Dennoch kommt ihr eine unverzichtbare Rolle zu: Menschenrechtsverletzungen und Straffreiheit zu dokumentieren und \u00f6ffentlich zu machen \u2014 Ph\u00e4nomene, die in autorit\u00e4ren Systemen tendenziell zunehmen. Der Schutz ihres Handlungsspielraums bleibt daher von zentraler Bedeutung. Doch die st\u00e4ndigen Bedrohungen, von Einschr\u00e4nkungen ihrer T\u00e4tigkeiten \u00fcber begrenzte Kommunikations- und Advocacy-M\u00f6glichkeiten bis hin zu Einsch\u00fcchterung und Gewalt, haben bereits viele Organisationen zur Schliessung gezwungen.<\/p>\n\n\n\n<p>Diese Ausgabe beleuchtet die Resilienz und die Kreativit\u00e4t der KOFF-Mitglieder und ihrer Partner, die ihre Arbeit in autorit\u00e4ren Kontexten fortsetzen und dabei Mitarbeitende, Partner und Projektteilnehmende sch\u00fctzen. Unter den hervorgehobenen L\u00f6sungsans\u00e4tzen finden sich der Ausbau und die Diversifizierung von Allianzen und Finanzierungsquellen, Arbeiten aus dem Exil, diskrete Kommunikations- und Advocacy-Strategien, der Einsatz robuster Sicherheitsprotokolle und vieles mehr.<\/p>\n\n\n\n<p>Ich w\u00fcnsche Ihnen eine angenehme Lekt\u00fcre.<br>Sanjally Jobarteh<br>Herausgeberin <a href=\"https:\/\/koff.swisspeace.ch\/\" target=\"_blank\" rel=\"noreferrer noopener\">KOFF-Magazin<\/a><\/p>\n","protected":false},"excerpt":{"rendered":"<p>Die Zahl autorit\u00e4rer Regierungsformen nimmt zu. Im Jahr 2025 leben weniger als 12 % der Weltbev\u00f6lkerung in liberalen Demokratien (der niedrigste Wert seit 50 Jahren) w\u00e4hrend 72 %, also 5,8 Milliarden Menschen, unter autokratischer Herrschaft stehen, wie Democracy Without Borders berichtet. Solche Kontexte sind oft gepr\u00e4gt von drastischen Einschr\u00e4nkungen der b\u00fcrgerlichen Freiheiten, strenger Informationskontrolle, einem <a href=\"https:\/\/koff.swisspeace.ch\/apropos\/6654\/arbeit-in-autoritaren-kontexten-zwischen-resilienz-und-kreativitat\/\" class=\"more-link\">&#8230;<span class=\"screen-reader-text\">  Arbeit in autorit\u00e4ren Kontexten \u2014 zwischen Resilienz und Kreativit\u00e4t<\/span><\/a><\/p>\n","protected":false},"author":3,"featured_media":0,"comment_status":"closed","ping_status":"closed","sticky":false,"template":"","format":"standard","meta":{"advgb_blocks_editor_width":"","advgb_blocks_columns_visual_guide":""},"categories":[26],"tags":[],"issue":[451],"acf":[],"author_meta":{"display_name":"\u00e0 propos","author_link":"https:\/\/koff.swisspeace.ch\/apropos\/author\/apropos\/"},"featured_img":null,"coauthors":[],"tax_additional":{"categories":{"linked":["<a href=\"https:\/\/koff.swisspeace.ch\/apropos\/category\/editorial-de\/\" class=\"advgb-post-tax-term\">Editorial<\/a>"],"unlinked":["<span class=\"advgb-post-tax-term\">Editorial<\/span>"]}},"comment_count":0,"relative_dates":{"created":"Posted 9 months ago","modified":"Updated 9 months ago"},"absolute_dates":{"created":"Posted on December 16, 2025","modified":"Updated on December 16, 2025"},"absolute_dates_time":{"created":"Posted on December 16, 2025 8:54 am","modified":"Updated on December 16, 2025 9:55 am"},"featured_img_caption":"","series_order":null,"_links":{"self":[{"href":"https:\/\/koff.swisspeace.ch\/apropos\/wp-json\/wp\/v2\/posts\/6654"}],"collection":[{"href":"https:\/\/koff.swisspeace.ch\/apropos\/wp-json\/wp\/v2\/posts"}],"about":[{"href":"https:\/\/koff.swisspeace.ch\/apropos\/wp-json\/wp\/v2\/types\/post"}],"author":[{"embeddable":true,"href":"https:\/\/koff.swisspeace.ch\/apropos\/wp-json\/wp\/v2\/users\/3"}],"replies":[{"embeddable":true,"href":"https:\/\/koff.swisspeace.ch\/apropos\/wp-json\/wp\/v2\/comments?post=6654"}],"version-history":[{"count":12,"href":"https:\/\/koff.swisspeace.ch\/apropos\/wp-json\/wp\/v2\/posts\/6654\/revisions"}],"predecessor-version":[{"id":6985,"href":"https:\/\/koff.swisspeace.ch\/apropos\/wp-json\/wp\/v2\/posts\/6654\/revisions\/6985"}],"wp:attachment":[{"href":"https:\/\/koff.swisspeace.ch\/apropos\/wp-json\/wp\/v2\/media?parent=6654"}],"wp:term":[{"taxonomy":"category","embeddable":true,"href":"https:\/\/koff.swisspeace.ch\/apropos\/wp-json\/wp\/v2\/categories?post=6654"},{"taxonomy":"post_tag","embeddable":true,"href":"https:\/\/koff.swisspeace.ch\/apropos\/wp-json\/wp\/v2\/tags?post=6654"},{"taxonomy":"issue","embeddable":true,"href":"https:\/\/koff.swisspeace.ch\/apropos\/wp-json\/wp\/v2\/issue?post=6654"}],"curies":[{"name":"wp","href":"https:\/\/api.w.org\/{rel}","templated":true}]}}