{"id":6659,"date":"2025-12-12T13:43:59","date_gmt":"2025-12-12T13:43:59","guid":{"rendered":"https:\/\/koff.swisspeace.ch\/apropos\/?p=6659"},"modified":"2026-04-07T08:16:17","modified_gmt":"2026-04-07T08:16:17","slug":"travail-en-contexte-autoritaire-entre-resilience-et-creativite","status":"publish","type":"post","link":"https:\/\/koff.swisspeace.ch\/apropos\/6659\/travail-en-contexte-autoritaire-entre-resilience-et-creativite\/","title":{"rendered":"Travail en contexte autoritaire \u2013 entre r\u00e9silience et cr\u00e9ativit\u00e9"},"content":{"rendered":"\n<div class=\"wp-block-advgb-images-slider advgb-images-slider-block advg-images-slider-00c3b9f1-02ca-4fb2-9486-0844b3b99a09\"><div class=\"advgb-images-slider\" dir=\"ltr\"><div class=\"advgb-image-slider-item\"><img decoding=\"async\" src=\"https:\/\/koff.swisspeace.ch\/apropos\/wp-content\/uploads\/2025\/12\/191covercropped.jpg\" class=\"advgb-image-slider-img\" alt=\"\" style=\"width:100%;height:auto\"\/><div class=\"advgb-image-slider-item-info\" style=\"justify-content:flex-end;align-items:center\"><a class=\"advgb-image-slider-overlay\" target=\"_blank\" rel=\"noopener noreferrer\" href=\"#\" style=\"opacity:0.5\"><\/a><\/div><\/div><div class=\"advgb-image-slider-item\"><img decoding=\"async\" src=\"https:\/\/koff.swisspeace.ch\/apropos\/wp-content\/uploads\/2025\/12\/WB_Streetart-Medellin.jpg\" class=\"advgb-image-slider-img\" alt=\"Travail en contextes autoritaires \u2013 Exp\u00e9rience et perspectives de la DDC\" style=\"width:100%;height:auto\"\/><div class=\"advgb-image-slider-item-info\" style=\"justify-content:flex-end;align-items:center\"><a class=\"advgb-image-slider-overlay\" target=\"_blank\" rel=\"noopener noreferrer\" href=\"https:\/\/koff.swisspeace.ch\/apropos\/6513\/travail-en-contextes-autoritaires-experience-et-perspectives\/\" style=\"opacity:0.5\"><\/a><h4 class=\"advgb-image-slider-title\">Travail en contextes autoritaires \u2013 Exp\u00e9rience et perspectives de la DDC<\/h4><\/div><\/div><div class=\"advgb-image-slider-item\"><img decoding=\"async\" src=\"https:\/\/koff.swisspeace.ch\/apropos\/wp-content\/uploads\/2025\/12\/WB_PWS191.jpg\" class=\"advgb-image-slider-img\" alt=\"P\u00e9rou \u2013 D\u00e9fense des droits humains en environnement restreint \" style=\"width:100%;height:auto\"\/><div class=\"advgb-image-slider-item-info\" style=\"justify-content:flex-end;align-items:center\"><a class=\"advgb-image-slider-overlay\" target=\"_blank\" rel=\"noopener noreferrer\" href=\"https:\/\/koff.swisspeace.ch\/apropos\/6603\/perou-defense-des-droits-humains-en-environnement-restreint\/\" style=\"opacity:0.5\"><\/a><h4 class=\"advgb-image-slider-title\">P\u00e9rou \u2013 D\u00e9fense des droits humains en environnement restreint <\/h4><\/div><\/div><div class=\"advgb-image-slider-item\"><img decoding=\"async\" src=\"https:\/\/koff.swisspeace.ch\/apropos\/wp-content\/uploads\/2025\/12\/WBAmnesty.jpg\" class=\"advgb-image-slider-img\" alt=\"Argentine \u2013 Travail au grand jour, malgr\u00e9 la d\u00e9rive autoritaire\" style=\"width:100%;height:auto\"\/><div class=\"advgb-image-slider-item-info\" style=\"justify-content:flex-end;align-items:center\"><a class=\"advgb-image-slider-overlay\" target=\"_blank\" rel=\"noopener noreferrer\" href=\"https:\/\/koff.swisspeace.ch\/apropos\/6570\/argentine-travail-au-grand-jour-malgre-la-derive-autoritaire\/\" style=\"opacity:0.5\"><\/a><h4 class=\"advgb-image-slider-title\">Argentine \u2013 Travail au grand jour, malgr\u00e9 la d\u00e9rive autoritaire<\/h4><\/div><\/div><div class=\"advgb-image-slider-item\"><img decoding=\"async\" src=\"https:\/\/koff.swisspeace.ch\/apropos\/wp-content\/uploads\/2025\/12\/WB_PBI_191.jpg\" class=\"advgb-image-slider-img\" alt=\"Soutien aux d\u00e9fenseur\u00b7ses en exil \u2013 PBI face \u00e0 la r\u00e9pression transnationale du Nicaragua \" style=\"width:100%;height:auto\"\/><div class=\"advgb-image-slider-item-info\" style=\"justify-content:flex-end;align-items:center\"><a class=\"advgb-image-slider-overlay\" target=\"_blank\" rel=\"noopener noreferrer\" href=\"https:\/\/koff.swisspeace.ch\/apropos\/6587\/soutien-aux-defenseur%c2%b7ses-en-exil-pbi-face-a-la-repression-transnationale-du-nicaragua\/\" style=\"opacity:0.5\"><\/a><h4 class=\"advgb-image-slider-title\">Soutien aux d\u00e9fenseur\u00b7ses en exil \u2013 PBI face \u00e0 la r\u00e9pression transnationale du Nicaragua <\/h4><\/div><\/div><\/div><\/div>\n\n\n\n<p>Les formes de gouvernances autoritaires sont en hausse. En 2025, moins de 12 % de la population mondiale vit dans une d\u00e9mocratie lib\u00e9rale (niveau le plus bas depuis 50 ans), tandis que 72 %, soit 5,8 milliards de personnes, vivent sous un r\u00e9gime autocratique, selon <a rel=\"noreferrer noopener\" href=\"https:\/\/www.democracywithoutborders.org\/36317\/autocracies-outnumber-democracies-for-the-first-time-in-20-years-v-dem\/\" target=\"_blank\">Democracy Without Borders<\/a>.<\/p>\n\n\n\n<p>Ces r\u00e9gimes se caract\u00e9risent souvent par de fortes restrictions des libert\u00e9s civiles, un contr\u00f4le strict de l\u2019information, un espace politique limit\u00e9 et une influence omnipr\u00e9sente de l\u2019\u00c9tat sur les organisations non gouvernementales. Pour la soci\u00e9t\u00e9 civile, y op\u00e9rer rel\u00e8ve du d\u00e9fi tant les obstacles sont nombreux.<br>Pourtant, elle joue un r\u00f4le indispensable : documenter et d\u00e9noncer les violations des droits humains et l\u2019impunit\u00e9, qui ont tendance \u00e0 augmenter sous r\u00e9gimes autoritaires. Pr\u00e9server son espace d\u2019action demeure donc crucial. Mais les menaces constantes telles que les restrictions d\u2019activit\u00e9s, limitations de la communication et du plaidoyer, intimidation, voire recours \u00e0 la force, ont d\u00e9j\u00e0 pouss\u00e9 nombre d\u2019organisations \u00e0 fermer leurs portes.<\/p>\n\n\n\n<p>Cette \u00e9dition met en lumi\u00e8re la r\u00e9silience et la cr\u00e9ativit\u00e9 des membres du KOFF et de leurs partenaires, qui poursuivent leur travail dans des environnements autoritaires tout en prot\u00e9geant leurs \u00e9quipes, leurs partenaires et les participant\u00b7e\u00b7s \u00e0 leurs projets. Parmi les pistes \u00e9voqu\u00e9es : \u00e9largir et diversifier les alliances et les sources de financement, travailler depuis l\u2019exil, adopter des strat\u00e9gies de communication et de plaidoyer discr\u00e8tes, renforcer les protocoles de s\u00e9curit\u00e9, et bien plus encore.<br>Bonne lecture.<\/p>\n\n\n\n<p>Sanjally Jobarteh, \u00e9ditrice du magazine de <a rel=\"noreferrer noopener\" href=\"https:\/\/koff.swisspeace.ch\/\" target=\"_blank\">KOFF<\/a><\/p>\n\n\n\n<p><\/p>\n","protected":false},"excerpt":{"rendered":"<p>Les formes de gouvernances autoritaires sont en hausse. En 2025, moins de 12 % de la population mondiale vit dans une d\u00e9mocratie lib\u00e9rale (niveau le plus bas depuis 50 ans), tandis que 72 %, soit 5,8 milliards de personnes, vivent sous un r\u00e9gime autocratique, selon Democracy Without Borders. Ces r\u00e9gimes se caract\u00e9risent souvent par de <a href=\"https:\/\/koff.swisspeace.ch\/apropos\/6659\/travail-en-contexte-autoritaire-entre-resilience-et-creativite\/\" class=\"more-link\">&#8230;<span class=\"screen-reader-text\">  Travail en contexte autoritaire \u2013 entre r\u00e9silience et cr\u00e9ativit\u00e9<\/span><\/a><\/p>\n","protected":false},"author":3,"featured_media":0,"comment_status":"closed","ping_status":"closed","sticky":false,"template":"","format":"standard","meta":{"advgb_blocks_editor_width":"","advgb_blocks_columns_visual_guide":""},"categories":[87],"tags":[],"issue":[454],"acf":[],"author_meta":{"display_name":"\u00e0 propos","author_link":"https:\/\/koff.swisspeace.ch\/apropos\/author\/apropos\/"},"featured_img":null,"coauthors":[],"tax_additional":{"categories":{"linked":["<a href=\"https:\/\/koff.swisspeace.ch\/apropos\/category\/editorial-fr\/\" class=\"advgb-post-tax-term\">\u00c9ditorial<\/a>"],"unlinked":["<span class=\"advgb-post-tax-term\">\u00c9ditorial<\/span>"]}},"comment_count":0,"relative_dates":{"created":"Posted 9 months ago","modified":"Updated 5 months ago"},"absolute_dates":{"created":"Posted on December 12, 2025","modified":"Updated on April 7, 2026"},"absolute_dates_time":{"created":"Posted on December 12, 2025 1:43 pm","modified":"Updated on April 7, 2026 8:16 am"},"featured_img_caption":"","series_order":null,"_links":{"self":[{"href":"https:\/\/koff.swisspeace.ch\/apropos\/wp-json\/wp\/v2\/posts\/6659"}],"collection":[{"href":"https:\/\/koff.swisspeace.ch\/apropos\/wp-json\/wp\/v2\/posts"}],"about":[{"href":"https:\/\/koff.swisspeace.ch\/apropos\/wp-json\/wp\/v2\/types\/post"}],"author":[{"embeddable":true,"href":"https:\/\/koff.swisspeace.ch\/apropos\/wp-json\/wp\/v2\/users\/3"}],"replies":[{"embeddable":true,"href":"https:\/\/koff.swisspeace.ch\/apropos\/wp-json\/wp\/v2\/comments?post=6659"}],"version-history":[{"count":9,"href":"https:\/\/koff.swisspeace.ch\/apropos\/wp-json\/wp\/v2\/posts\/6659\/revisions"}],"predecessor-version":[{"id":7385,"href":"https:\/\/koff.swisspeace.ch\/apropos\/wp-json\/wp\/v2\/posts\/6659\/revisions\/7385"}],"wp:attachment":[{"href":"https:\/\/koff.swisspeace.ch\/apropos\/wp-json\/wp\/v2\/media?parent=6659"}],"wp:term":[{"taxonomy":"category","embeddable":true,"href":"https:\/\/koff.swisspeace.ch\/apropos\/wp-json\/wp\/v2\/categories?post=6659"},{"taxonomy":"post_tag","embeddable":true,"href":"https:\/\/koff.swisspeace.ch\/apropos\/wp-json\/wp\/v2\/tags?post=6659"},{"taxonomy":"issue","embeddable":true,"href":"https:\/\/koff.swisspeace.ch\/apropos\/wp-json\/wp\/v2\/issue?post=6659"}],"curies":[{"name":"wp","href":"https:\/\/api.w.org\/{rel}","templated":true}]}}