{"id":6693,"date":"2025-12-16T09:09:41","date_gmt":"2025-12-16T09:09:41","guid":{"rendered":"https:\/\/koff.swisspeace.ch\/apropos\/?p=6693"},"modified":"2025-12-16T09:09:41","modified_gmt":"2025-12-16T09:09:41","slug":"jetzt-anmelden-online-kurs-gender-conflict-peacebuilding","status":"publish","type":"post","link":"https:\/\/koff.swisspeace.ch\/apropos\/6693\/jetzt-anmelden-online-kurs-gender-conflict-peacebuilding\/","title":{"rendered":"Jetzt anmelden Online-Kurs \u00abGender, Conflict &amp; Peacebuilding\u00bb"},"content":{"rendered":"\n<p>Der Online-Kurs wird sich mit dem intersektionalen Zusammenhang zwischen Gender, Konflikt, Sicherheit und Friedensf\u00f6rderung befassen und richtet sich an politische Entscheidungstr\u00e4ger:innen, Akteure der Friedensf\u00f6rderung sowie der internationalen Entwicklungszusammenarbeit. Die Teilnehmenden werden den Einfluss von Genderstereotypen auf die Wahrnehmung von Krieg und Frieden untersuchen und analysieren, wie Gender mit Identit\u00e4ten wie Rasse, Klasse, sozialer Herkunft, F\u00e4higkeit und Nationalit\u00e4t zusammenwirkt, um Ungleichheiten in Konflikt- und Friedenskontexten zu verstehen. Ausserdem werden sie die St\u00e4rken und Grenzen der UN-Sicherheitsratsresolution 1325 zu Frauen, Frieden und Sicherheit kritisch bewerten.<\/p>\n\n\n\n<p><a href=\"https:\/\/www.swisspeace.ch\/courses\/short-courses\/gender-online\" target=\"_blank\" rel=\"noreferrer noopener\">Hier<\/a> klicken f\u00fcr weitere Informationen.<\/p>\n","protected":false},"excerpt":{"rendered":"<p>Der Online-Kurs wird sich mit dem intersektionalen Zusammenhang zwischen Gender, Konflikt, Sicherheit und Friedensf\u00f6rderung befassen und richtet sich an politische Entscheidungstr\u00e4ger:innen, Akteure der Friedensf\u00f6rderung sowie der internationalen Entwicklungszusammenarbeit. Die Teilnehmenden werden den Einfluss von Genderstereotypen auf die Wahrnehmung von Krieg und Frieden untersuchen und analysieren, wie Gender mit Identit\u00e4ten wie Rasse, Klasse, sozialer Herkunft, F\u00e4higkeit <a href=\"https:\/\/koff.swisspeace.ch\/apropos\/6693\/jetzt-anmelden-online-kurs-gender-conflict-peacebuilding\/\" class=\"more-link\">&#8230;<span class=\"screen-reader-text\">  Jetzt anmelden Online-Kurs \u00abGender, Conflict &amp; Peacebuilding\u00bb<\/span><\/a><\/p>\n","protected":false},"author":3,"featured_media":6690,"comment_status":"closed","ping_status":"closed","sticky":false,"template":"","format":"standard","meta":{"advgb_blocks_editor_width":"","advgb_blocks_columns_visual_guide":""},"categories":[71],"tags":[],"issue":[451],"acf":[],"author_meta":{"display_name":"\u00e0 propos","author_link":"https:\/\/koff.swisspeace.ch\/apropos\/author\/apropos\/"},"featured_img":"https:\/\/koff.swisspeace.ch\/apropos\/wp-content\/uploads\/2025\/12\/GCP-online-course-Gal-Harmat-600x331.jpg","coauthors":[],"tax_additional":{"categories":{"linked":["<a href=\"https:\/\/koff.swisspeace.ch\/apropos\/category\/news-de\/\" class=\"advgb-post-tax-term\">Aktuell<\/a>"],"unlinked":["<span class=\"advgb-post-tax-term\">Aktuell<\/span>"]}},"comment_count":0,"relative_dates":{"created":"Posted 9 months ago","modified":"Updated 9 months ago"},"absolute_dates":{"created":"Posted on December 16, 2025","modified":"Updated on December 16, 2025"},"absolute_dates_time":{"created":"Posted on December 16, 2025 9:09 am","modified":"Updated on December 16, 2025 9:09 am"},"featured_img_caption":"","series_order":null,"_links":{"self":[{"href":"https:\/\/koff.swisspeace.ch\/apropos\/wp-json\/wp\/v2\/posts\/6693"}],"collection":[{"href":"https:\/\/koff.swisspeace.ch\/apropos\/wp-json\/wp\/v2\/posts"}],"about":[{"href":"https:\/\/koff.swisspeace.ch\/apropos\/wp-json\/wp\/v2\/types\/post"}],"author":[{"embeddable":true,"href":"https:\/\/koff.swisspeace.ch\/apropos\/wp-json\/wp\/v2\/users\/3"}],"replies":[{"embeddable":true,"href":"https:\/\/koff.swisspeace.ch\/apropos\/wp-json\/wp\/v2\/comments?post=6693"}],"version-history":[{"count":3,"href":"https:\/\/koff.swisspeace.ch\/apropos\/wp-json\/wp\/v2\/posts\/6693\/revisions"}],"predecessor-version":[{"id":6698,"href":"https:\/\/koff.swisspeace.ch\/apropos\/wp-json\/wp\/v2\/posts\/6693\/revisions\/6698"}],"wp:featuredmedia":[{"embeddable":true,"href":"https:\/\/koff.swisspeace.ch\/apropos\/wp-json\/wp\/v2\/media\/6690"}],"wp:attachment":[{"href":"https:\/\/koff.swisspeace.ch\/apropos\/wp-json\/wp\/v2\/media?parent=6693"}],"wp:term":[{"taxonomy":"category","embeddable":true,"href":"https:\/\/koff.swisspeace.ch\/apropos\/wp-json\/wp\/v2\/categories?post=6693"},{"taxonomy":"post_tag","embeddable":true,"href":"https:\/\/koff.swisspeace.ch\/apropos\/wp-json\/wp\/v2\/tags?post=6693"},{"taxonomy":"issue","embeddable":true,"href":"https:\/\/koff.swisspeace.ch\/apropos\/wp-json\/wp\/v2\/issue?post=6693"}],"curies":[{"name":"wp","href":"https:\/\/api.w.org\/{rel}","templated":true}]}}