{"id":6699,"date":"2025-12-16T09:27:13","date_gmt":"2025-12-16T09:27:13","guid":{"rendered":"https:\/\/koff.swisspeace.ch\/apropos\/?p=6699"},"modified":"2025-12-16T10:16:26","modified_gmt":"2025-12-16T10:16:26","slug":"cours-en-ligne-gender-conflict-peacebuilding","status":"publish","type":"post","link":"https:\/\/koff.swisspeace.ch\/apropos\/6699\/cours-en-ligne-gender-conflict-peacebuilding\/","title":{"rendered":"Cours en ligne \u00ab Gender, Conflict &#038; Peacebuilding \u00bb"},"content":{"rendered":"\n<p>Ce cours en ligne explorera les relations intersectionnelles entre le genre, le conflit, la s\u00e9curit\u00e9 et la consolidation de la paix, et s\u2019adresse aux d\u00e9cisionnaires politiques, aux praticien\u00b7nes de la paix et du d\u00e9veloppement international. Les participant\u00b7es analyseront l\u2019influence des st\u00e9r\u00e9otypes de genre sur les perceptions de la guerre et de la paix. Ils\u00b7elles examineront \u00e9galement la mani\u00e8re dont le genre s\u2019articule avec d\u2019autres conditions ou identit\u00e9s, telles que les cat\u00e9gorisations raciales, la classe sociale, la situation de handicap ou la nationalit\u00e9. L&#8217;objectif est de mieux comprendre les in\u00e9galit\u00e9s pr\u00e9sentes dans les contextes de conflit et de paix. Les participant\u00b7es \u00e9valueront \u00e9galement de mani\u00e8re critique les forces et les limites de la R\u00e9solution 1325 du Conseil de s\u00e9curit\u00e9 de l\u2019ONU sur les femmes, la paix et la s\u00e9curit\u00e9.<\/p>\n","protected":false},"excerpt":{"rendered":"<p>Ce cours en ligne explorera les relations intersectionnelles entre le genre, le conflit, la s\u00e9curit\u00e9 et la consolidation de la paix, et s\u2019adresse aux d\u00e9cisionnaires politiques, aux praticien\u00b7nes de la paix et du d\u00e9veloppement international. Les participant\u00b7es analyseront l\u2019influence des st\u00e9r\u00e9otypes de genre sur les perceptions de la guerre et de la paix. Ils\u00b7elles examineront <a href=\"https:\/\/koff.swisspeace.ch\/apropos\/6699\/cours-en-ligne-gender-conflict-peacebuilding\/\" class=\"more-link\">&#8230;<span class=\"screen-reader-text\">  Cours en ligne \u00ab Gender, Conflict &#038; Peacebuilding \u00bb<\/span><\/a><\/p>\n","protected":false},"author":3,"featured_media":6690,"comment_status":"closed","ping_status":"closed","sticky":false,"template":"","format":"standard","meta":{"advgb_blocks_editor_width":"","advgb_blocks_columns_visual_guide":""},"categories":[99],"tags":[],"issue":[454],"acf":[],"author_meta":{"display_name":"\u00e0 propos","author_link":"https:\/\/koff.swisspeace.ch\/apropos\/author\/apropos\/"},"featured_img":"https:\/\/koff.swisspeace.ch\/apropos\/wp-content\/uploads\/2025\/12\/GCP-online-course-Gal-Harmat-600x331.jpg","coauthors":[],"tax_additional":{"categories":{"linked":["<a href=\"https:\/\/koff.swisspeace.ch\/apropos\/category\/news-fr\/\" class=\"advgb-post-tax-term\">Actualit\u00e9<\/a>"],"unlinked":["<span class=\"advgb-post-tax-term\">Actualit\u00e9<\/span>"]}},"comment_count":0,"relative_dates":{"created":"Posted 9 months ago","modified":"Updated 9 months ago"},"absolute_dates":{"created":"Posted on December 16, 2025","modified":"Updated on December 16, 2025"},"absolute_dates_time":{"created":"Posted on December 16, 2025 9:27 am","modified":"Updated on December 16, 2025 10:16 am"},"featured_img_caption":"","series_order":null,"_links":{"self":[{"href":"https:\/\/koff.swisspeace.ch\/apropos\/wp-json\/wp\/v2\/posts\/6699"}],"collection":[{"href":"https:\/\/koff.swisspeace.ch\/apropos\/wp-json\/wp\/v2\/posts"}],"about":[{"href":"https:\/\/koff.swisspeace.ch\/apropos\/wp-json\/wp\/v2\/types\/post"}],"author":[{"embeddable":true,"href":"https:\/\/koff.swisspeace.ch\/apropos\/wp-json\/wp\/v2\/users\/3"}],"replies":[{"embeddable":true,"href":"https:\/\/koff.swisspeace.ch\/apropos\/wp-json\/wp\/v2\/comments?post=6699"}],"version-history":[{"count":4,"href":"https:\/\/koff.swisspeace.ch\/apropos\/wp-json\/wp\/v2\/posts\/6699\/revisions"}],"predecessor-version":[{"id":6993,"href":"https:\/\/koff.swisspeace.ch\/apropos\/wp-json\/wp\/v2\/posts\/6699\/revisions\/6993"}],"wp:featuredmedia":[{"embeddable":true,"href":"https:\/\/koff.swisspeace.ch\/apropos\/wp-json\/wp\/v2\/media\/6690"}],"wp:attachment":[{"href":"https:\/\/koff.swisspeace.ch\/apropos\/wp-json\/wp\/v2\/media?parent=6699"}],"wp:term":[{"taxonomy":"category","embeddable":true,"href":"https:\/\/koff.swisspeace.ch\/apropos\/wp-json\/wp\/v2\/categories?post=6699"},{"taxonomy":"post_tag","embeddable":true,"href":"https:\/\/koff.swisspeace.ch\/apropos\/wp-json\/wp\/v2\/tags?post=6699"},{"taxonomy":"issue","embeddable":true,"href":"https:\/\/koff.swisspeace.ch\/apropos\/wp-json\/wp\/v2\/issue?post=6699"}],"curies":[{"name":"wp","href":"https:\/\/api.w.org\/{rel}","templated":true}]}}