{"id":6719,"date":"2025-12-16T09:27:13","date_gmt":"2025-12-16T09:27:13","guid":{"rendered":"https:\/\/koff.swisspeace.ch\/apropos\/?p=6719"},"modified":"2025-12-16T09:27:13","modified_gmt":"2025-12-16T09:27:13","slug":"evenements-13","status":"publish","type":"post","link":"https:\/\/koff.swisspeace.ch\/apropos\/6719\/evenements-13\/","title":{"rendered":"\u00c9v\u00e9nements"},"content":{"rendered":"\n<p><strong>10e anniversaire \u00ab Wir Mitb\u00fcrgerinnen \u00bb \u2013 Projection de film et discussion<br>17 d\u00e9cembre 2025, 17h00, Verein Living Room \u00e0 Berne<\/strong><br>Que signifie \u00eatre citoyen\u00b7ne, Suisse\u00b7sse ou migrant\u00b7e ? Le film documentaire \u00ab Wir Mitb\u00fcrgerinnen \u00bb nous emm\u00e8ne \u00e0 la d\u00e9couverte d\u2019une Suisse diverse, o\u00f9 des femmes issues de l&#8217;immigration participent activement \u00e0 la vie politique et sociale.<br>Cette projection, organis\u00e9e par Frieda, sera suivie d\u2019une table ronde avec les protagonistes \u2014 une soir\u00e9e plac\u00e9e sous le signe de l\u2019\u00e9change, de l\u2019inspiration et de nouvelles rencontres.<br>Plus d\u2019informations <a rel=\"noreferrer noopener\" href=\"https:\/\/www.frieda.org\/de\/veranstaltungen\/film-10-jahre-jubilaeum-film-wir-mitbuergerinnen\" target=\"_blank\">ici<\/a>.<\/p>\n\n\n\n<p><strong>Basel Peace Forum 2026<br>26 janvier 2026, 9h30 \u00e0 B\u00e2le<\/strong><br>Dix ans de Basel Peace Forum \u2014 un jalon marquant une d\u00e9cennie de profonds bouleversements mondiaux entre guerre et paix. Cette p\u00e9riode a \u00e9t\u00e9 marqu\u00e9e par des \u00e9v\u00e9nements majeurs, de l\u2019accord de paix avec les FARC en Colombie \u00e0 l\u2019invasion russe de l\u2019Ukraine, r\u00e9v\u00e9lant \u00e0 la fois la fragilit\u00e9 et la r\u00e9silience de l\u2019ordre international.<br>Le 10e Basel Peace Forum reviendra sur cette d\u00e9cennie de mutations, mettra en lumi\u00e8re les voix de celles et ceux qui \u0153uvrent pour la paix en ces temps turbulents et offrira des perspectives face aux d\u00e9fis et opportunit\u00e9s pour la paix des ann\u00e9es \u00e0 venir.<br>Plus d\u2019informations <a rel=\"noreferrer noopener\" href=\"https:\/\/basel-peace.org\/bpf-2026\/\" target=\"_blank\">ici<\/a>.<\/p>\n\n\n\n<p><strong>Caux Democracy Forum<br>22\u201326 juin 2026 au Palace<\/strong> <strong>de Caux<\/strong><br>Le Caux Democracy Forum a pour objectif d&#8217;inspirer, \u00e9quiper et connecter les individu.es, les groupes et les organisations qui s&#8217;engagent \u00e0 renforcer la d\u00e9mocratie, les droits de l&#8217;homme et l&#8217;engagement civique \u00e0 travers l&#8217;Europe et le monde.<br>Ce forum se d\u00e9roule \u00e0 un moment crucial pour la d\u00e9mocratie dans le monde. Dans la continuit\u00e9 de l&#8217;\u00e9v\u00e9nement inaugural de 2024 et dans le sillage de la \u00ab super ann\u00e9e \u00e9lectorale \u00bb, les participant\u00b7es aborderonts valeurs essentielles au renforcement de la d\u00e9mocratie<strong> <\/strong>dans un monde en \u00e9volution rapide, menac\u00e9 par la d\u00e9sinformation, la polarisation et le d\u00e9clin de la participation.<br>Plus d\u2019informations et inscription <a rel=\"noreferrer noopener\" href=\"https:\/\/www.iofc.ch\/caux-democracy-forum-2025\" target=\"_blank\">ici<\/a>.<\/p>\n\n\n\n<p><strong>\u00ab Utopia Rising: Feministischen Frieden kollektiv verwirklichen \u00bb<br>6 &amp; 7 mars 2026 14:00 \u00e0 Berne<\/strong><br>Frieda \u2013 l\u2019organisation f\u00e9ministe pour la paix organise, sous le titre \u00ab Utopia Rising : R\u00e9aliser collectivement une paix f\u00e9ministe \u00bb, la 8\u1d49 Conf\u00e9rence suisse pour la paix \u00e0 Berne.<br>\u00c0 travers diff\u00e9rents formats, les participant\u00b7es se pencheront sur la question de savoir comment, au c\u0153ur de l\u2019escalade des conflits, de la mont\u00e9e des forces de droite et de l\u2019exploitation n\u00e9olib\u00e9rale, il est encore possible de lutter pour une paix et des utopies f\u00e9ministes.<br>Plus d\u2019informations <a rel=\"noreferrer noopener\" href=\"https:\/\/www.frieda.org\/de\/veranstaltungen\/utopia-rising-feministischen-frieden-kollektiv-verwirklichen\" target=\"_blank\">ici<\/a>.<\/p>\n","protected":false},"excerpt":{"rendered":"<p>10e anniversaire \u00ab Wir Mitb\u00fcrgerinnen \u00bb \u2013 Projection de film et discussion17 d\u00e9cembre 2025, 17h00, Verein Living Room \u00e0 BerneQue signifie \u00eatre citoyen\u00b7ne, Suisse\u00b7sse ou migrant\u00b7e ? Le film documentaire \u00ab Wir Mitb\u00fcrgerinnen \u00bb nous emm\u00e8ne \u00e0 la d\u00e9couverte d\u2019une Suisse diverse, o\u00f9 des femmes issues de l&#8217;immigration participent activement \u00e0 la vie politique et <a href=\"https:\/\/koff.swisspeace.ch\/apropos\/6719\/evenements-13\/\" class=\"more-link\">&#8230;<span class=\"screen-reader-text\">  \u00c9v\u00e9nements<\/span><\/a><\/p>\n","protected":false},"author":3,"featured_media":4842,"comment_status":"closed","ping_status":"closed","sticky":false,"template":"","format":"standard","meta":{"advgb_blocks_editor_width":"","advgb_blocks_columns_visual_guide":""},"categories":[97],"tags":[],"issue":[454],"acf":[],"author_meta":{"display_name":"\u00e0 propos","author_link":"https:\/\/koff.swisspeace.ch\/apropos\/author\/apropos\/"},"featured_img":"https:\/\/koff.swisspeace.ch\/apropos\/wp-content\/uploads\/2024\/12\/Icons-Events-600x332.png","coauthors":[],"tax_additional":{"categories":{"linked":["<a href=\"https:\/\/koff.swisspeace.ch\/apropos\/category\/calendar-fr\/\" class=\"advgb-post-tax-term\">Calendrier<\/a>"],"unlinked":["<span class=\"advgb-post-tax-term\">Calendrier<\/span>"]}},"comment_count":0,"relative_dates":{"created":"Posted 9 months ago","modified":"Updated 9 months ago"},"absolute_dates":{"created":"Posted on December 16, 2025","modified":"Updated on December 16, 2025"},"absolute_dates_time":{"created":"Posted on December 16, 2025 9:27 am","modified":"Updated on December 16, 2025 9:27 am"},"featured_img_caption":"","series_order":null,"_links":{"self":[{"href":"https:\/\/koff.swisspeace.ch\/apropos\/wp-json\/wp\/v2\/posts\/6719"}],"collection":[{"href":"https:\/\/koff.swisspeace.ch\/apropos\/wp-json\/wp\/v2\/posts"}],"about":[{"href":"https:\/\/koff.swisspeace.ch\/apropos\/wp-json\/wp\/v2\/types\/post"}],"author":[{"embeddable":true,"href":"https:\/\/koff.swisspeace.ch\/apropos\/wp-json\/wp\/v2\/users\/3"}],"replies":[{"embeddable":true,"href":"https:\/\/koff.swisspeace.ch\/apropos\/wp-json\/wp\/v2\/comments?post=6719"}],"version-history":[{"count":8,"href":"https:\/\/koff.swisspeace.ch\/apropos\/wp-json\/wp\/v2\/posts\/6719\/revisions"}],"predecessor-version":[{"id":6937,"href":"https:\/\/koff.swisspeace.ch\/apropos\/wp-json\/wp\/v2\/posts\/6719\/revisions\/6937"}],"wp:featuredmedia":[{"embeddable":true,"href":"https:\/\/koff.swisspeace.ch\/apropos\/wp-json\/wp\/v2\/media\/4842"}],"wp:attachment":[{"href":"https:\/\/koff.swisspeace.ch\/apropos\/wp-json\/wp\/v2\/media?parent=6719"}],"wp:term":[{"taxonomy":"category","embeddable":true,"href":"https:\/\/koff.swisspeace.ch\/apropos\/wp-json\/wp\/v2\/categories?post=6719"},{"taxonomy":"post_tag","embeddable":true,"href":"https:\/\/koff.swisspeace.ch\/apropos\/wp-json\/wp\/v2\/tags?post=6719"},{"taxonomy":"issue","embeddable":true,"href":"https:\/\/koff.swisspeace.ch\/apropos\/wp-json\/wp\/v2\/issue?post=6719"}],"curies":[{"name":"wp","href":"https:\/\/api.w.org\/{rel}","templated":true}]}}