{"id":6721,"date":"2025-12-16T09:09:41","date_gmt":"2025-12-16T09:09:41","guid":{"rendered":"https:\/\/koff.swisspeace.ch\/apropos\/?p=6721"},"modified":"2025-12-16T09:09:41","modified_gmt":"2025-12-16T09:09:41","slug":"events-25","status":"publish","type":"post","link":"https:\/\/koff.swisspeace.ch\/apropos\/6721\/events-25\/","title":{"rendered":"Events"},"content":{"rendered":"\n<p><strong>10 Jahre Jubil\u00e4um \u00abWir Mitb\u00fcrgerinnen\u00bb \u2013 Film und Gespr\u00e4ch<br>17. Dezember 2025<\/strong>, <strong>17 Uhr, Verein Living Room, Bern<\/strong><br>Was heisst es, B\u00fcrger:in, Schweizer:in oder Migrant:in zu sein? Der Dokumentarfilm \u00abWir Mitb\u00fcrgerinnen\u00bb nimmt uns mit auf eine Reise durch eine vielf\u00e4ltige Schweiz, in der Frauen mit Migrationserfahrung Politik und Gesellschaft aktiv mitgestalten.<br>Die von Frieda organisierte Filmvorf\u00fchrung wird von einer Podiumsdiskussion mit den Protagonistinnen begleitet \u2013 ein Abend des Austauschs, der Inspiration und neuer Begegnungen.<br>Weitere Informationen <a rel=\"noreferrer noopener\" href=\"https:\/\/www.frieda.org\/de\/veranstaltungen\/film-10-jahre-jubilaeum-film-wir-mitbuergerinnen\" target=\"_blank\">hier<\/a>.<\/p>\n\n\n\n<p><strong>Basel Peace Forum 2026<\/strong><br><strong>26. Januar 2026, 9:30 Uhr, Basel<\/strong><br>Zehn Jahre Basel Peace Forum \u2013 ein Meilenstein, der ein Jahrzehnt tiefgreifender globaler Umbr\u00fcche zwischen Krieg und Frieden umfasst. Diese Zeit war gepr\u00e4gt von entscheidenden Ereignissen, vom Friedensabkommen mit der FARC in Kolumbien bis hin zur russischen Invasion in der Ukraine, und zeigt sowohl die Fragilit\u00e4t als auch die Widerstandsf\u00e4higkeit der internationalen Ordnung.<br>Das 10. Basel Peace Forum wird dieses pr\u00e4gende Jahrzehnt reflektieren, die Stimmen jener st\u00e4rken, die in turbulenten Zeiten Frieden gestalten, und zukunftsgerichtete Perspektiven auf die sich wandelnden Herausforderungen und Chancen f\u00fcr den Frieden in den kommenden Jahren er\u00f6ffnen.<br>Weitere Informationen <a href=\"https:\/\/basel-peace.org\/bpf-2026\/\" target=\"_blank\" rel=\"noreferrer noopener\">hier<\/a>.<\/p>\n\n\n\n<p><strong>Caux Democracy Forum<br>22.\u201326. Juni 2026, Caux Palace<\/strong><br>Das Caux Democracy Forum m\u00f6chte Einzelpersonen, Gruppen und Organisationen inspirieren, bef\u00e4higen und vernetzen, die sich f\u00fcr die St\u00e4rkung von Demokratie, Menschenrechten und zivilgesellschaftlichem Engagement in Europa und weltweit einsetzen.<br>Dieses Forum findet zu einem kritischen Zeitpunkt f\u00fcr die globale Demokratie statt. Aufbauend auf der ersten Ausgabe 2024 und im Nachhall des \u00abSuperwahljahres\u00bb wird sich die diesj\u00e4hrige Ausgabe vertieft mit den Werten befassen, die f\u00fcr die St\u00e4rkung der Demokratie in einer sich rasch wandelnden Welt unerl\u00e4sslich sind \u2013 einer Welt, die von Desinformation, Polarisierung und nachlassender Beteiligung bedroht ist.<br>Weitere Informationen &amp; Anmeldung <a rel=\"noreferrer noopener\" href=\"https:\/\/www.iofc.ch\/caux-democracy-forum-2025\" target=\"_blank\">hier<\/a>.<\/p>\n\n\n\n<p><strong>Utopia Rising: Feministischen Frieden kollektiv verwirklichen<\/strong><br><strong>6 &amp; 7 M\u00e4rz 2026 14:00 Uhr, Heitere Fahne und queerfeministischer Raum, Bern<\/strong><br>Frieda \u2013 die feministische Friedensorganisation organisiert unter dem Titel \u00abUtopia Rising: Feministischen Frieden kollektiv verwirklichen\u00bb in der\u00a0<a rel=\"noreferrer noopener\" href=\"https:\/\/www.dieheiterefahne.ch\/\" target=\"_blank\">Heiteren Fahne<\/a>\u00a0die 8. Schweizer Friedenskonferenz in Bern.<br>In verschiedenen Formaten widmen wir uns der Frage, wie inmitten der Eskalation von Kriegen, dem Erstarken rechter Kr\u00e4fte und neoliberaler Ausbeutung weiterhin f\u00fcr feministischen Frieden und feministische Utopien gek\u00e4mpft werden kann.<br>Weitere Informationen <a rel=\"noreferrer noopener\" href=\"https:\/\/www.frieda.org\/de\/veranstaltungen\/utopia-rising-feministischen-frieden-kollektiv-verwirklichen\" target=\"_blank\">hier<\/a>.<\/p>\n","protected":false},"excerpt":{"rendered":"<p>10 Jahre Jubil\u00e4um \u00abWir Mitb\u00fcrgerinnen\u00bb \u2013 Film und Gespr\u00e4ch17. Dezember 2025, 17 Uhr, Verein Living Room, BernWas heisst es, B\u00fcrger:in, Schweizer:in oder Migrant:in zu sein? Der Dokumentarfilm \u00abWir Mitb\u00fcrgerinnen\u00bb nimmt uns mit auf eine Reise durch eine vielf\u00e4ltige Schweiz, in der Frauen mit Migrationserfahrung Politik und Gesellschaft aktiv mitgestalten.Die von Frieda organisierte Filmvorf\u00fchrung wird von <a href=\"https:\/\/koff.swisspeace.ch\/apropos\/6721\/events-25\/\" class=\"more-link\">&#8230;<span class=\"screen-reader-text\">  Events<\/span><\/a><\/p>\n","protected":false},"author":3,"featured_media":4842,"comment_status":"closed","ping_status":"closed","sticky":false,"template":"","format":"standard","meta":{"advgb_blocks_editor_width":"","advgb_blocks_columns_visual_guide":""},"categories":[93],"tags":[],"issue":[451],"acf":[],"author_meta":{"display_name":"\u00e0 propos","author_link":"https:\/\/koff.swisspeace.ch\/apropos\/author\/apropos\/"},"featured_img":"https:\/\/koff.swisspeace.ch\/apropos\/wp-content\/uploads\/2024\/12\/Icons-Events-600x332.png","coauthors":[],"tax_additional":{"categories":{"linked":["<a href=\"https:\/\/koff.swisspeace.ch\/apropos\/category\/calendar-de\/\" class=\"advgb-post-tax-term\">Kalender<\/a>"],"unlinked":["<span class=\"advgb-post-tax-term\">Kalender<\/span>"]}},"comment_count":0,"relative_dates":{"created":"Posted 9 months ago","modified":"Updated 9 months ago"},"absolute_dates":{"created":"Posted on December 16, 2025","modified":"Updated on December 16, 2025"},"absolute_dates_time":{"created":"Posted on December 16, 2025 9:09 am","modified":"Updated on December 16, 2025 9:09 am"},"featured_img_caption":"","series_order":null,"_links":{"self":[{"href":"https:\/\/koff.swisspeace.ch\/apropos\/wp-json\/wp\/v2\/posts\/6721"}],"collection":[{"href":"https:\/\/koff.swisspeace.ch\/apropos\/wp-json\/wp\/v2\/posts"}],"about":[{"href":"https:\/\/koff.swisspeace.ch\/apropos\/wp-json\/wp\/v2\/types\/post"}],"author":[{"embeddable":true,"href":"https:\/\/koff.swisspeace.ch\/apropos\/wp-json\/wp\/v2\/users\/3"}],"replies":[{"embeddable":true,"href":"https:\/\/koff.swisspeace.ch\/apropos\/wp-json\/wp\/v2\/comments?post=6721"}],"version-history":[{"count":7,"href":"https:\/\/koff.swisspeace.ch\/apropos\/wp-json\/wp\/v2\/posts\/6721\/revisions"}],"predecessor-version":[{"id":6950,"href":"https:\/\/koff.swisspeace.ch\/apropos\/wp-json\/wp\/v2\/posts\/6721\/revisions\/6950"}],"wp:featuredmedia":[{"embeddable":true,"href":"https:\/\/koff.swisspeace.ch\/apropos\/wp-json\/wp\/v2\/media\/4842"}],"wp:attachment":[{"href":"https:\/\/koff.swisspeace.ch\/apropos\/wp-json\/wp\/v2\/media?parent=6721"}],"wp:term":[{"taxonomy":"category","embeddable":true,"href":"https:\/\/koff.swisspeace.ch\/apropos\/wp-json\/wp\/v2\/categories?post=6721"},{"taxonomy":"post_tag","embeddable":true,"href":"https:\/\/koff.swisspeace.ch\/apropos\/wp-json\/wp\/v2\/tags?post=6721"},{"taxonomy":"issue","embeddable":true,"href":"https:\/\/koff.swisspeace.ch\/apropos\/wp-json\/wp\/v2\/issue?post=6721"}],"curies":[{"name":"wp","href":"https:\/\/api.w.org\/{rel}","templated":true}]}}