{"id":6894,"date":"2025-12-16T09:27:13","date_gmt":"2025-12-16T09:27:13","guid":{"rendered":"https:\/\/koff.swisspeace.ch\/apropos\/?p=6894"},"modified":"2025-12-16T10:15:52","modified_gmt":"2025-12-16T10:15:52","slug":"appel-a-projet-recherche-orientee-vers-des-solutions-pour-le-developpement-sor4d","status":"publish","type":"post","link":"https:\/\/koff.swisspeace.ch\/apropos\/6894\/appel-a-projet-recherche-orientee-vers-des-solutions-pour-le-developpement-sor4d\/","title":{"rendered":"Appel \u00e0 projet \u2013 Recherche orient\u00e9e vers des solutions pour le d\u00e9veloppement (SOR4D)"},"content":{"rendered":"\n<p>L\u2019Agence suisse pour le d\u00e9veloppement et la coop\u00e9ration (DDC) et le Fonds national suisse de la recherche scientifique (FNS) lancent la deuxi\u00e8me phase de leur programme phare de recherche transdisciplinaire pour le d\u00e9veloppement: la Recherche orient\u00e9e vers des solutions pour le d\u00e9veloppement (SOR4D).<br>L\u2019appel \u00e0 propositions sera publi\u00e9 le 19 janvier 2026 sur la page \u00ab <a rel=\"noreferrer noopener\" href=\"https:\/\/www.snf.ch\/en\/LlLsqrrZVo4EqWui\/page\/open-calls\" target=\"_blank\">Open Calls<\/a> \u00bb du FNS. <strong>La date limite de soumissions est le 18 mai 2026.<\/strong><\/p>\n","protected":false},"excerpt":{"rendered":"<p>L\u2019Agence suisse pour le d\u00e9veloppement et la coop\u00e9ration (DDC) et le Fonds national suisse de la recherche scientifique (FNS) lancent la deuxi\u00e8me phase de leur programme phare de recherche transdisciplinaire pour le d\u00e9veloppement: la Recherche orient\u00e9e vers des solutions pour le d\u00e9veloppement (SOR4D).L\u2019appel \u00e0 propositions sera publi\u00e9 le 19 janvier 2026 sur la page \u00ab <a href=\"https:\/\/koff.swisspeace.ch\/apropos\/6894\/appel-a-projet-recherche-orientee-vers-des-solutions-pour-le-developpement-sor4d\/\" class=\"more-link\">&#8230;<span class=\"screen-reader-text\">  Appel \u00e0 projet \u2013 Recherche orient\u00e9e vers des solutions pour le d\u00e9veloppement (SOR4D)<\/span><\/a><\/p>\n","protected":false},"author":3,"featured_media":6938,"comment_status":"closed","ping_status":"closed","sticky":false,"template":"","format":"standard","meta":{"advgb_blocks_editor_width":"","advgb_blocks_columns_visual_guide":""},"categories":[99],"tags":[],"issue":[454],"acf":[],"author_meta":{"display_name":"\u00e0 propos","author_link":"https:\/\/koff.swisspeace.ch\/apropos\/author\/apropos\/"},"featured_img":"https:\/\/koff.swisspeace.ch\/apropos\/wp-content\/uploads\/2025\/12\/Icon-announcement-600x332.jpg","coauthors":[],"tax_additional":{"categories":{"linked":["<a href=\"https:\/\/koff.swisspeace.ch\/apropos\/category\/news-fr\/\" class=\"advgb-post-tax-term\">Actualit\u00e9<\/a>"],"unlinked":["<span class=\"advgb-post-tax-term\">Actualit\u00e9<\/span>"]}},"comment_count":0,"relative_dates":{"created":"Posted 9 months ago","modified":"Updated 9 months ago"},"absolute_dates":{"created":"Posted on December 16, 2025","modified":"Updated on December 16, 2025"},"absolute_dates_time":{"created":"Posted on December 16, 2025 9:27 am","modified":"Updated on December 16, 2025 10:15 am"},"featured_img_caption":"","series_order":null,"_links":{"self":[{"href":"https:\/\/koff.swisspeace.ch\/apropos\/wp-json\/wp\/v2\/posts\/6894"}],"collection":[{"href":"https:\/\/koff.swisspeace.ch\/apropos\/wp-json\/wp\/v2\/posts"}],"about":[{"href":"https:\/\/koff.swisspeace.ch\/apropos\/wp-json\/wp\/v2\/types\/post"}],"author":[{"embeddable":true,"href":"https:\/\/koff.swisspeace.ch\/apropos\/wp-json\/wp\/v2\/users\/3"}],"replies":[{"embeddable":true,"href":"https:\/\/koff.swisspeace.ch\/apropos\/wp-json\/wp\/v2\/comments?post=6894"}],"version-history":[{"count":11,"href":"https:\/\/koff.swisspeace.ch\/apropos\/wp-json\/wp\/v2\/posts\/6894\/revisions"}],"predecessor-version":[{"id":6992,"href":"https:\/\/koff.swisspeace.ch\/apropos\/wp-json\/wp\/v2\/posts\/6894\/revisions\/6992"}],"wp:featuredmedia":[{"embeddable":true,"href":"https:\/\/koff.swisspeace.ch\/apropos\/wp-json\/wp\/v2\/media\/6938"}],"wp:attachment":[{"href":"https:\/\/koff.swisspeace.ch\/apropos\/wp-json\/wp\/v2\/media?parent=6894"}],"wp:term":[{"taxonomy":"category","embeddable":true,"href":"https:\/\/koff.swisspeace.ch\/apropos\/wp-json\/wp\/v2\/categories?post=6894"},{"taxonomy":"post_tag","embeddable":true,"href":"https:\/\/koff.swisspeace.ch\/apropos\/wp-json\/wp\/v2\/tags?post=6894"},{"taxonomy":"issue","embeddable":true,"href":"https:\/\/koff.swisspeace.ch\/apropos\/wp-json\/wp\/v2\/issue?post=6894"}],"curies":[{"name":"wp","href":"https:\/\/api.w.org\/{rel}","templated":true}]}}