{"id":693,"date":"2023-02-23T15:58:25","date_gmt":"2023-02-23T15:58:25","guid":{"rendered":"https:\/\/koff.swisspeace.ch\/apropos\/?p=693"},"modified":"2023-02-24T09:53:53","modified_gmt":"2023-02-24T09:53:53","slug":"pour-une-reconstruction-basee-sur-legalite-des-genres","status":"publish","type":"post","link":"https:\/\/koff.swisspeace.ch\/apropos\/693\/pour-une-reconstruction-basee-sur-legalite-des-genres\/","title":{"rendered":"Pour une reconstruction bas\u00e9e sur l\u2019\u00e9galit\u00e9 des genres"},"content":{"rendered":"\n<p>Notre travail avec les femmes de l&#8217;est de l&#8217;Ukraine, avant m\u00eame que le conflit ne s&#8217;intensifie le 24 f\u00e9vrier 2022, a montr\u00e9 que les violences envers les femmes est une tactique militaire. Les exp\u00e9riences des femmes doivent donc \u00eatre prises en compte dans le travail de m\u00e9moire sur les crimes de guerre. Sans cela, il ne peut pas y avoir de reconstruction durable et juste, ni de v\u00e9ritable s\u00e9curit\u00e9 en Ukraine.<\/p>\n\n\n\n<p>En 2021, nous avons organis\u00e9 des &#8220;tables pour la paix&#8221; pour des femmes bas\u00e9es \u00e0 l\u2018est de l&#8217;Ukraine avec notre organisation partenaire Kharkiv Regional Foundation Public Alternative (PA). Dans un cadre prot\u00e9g\u00e9, des femmes d&#8217;horizons divers ont \u00e9voqu\u00e9 le th\u00e8me de la s\u00e9curit\u00e9. Elles ont partag\u00e9 leurs exp\u00e9riences au sein d\u2019un nouveau cercle de femmes en abordant les sujets des violences domestiques, de l&#8217;ins\u00e9curit\u00e9 dans l\u2019espace public, de l&#8217;acc\u00e8s aux \u00e9tablissements de sant\u00e9, du manque d&#8217;opportunit\u00e9s en mati\u00e8re d&#8217;emploi et de la pauvret\u00e9. Ensemble, elles ont formul\u00e9 des requ\u00eates \u00e0 l&#8217;attention des autorit\u00e9s. Puis, la guerre a commenc\u00e9. L&#8217;est de l&#8217;Ukraine a \u00e9t\u00e9 particuli\u00e8rement touch\u00e9, les conditions de vie y \u00e9taient d\u00e9j\u00e0 pr\u00e9caires avant la guerre et la mobilit\u00e9 de nombreuses personnes, en particulier des femmes, \u00e9tait d\u00e9j\u00e0 limit\u00e9e. La confiance acquise au sein des groupes a alors servi de base pour toutes sortes d&#8217;aides d&#8217;urgence.<\/p>\n\n\n\n<p>Fin 2022, nous avons lanc\u00e9 le projet de suivi Women&#8217;s Platform for Peace. Les femmes (de l&#8217;est de l&#8217;Ukraine et de Suisse, ayant une exp\u00e9rience professionnelle dans le domaine social ou artistique) se sont retrouv\u00e9es. Elles femmes ont profit\u00e9 de cette rencontre pour \u00e9changer sur leurs pr\u00e9occupations, leurs id\u00e9es et leurs besoins, entre elles et en toute confiance, et ainsi pris conscience de leurs points communs. C\u2019est sur cette base qu\u2019elles souhaitent \u00e0 pr\u00e9sent d\u00e9velopper des projets de s\u00e9curit\u00e9 sociale et \u00e9conomique, pour une responsabilisation partag\u00e9e.<\/p>\n\n\n\n<p>Au sein de l&#8217;atelier, les femmes ont appris des techniques de \u00ab\u00a0communication narrative\u00a0\u00bb\u00a0: elles ont \u00e9crit leurs histoires et se les ont racont\u00e9es. Elles \u00e9taient toutes unanimes sur le fait que ces histoires doivent devenir publiques, pour enqu\u00eater sur les crimes de guerre, pour l\u2019histoire et le travail de r\u00e9conciliation, ainsi que pour une reconstruction dans le respect des droits humains et de l\u2019\u00e9galit\u00e9 entre les sexes.<\/p>\n\n\n\n<p>Mais dans l&#8217;\u00e9conomie (d&#8217;apr\u00e8s) guerre, la situation a empir\u00e9 comme on le constate sans cesse&nbsp;: les budgets consacr\u00e9s aux technologies militaires et de surveillance ont augment\u00e9, les imp\u00f4ts sur les b\u00e9n\u00e9fices des soci\u00e9t\u00e9s ont baiss\u00e9, pour le plus grand plaisir des entreprises qui tirent profit de la guerre. Les investissements dans l&#8217;\u00e9ducation, la sant\u00e9 ou la pr\u00e9vention de la violence sont laiss\u00e9s de c\u00f4t\u00e9 et la population locale, les femmes en tant que \u00ab&nbsp;soignantes&nbsp;\u00bb doivent prendre les choses en main. D&#8217;un point de vue f\u00e9ministe, il s\u2019agit d\u2019une politique extr\u00eamement conflictuelle et abusive.<\/p>\n\n\n\n<p>Les exp\u00e9riences de ces femmes sont r\u00e9v\u00e9latrices\u00a0; elles mettent en lumi\u00e8re la violence de la structure patriarcale de la soci\u00e9t\u00e9, et pas seulement en temps de guerre. L&#8217;Ukraine a l&#8217;avantage de compter de nombreuses organisations f\u00e9ministes engag\u00e9es et connaissant bien les processus occidentaux, dont les revendications doivent \u00e9galement \u00eatre prises au s\u00e9rieux pour la reconstruction. Ce n&#8217;est qu&#8217;ainsi que l&#8217;Ukraine pourra devenir une soci\u00e9t\u00e9 inclusive fond\u00e9e sur les droits des hommes et des femmes. Nous exigeons que les exp\u00e9riences des femmes et leurs voix soient entendues dans toutes les conf\u00e9rences consacr\u00e9es \u00e0 la reconstruction de l&#8217;Ukraine (comme l\u2019Ukraine Recovery Conference 2023).<\/p>\n","protected":false},"excerpt":{"rendered":"<p>Notre travail avec les femmes de l&#8217;est de l&#8217;Ukraine, avant m\u00eame que le conflit ne s&#8217;intensifie le 24 f\u00e9vrier 2022, a montr\u00e9 que les violences envers les femmes est une tactique militaire. Les exp\u00e9riences des femmes doivent donc \u00eatre prises en compte dans le travail de m\u00e9moire sur les crimes de guerre. Sans cela, il <a href=\"https:\/\/koff.swisspeace.ch\/apropos\/693\/pour-une-reconstruction-basee-sur-legalite-des-genres\/\" class=\"more-link\">&#8230;<span class=\"screen-reader-text\">  Pour une reconstruction bas\u00e9e sur l\u2019\u00e9galit\u00e9 des genres<\/span><\/a><\/p>\n","protected":false},"author":3,"featured_media":686,"comment_status":"open","ping_status":"open","sticky":false,"template":"","format":"standard","meta":{"advgb_blocks_editor_width":"","advgb_blocks_columns_visual_guide":""},"categories":[113],"tags":[],"issue":[135],"acf":[],"author_meta":{"display_name":"\u00e0 propos","author_link":"https:\/\/koff.swisspeace.ch\/apropos\/author\/apropos\/"},"featured_img":"https:\/\/koff.swisspeace.ch\/apropos\/wp-content\/uploads\/2023\/02\/WB_small-initiative1-600x332.png","coauthors":[],"tax_additional":{"categories":{"linked":["<a href=\"https:\/\/koff.swisspeace.ch\/apropos\/category\/reports-fr\/\" class=\"advgb-post-tax-term\">Dossier<\/a>"],"unlinked":["<span class=\"advgb-post-tax-term\">Dossier<\/span>"]}},"comment_count":0,"relative_dates":{"created":"Posted 4 years ago","modified":"Updated 4 years ago"},"absolute_dates":{"created":"Posted on February 23, 2023","modified":"Updated on February 24, 2023"},"absolute_dates_time":{"created":"Posted on February 23, 2023 3:58 pm","modified":"Updated on February 24, 2023 9:53 am"},"featured_img_caption":"","series_order":null,"_links":{"self":[{"href":"https:\/\/koff.swisspeace.ch\/apropos\/wp-json\/wp\/v2\/posts\/693"}],"collection":[{"href":"https:\/\/koff.swisspeace.ch\/apropos\/wp-json\/wp\/v2\/posts"}],"about":[{"href":"https:\/\/koff.swisspeace.ch\/apropos\/wp-json\/wp\/v2\/types\/post"}],"author":[{"embeddable":true,"href":"https:\/\/koff.swisspeace.ch\/apropos\/wp-json\/wp\/v2\/users\/3"}],"replies":[{"embeddable":true,"href":"https:\/\/koff.swisspeace.ch\/apropos\/wp-json\/wp\/v2\/comments?post=693"}],"version-history":[{"count":5,"href":"https:\/\/koff.swisspeace.ch\/apropos\/wp-json\/wp\/v2\/posts\/693\/revisions"}],"predecessor-version":[{"id":1058,"href":"https:\/\/koff.swisspeace.ch\/apropos\/wp-json\/wp\/v2\/posts\/693\/revisions\/1058"}],"wp:featuredmedia":[{"embeddable":true,"href":"https:\/\/koff.swisspeace.ch\/apropos\/wp-json\/wp\/v2\/media\/686"}],"wp:attachment":[{"href":"https:\/\/koff.swisspeace.ch\/apropos\/wp-json\/wp\/v2\/media?parent=693"}],"wp:term":[{"taxonomy":"category","embeddable":true,"href":"https:\/\/koff.swisspeace.ch\/apropos\/wp-json\/wp\/v2\/categories?post=693"},{"taxonomy":"post_tag","embeddable":true,"href":"https:\/\/koff.swisspeace.ch\/apropos\/wp-json\/wp\/v2\/tags?post=693"},{"taxonomy":"issue","embeddable":true,"href":"https:\/\/koff.swisspeace.ch\/apropos\/wp-json\/wp\/v2\/issue?post=693"}],"curies":[{"name":"wp","href":"https:\/\/api.w.org\/{rel}","templated":true}]}}