{"id":7021,"date":"2026-04-01T07:23:09","date_gmt":"2026-04-01T07:23:09","guid":{"rendered":"https:\/\/koff.swisspeace.ch\/apropos\/?p=7021"},"modified":"2026-04-14T07:29:30","modified_gmt":"2026-04-14T07:29:30","slug":"manifesto-for-locally-anchored-international-cooperation","status":"publish","type":"post","link":"https:\/\/koff.swisspeace.ch\/apropos\/7021\/manifesto-for-locally-anchored-international-cooperation\/","title":{"rendered":"Manifesto \u2014 For Locally Led Action"},"content":{"rendered":"\n<p>In recent years, discussions on decolonizing and localizing international cooperation have often been reduced to a narrow focus on financial flows: localization is considered achieved when more funds are directly allocated to local partners. While this is important, it overlooks central questions of power within partnerships. Direct funding for local organizations is frequently accompanied by increased accountability demands from donors, meaning that financial transfers alone are insufficient to ensure local ownership of programs.<\/p>\n\n\n\n<p>Practical experience shows that building equitable partnerships (aiming at a decolonized international cooperation) rests on multiple pillars and requires time. Trust-based partnerships cannot be decreed; they are established through years of dialogue on equal footing and concrete actions. Ideally, this strengthens local organizations, enabling them to define their own priorities and choose their partners independently. This naturally calls into question the role of Swiss NGOs. Swiss development organizations are convinced that an active and engaged civil society will remain indispensable in the future. However, the roles of all actors will change, and this is both right and necessary.<\/p>\n\n\n\n<p>To foster a broader understanding of the steps required, over 40 Swiss NGOs have jointly drafted a <a href=\"https:\/\/www.alliancesud.ch\/en\/Manifesto-locally-owned-globally-backed\" target=\"_blank\" rel=\"noreferrer noopener\">Manifesto for Locally Led Action<\/a>. It serves as a guide for their own work while also calling on donors to reshape their frameworks to enable these necessary transformations.<\/p>\n\n\n\n<p>The manifesto is also a response to the rise of authoritarian forces that deliberately undermine human rights, restrict civil society\u2019s room for maneuver, and weaken the foundations of multilateralism. Against this backdrop, an international cooperation that centers on people living in the world\u2019s most vulnerable situations becomes even more crucial. This can only be achieved if local actors, Swiss NGOs, governments, donors, the private sector, and academia perceive themselves as allies, collectively working toward the realization of human rights.<\/p>\n","protected":false},"excerpt":{"rendered":"<p>In recent years, discussions on decolonizing and localizing international cooperation have often been reduced to a narrow focus on financial flows: localization is considered achieved when more funds are directly allocated to local partners. While this is important, it overlooks central questions of power within partnerships. Direct funding for local organizations is frequently accompanied by <a href=\"https:\/\/koff.swisspeace.ch\/apropos\/7021\/manifesto-for-locally-anchored-international-cooperation\/\" class=\"more-link\">&#8230;<span class=\"screen-reader-text\">  Manifesto \u2014 For Locally Led Action<\/span><\/a><\/p>\n","protected":false},"author":3,"featured_media":7022,"comment_status":"closed","ping_status":"closed","sticky":false,"template":"","format":"standard","meta":{"advgb_blocks_editor_width":"","advgb_blocks_columns_visual_guide":""},"categories":[111],"tags":[],"issue":[471],"acf":[],"author_meta":{"display_name":"\u00e0 propos","author_link":"https:\/\/koff.swisspeace.ch\/apropos\/author\/apropos\/"},"featured_img":"https:\/\/koff.swisspeace.ch\/apropos\/wp-content\/uploads\/2026\/03\/allianceSud_apropos188_\u00a9Adrien-Bitibaly-Fairpiture-Enfants-du-Monde-600x332.jpg","coauthors":[],"tax_additional":{"categories":{"linked":["<a href=\"https:\/\/koff.swisspeace.ch\/apropos\/category\/reports-en\/\" class=\"advgb-post-tax-term\">Reports<\/a>"],"unlinked":["<span class=\"advgb-post-tax-term\">Reports<\/span>"]}},"comment_count":0,"relative_dates":{"created":"Posted 5 months ago","modified":"Updated 5 months ago"},"absolute_dates":{"created":"Posted on April 1, 2026","modified":"Updated on April 14, 2026"},"absolute_dates_time":{"created":"Posted on April 1, 2026 7:23 am","modified":"Updated on April 14, 2026 7:29 am"},"featured_img_caption":"Bamogo Ramatou \u00e9l\u00e8ve de 14 ans \u00e0 l'\u00e9cole bilingue Tram d'accueil B, fait un exercice de groupe avec ses camarades de classe en pr\u00e9sence de sa ma\u00eetresse.","series_order":null,"_links":{"self":[{"href":"https:\/\/koff.swisspeace.ch\/apropos\/wp-json\/wp\/v2\/posts\/7021"}],"collection":[{"href":"https:\/\/koff.swisspeace.ch\/apropos\/wp-json\/wp\/v2\/posts"}],"about":[{"href":"https:\/\/koff.swisspeace.ch\/apropos\/wp-json\/wp\/v2\/types\/post"}],"author":[{"embeddable":true,"href":"https:\/\/koff.swisspeace.ch\/apropos\/wp-json\/wp\/v2\/users\/3"}],"replies":[{"embeddable":true,"href":"https:\/\/koff.swisspeace.ch\/apropos\/wp-json\/wp\/v2\/comments?post=7021"}],"version-history":[{"count":11,"href":"https:\/\/koff.swisspeace.ch\/apropos\/wp-json\/wp\/v2\/posts\/7021\/revisions"}],"predecessor-version":[{"id":7412,"href":"https:\/\/koff.swisspeace.ch\/apropos\/wp-json\/wp\/v2\/posts\/7021\/revisions\/7412"}],"wp:featuredmedia":[{"embeddable":true,"href":"https:\/\/koff.swisspeace.ch\/apropos\/wp-json\/wp\/v2\/media\/7022"}],"wp:attachment":[{"href":"https:\/\/koff.swisspeace.ch\/apropos\/wp-json\/wp\/v2\/media?parent=7021"}],"wp:term":[{"taxonomy":"category","embeddable":true,"href":"https:\/\/koff.swisspeace.ch\/apropos\/wp-json\/wp\/v2\/categories?post=7021"},{"taxonomy":"post_tag","embeddable":true,"href":"https:\/\/koff.swisspeace.ch\/apropos\/wp-json\/wp\/v2\/tags?post=7021"},{"taxonomy":"issue","embeddable":true,"href":"https:\/\/koff.swisspeace.ch\/apropos\/wp-json\/wp\/v2\/issue?post=7021"}],"curies":[{"name":"wp","href":"https:\/\/api.w.org\/{rel}","templated":true}]}}