{"id":703,"date":"2023-02-23T16:36:55","date_gmt":"2023-02-23T16:36:55","guid":{"rendered":"https:\/\/koff.swisspeace.ch\/apropos\/?p=703"},"modified":"2023-02-24T09:53:27","modified_gmt":"2023-02-24T09:53:27","slug":"keine-neutralitaet-angesichts-schwerer-voelkerrechtsverletzungen","status":"publish","type":"post","link":"https:\/\/koff.swisspeace.ch\/apropos\/703\/keine-neutralitaet-angesichts-schwerer-voelkerrechtsverletzungen\/","title":{"rendered":"Keine Neutralit\u00e4t angesichts schwerer V\u00f6lkerrechtsverletzungen"},"content":{"rendered":"\n<p>Der Krieg Russlands gegen die Ukraine hat letztes Jahr \u2013 neben dem bevorstehenden Einsitz in den UNO-Sicherheitsrat \u2013 die Neutralit\u00e4t der Schweiz wieder und dringlich auf den Pr\u00fcfstand gestellt. In erster Linie ging es dabei um die politische Neutralit\u00e4t, aber mit der Kriegslage zunehmend auch um ihre Essenz, die milit\u00e4rische Neutralit\u00e4t. W\u00e4hrend der Bundesrat unter dem Druck der europ\u00e4ischen Sanktionen gegen Russland nicht anders konnte als sich weitgehend anzuschliessen und sich damit klar gegen den russischen Angriff zu positionieren, und er sich ausserdem f\u00fcr den Wiederaufbau der Ukraine und die Aufnahme der Fl\u00fcchtlinge engagierte, verweigerte die Schweiz jegliche Solidarit\u00e4t bez\u00fcglich einer minimalen Unterst\u00fctzung des ukrainischen Widerstandes. So erlaubte der Bund nicht einmal die Weitergabe von Munition durch Deutschland f\u00fcr die Abwehr der verheerenden russischen Luftangriffe auf die zivile Infrastruktur der Ukraine w\u00e4hrend des Herbsts und Winters.<\/p>\n\n\n\n<p>Im Gegensatz zu Finnland und Schweden, die ihre Neutralit\u00e4t nach dem Beginn des Krieges aufgegeben haben und der NATO beitreten m\u00f6chten, stellt sich diese Option f\u00fcr die Schweiz nicht. Doch d\u00fcrfte die Auseinandersetzung um eine Neuausrichtung der Neutralit\u00e4tspolitik vertiefter diskutiert werden, je l\u00e4nger der Krieg andauert. Seit die Schweiz Mitglied der UNO ist, kann sie sich auch nicht mehr auf das Argument der Neutralit\u00e4t berufen, denn die UNO-Charta ist f\u00fcr sie verbindlich, und sie verurteilt nicht nur Angriffskriege, sondern verlangt auch, die Angegriffenen zu unterst\u00fctzen.<\/p>\n\n\n\n<p>Extrem nationalistische Kreise reagierten auf die verh\u00e4ngten Ukraine-Sanktionen mit der Lancierung einer sogenannten Neutralit\u00e4tsinitiative, die wirtschaftliche Massnahmen gegen L\u00e4nder nur dann erlaubt, wenn sie eindeutig von der UNO verh\u00e4ngt werden. Bis \u00fcber diese Initiative abgestimmt wird, d\u00fcrfte es aber noch Jahre dauern. Die gleichen Kreise hatten in einer Sondersitzung im Fr\u00fchling noch vergeblich versucht, den Einsitz des Landes in den UNO-Sicherheitsrat f\u00fcr die n\u00e4chsten zwei Jahre zu verhindern, den sie jahrelang wegen Neutralit\u00e4tsbedenken bek\u00e4mpft hatten. Die Chance besteht nun, im h\u00f6chsten UNO-Gremium mit einem wegweisenden aussenpolitischen Engagement f\u00fcr Solidarit\u00e4t und V\u00f6lkerrecht zur internationalen Friedenssicherung beizutragen. Im Rahmen der UNO geh\u00f6rt dazu jedoch nach dem Krieg um die Ukraine der Einsatz f\u00fcr eine verst\u00e4rkte R\u00fcstungskontrolle und Abr\u00fcstung, insbesondere bei den atomaren Waffen. Minimale Voraussetzung daf\u00fcr ist, dass die Schweiz unverz\u00fcglich dem Atomwaffenverbotsvertrag beitritt.<\/p>\n","protected":false},"excerpt":{"rendered":"<p>Der Krieg Russlands gegen die Ukraine hat letztes Jahr \u2013 neben dem bevorstehenden Einsitz in den UNO-Sicherheitsrat \u2013 die Neutralit\u00e4t der Schweiz wieder und dringlich auf den Pr\u00fcfstand gestellt. In erster Linie ging es dabei um die politische Neutralit\u00e4t, aber mit der Kriegslage zunehmend auch um ihre Essenz, die milit\u00e4rische Neutralit\u00e4t. W\u00e4hrend der Bundesrat unter <a href=\"https:\/\/koff.swisspeace.ch\/apropos\/703\/keine-neutralitaet-angesichts-schwerer-voelkerrechtsverletzungen\/\" class=\"more-link\">&#8230;<span class=\"screen-reader-text\">  Keine Neutralit\u00e4t angesichts schwerer V\u00f6lkerrechtsverletzungen<\/span><\/a><\/p>\n","protected":false},"author":3,"featured_media":965,"comment_status":"open","ping_status":"open","sticky":false,"template":"","format":"standard","meta":{"advgb_blocks_editor_width":"","advgb_blocks_columns_visual_guide":""},"categories":[73],"tags":[],"issue":[133],"acf":[],"author_meta":{"display_name":"\u00e0 propos","author_link":"https:\/\/koff.swisspeace.ch\/apropos\/author\/apropos\/"},"featured_img":"https:\/\/koff.swisspeace.ch\/apropos\/wp-content\/uploads\/2023\/02\/destruction-600x309.png","coauthors":[],"tax_additional":{"categories":{"linked":["<a href=\"https:\/\/koff.swisspeace.ch\/apropos\/category\/reports-de\/\" class=\"advgb-post-tax-term\">Dossier<\/a>"],"unlinked":["<span class=\"advgb-post-tax-term\">Dossier<\/span>"]}},"comment_count":0,"relative_dates":{"created":"Posted 4 years ago","modified":"Updated 4 years ago"},"absolute_dates":{"created":"Posted on February 23, 2023","modified":"Updated on February 24, 2023"},"absolute_dates_time":{"created":"Posted on February 23, 2023 4:36 pm","modified":"Updated on February 24, 2023 9:53 am"},"featured_img_caption":"","series_order":null,"_links":{"self":[{"href":"https:\/\/koff.swisspeace.ch\/apropos\/wp-json\/wp\/v2\/posts\/703"}],"collection":[{"href":"https:\/\/koff.swisspeace.ch\/apropos\/wp-json\/wp\/v2\/posts"}],"about":[{"href":"https:\/\/koff.swisspeace.ch\/apropos\/wp-json\/wp\/v2\/types\/post"}],"author":[{"embeddable":true,"href":"https:\/\/koff.swisspeace.ch\/apropos\/wp-json\/wp\/v2\/users\/3"}],"replies":[{"embeddable":true,"href":"https:\/\/koff.swisspeace.ch\/apropos\/wp-json\/wp\/v2\/comments?post=703"}],"version-history":[{"count":5,"href":"https:\/\/koff.swisspeace.ch\/apropos\/wp-json\/wp\/v2\/posts\/703\/revisions"}],"predecessor-version":[{"id":999,"href":"https:\/\/koff.swisspeace.ch\/apropos\/wp-json\/wp\/v2\/posts\/703\/revisions\/999"}],"wp:featuredmedia":[{"embeddable":true,"href":"https:\/\/koff.swisspeace.ch\/apropos\/wp-json\/wp\/v2\/media\/965"}],"wp:attachment":[{"href":"https:\/\/koff.swisspeace.ch\/apropos\/wp-json\/wp\/v2\/media?parent=703"}],"wp:term":[{"taxonomy":"category","embeddable":true,"href":"https:\/\/koff.swisspeace.ch\/apropos\/wp-json\/wp\/v2\/categories?post=703"},{"taxonomy":"post_tag","embeddable":true,"href":"https:\/\/koff.swisspeace.ch\/apropos\/wp-json\/wp\/v2\/tags?post=703"},{"taxonomy":"issue","embeddable":true,"href":"https:\/\/koff.swisspeace.ch\/apropos\/wp-json\/wp\/v2\/issue?post=703"}],"curies":[{"name":"wp","href":"https:\/\/api.w.org\/{rel}","templated":true}]}}