{"id":7031,"date":"2026-04-01T07:22:33","date_gmt":"2026-04-01T07:22:33","guid":{"rendered":"https:\/\/koff.swisspeace.ch\/apropos\/?p=7031"},"modified":"2026-04-14T07:32:53","modified_gmt":"2026-04-14T07:32:53","slug":"manifeste-pour-une-cooperation-internationale-ancree-localement","status":"publish","type":"post","link":"https:\/\/koff.swisspeace.ch\/apropos\/7031\/manifeste-pour-une-cooperation-internationale-ancree-localement\/","title":{"rendered":"Manifeste \u2013 Pour une action dirig\u00e9e localement"},"content":{"rendered":"\n<p>Ces derni\u00e8res ann\u00e9es, les d\u00e9bats sur la d\u00e9colonisation et la localisation de la coop\u00e9ration internationale (CI) se sont souvent concentr\u00e9s sur un aspect \u00e9troit : les flux financiers. Selon cette vision, la localisation serait atteinte d\u00e8s lors que la majorit\u00e9 des fonds du projet est directement allou\u00e9e aux partenaires locaux. Cet aspect est certes important, mais il occulte des enjeux de pouvoir centraux au sein des partenariats. Ces transferts financiers s\u2019accompagnent souvent d\u2019une responsabilit\u00e9 accrue envers les bailleurs, ce qui limite l\u2019autonomie des organisations locales. Une simple augmentation des financements directs ne suffit donc pas \u00e0 garantir l\u2019appropriation locale des programmes.<\/p>\n\n\n\n<p>L\u2019exp\u00e9rience de terrain montre que la mise en place de partenariats \u00e9quitables, au service d\u2019une coop\u00e9ration internationale d\u00e9colonis\u00e9e est chronophage et repose sur plusieurs piliers. La confiance ne se d\u00e9cr\u00e8te pas: elle s\u2019\u00e9tablit gr\u00e2ce au dialogue sur un pied d\u2019\u00e9galit\u00e9 \u00e0 long terme et par des actions concr\u00e8tes. Id\u00e9alement, cela permet de renforcer les organisations locales, afin qu\u2019elles d\u00e9finissent elles-m\u00eames leurs priorit\u00e9s et choisissent librement leurs partenaires. Cela soul\u00e8ve in\u00e9vitablement la question du r\u00f4le des ONG suisses. Les organisations de d\u00e9veloppement suisses en sont convaincues : une soci\u00e9t\u00e9 civile active et engag\u00e9e restera indispensable \u00e0 l\u2019avenir. Cependant, les r\u00f4les des diff\u00e9rents acteurs \u00e9volueront, ce qui est \u00e0 la fois n\u00e9cessaire et b\u00e9n\u00e9fique.<\/p>\n\n\n\n<p>Afin d\u2019\u00e9tablir une compr\u00e9hension plus large des \u00e9tapes n\u00e9cessaires, plus de 40 ONG suisses ont r\u00e9dig\u00e9 conjointement un \u00ab\u00a0<a href=\"https:\/\/www.alliancesud.ch\/fr\/manifeste-pour-une-action-dirigee-localement\" target=\"_blank\" rel=\"noreferrer noopener\">manifeste pour une action dirig\u00e9e localement<\/a>\u00a0\u00bb. Ce texte sert \u00e0 la fois de guide pour leurs propres pratiques et d\u2019appel aux bailleurs de fonds, afin qu\u2019ils adaptent leurs cadres pour favoriser ces changements indispensables.<\/p>\n\n\n\n<p>Ce Manifeste est aussi une r\u00e9ponse \u00e0 la mont\u00e9e des forces autoritaires, qui sapent d\u00e9lib\u00e9r\u00e9ment les droits humains, restreignent les marges de man\u0153uvre de la soci\u00e9t\u00e9 civile et affaiblissent les fondements du multilat\u00e9ralisme. Dans ce contexte, une coop\u00e9ration internationale centr\u00e9e sur les personnes en situation de vuln\u00e9rabilit\u00e9 est plus cruciale que jamais. Cela ne pourra \u00eatre atteint que si les acteurs locaux, les ONG suisses, les gouvernements, les bailleurs, le secteur priv\u00e9 et la communaut\u00e9 scientifique se consid\u00e8rent comme des alli\u00e9\u00b7es, \u0153uvrant pour les droits humains.<\/p>\n","protected":false},"excerpt":{"rendered":"<p>Ces derni\u00e8res ann\u00e9es, les d\u00e9bats sur la d\u00e9colonisation et la localisation de la coop\u00e9ration internationale (CI) se sont souvent concentr\u00e9s sur un aspect \u00e9troit : les flux financiers. Selon cette vision, la localisation serait atteinte d\u00e8s lors que la majorit\u00e9 des fonds du projet est directement allou\u00e9e aux partenaires locaux. Cet aspect est certes important, <a href=\"https:\/\/koff.swisspeace.ch\/apropos\/7031\/manifeste-pour-une-cooperation-internationale-ancree-localement\/\" class=\"more-link\">&#8230;<span class=\"screen-reader-text\">  Manifeste \u2013 Pour une action dirig\u00e9e localement<\/span><\/a><\/p>\n","protected":false},"author":3,"featured_media":7022,"comment_status":"closed","ping_status":"closed","sticky":false,"template":"","format":"standard","meta":{"advgb_blocks_editor_width":"","advgb_blocks_columns_visual_guide":""},"categories":[113],"tags":[],"issue":[492],"acf":[],"author_meta":{"display_name":"\u00e0 propos","author_link":"https:\/\/koff.swisspeace.ch\/apropos\/author\/apropos\/"},"featured_img":"https:\/\/koff.swisspeace.ch\/apropos\/wp-content\/uploads\/2026\/03\/allianceSud_apropos188_\u00a9Adrien-Bitibaly-Fairpiture-Enfants-du-Monde-600x332.jpg","coauthors":[],"tax_additional":{"categories":{"linked":["<a href=\"https:\/\/koff.swisspeace.ch\/apropos\/category\/reports-fr\/\" class=\"advgb-post-tax-term\">Dossier<\/a>"],"unlinked":["<span class=\"advgb-post-tax-term\">Dossier<\/span>"]}},"comment_count":0,"relative_dates":{"created":"Posted 5 months ago","modified":"Updated 5 months ago"},"absolute_dates":{"created":"Posted on April 1, 2026","modified":"Updated on April 14, 2026"},"absolute_dates_time":{"created":"Posted on April 1, 2026 7:22 am","modified":"Updated on April 14, 2026 7:32 am"},"featured_img_caption":"Bamogo Ramatou \u00e9l\u00e8ve de 14 ans \u00e0 l'\u00e9cole bilingue Tram d'accueil B, fait un exercice de groupe avec ses camarades de classe en pr\u00e9sence de sa ma\u00eetresse.","series_order":null,"_links":{"self":[{"href":"https:\/\/koff.swisspeace.ch\/apropos\/wp-json\/wp\/v2\/posts\/7031"}],"collection":[{"href":"https:\/\/koff.swisspeace.ch\/apropos\/wp-json\/wp\/v2\/posts"}],"about":[{"href":"https:\/\/koff.swisspeace.ch\/apropos\/wp-json\/wp\/v2\/types\/post"}],"author":[{"embeddable":true,"href":"https:\/\/koff.swisspeace.ch\/apropos\/wp-json\/wp\/v2\/users\/3"}],"replies":[{"embeddable":true,"href":"https:\/\/koff.swisspeace.ch\/apropos\/wp-json\/wp\/v2\/comments?post=7031"}],"version-history":[{"count":11,"href":"https:\/\/koff.swisspeace.ch\/apropos\/wp-json\/wp\/v2\/posts\/7031\/revisions"}],"predecessor-version":[{"id":7416,"href":"https:\/\/koff.swisspeace.ch\/apropos\/wp-json\/wp\/v2\/posts\/7031\/revisions\/7416"}],"wp:featuredmedia":[{"embeddable":true,"href":"https:\/\/koff.swisspeace.ch\/apropos\/wp-json\/wp\/v2\/media\/7022"}],"wp:attachment":[{"href":"https:\/\/koff.swisspeace.ch\/apropos\/wp-json\/wp\/v2\/media?parent=7031"}],"wp:term":[{"taxonomy":"category","embeddable":true,"href":"https:\/\/koff.swisspeace.ch\/apropos\/wp-json\/wp\/v2\/categories?post=7031"},{"taxonomy":"post_tag","embeddable":true,"href":"https:\/\/koff.swisspeace.ch\/apropos\/wp-json\/wp\/v2\/tags?post=7031"},{"taxonomy":"issue","embeddable":true,"href":"https:\/\/koff.swisspeace.ch\/apropos\/wp-json\/wp\/v2\/issue?post=7031"}],"curies":[{"name":"wp","href":"https:\/\/api.w.org\/{rel}","templated":true}]}}