{"id":706,"date":"2023-02-23T16:09:57","date_gmt":"2023-02-23T16:09:57","guid":{"rendered":"https:\/\/koff.swisspeace.ch\/apropos\/?p=706"},"modified":"2023-02-24T09:53:53","modified_gmt":"2023-02-24T09:53:53","slug":"pas-de-neutralite-face-aux-graves-violations-du-droit-international-public","status":"publish","type":"post","link":"https:\/\/koff.swisspeace.ch\/apropos\/706\/pas-de-neutralite-face-aux-graves-violations-du-droit-international-public\/","title":{"rendered":"Pas de neutralit\u00e9 face aux graves violations du droit international public"},"content":{"rendered":"\n<p>L&#8217;ann\u00e9e derni\u00e8re, la guerre de la Russie contre l&#8217;Ukraine a soudainement remis la neutralit\u00e9 de la Suisse en question, au moment o\u00f9 elle allait se faire \u00e9lire pour si\u00e9ger au Conseil de s\u00e9curit\u00e9 de l&#8217;ONU. Il s&#8217;agissait en premier lieu de sa neutralit\u00e9 politique, mais aussi, au vu de l&#8217;ampleur de la situation de guerre, de son noyau essentiel, sa neutralit\u00e9 militaire. Sous pression des sanctions europ\u00e9ennes contre la Russie, le Conseil f\u00e9d\u00e9ral n&#8217;a pu faire autrement que de se positionner clairement contre l&#8217;attaque russe et s&#8217;est engag\u00e9 pour la reconstruction de l&#8217;Ukraine et l&#8217;accueil des r\u00e9fugi\u00e9<strong>\u00b7<\/strong>es. La Suisse a toutefois refus\u00e9 toute solidarit\u00e9 concernant un soutien minimal \u00e0 la r\u00e9sistance ukrainienne. Ainsi, la Conf\u00e9d\u00e9ration n&#8217;a m\u00eame pas autoris\u00e9 le transfert par l&#8217;Allemagne de munitions destin\u00e9es \u00e0 repousser les raids a\u00e9riens russes \u00e0 l&#8217;impact d\u00e9vastateur sur les infrastructures civiles de l&#8217;Ukraine durant l&#8217;automne et l&#8217;hiver 2022.<\/p>\n\n\n\n<p>Contrairement \u00e0 la Finlande et \u00e0 la Su\u00e8de, qui ont abandonn\u00e9 leur neutralit\u00e9 apr\u00e8s le d\u00e9but de la guerre et souhaitent d\u00e9sormais adh\u00e9rer \u00e0 l&#8217;OTAN, cette option ne se pose pas pour la Suisse. Mais le d\u00e9bat sur une r\u00e9orientation de la politique de neutralit\u00e9 devrait \u00eatre approfondi \u00e0 mesure que la guerre se prolonge. Depuis que la Suisse est membre de l&#8217;ONU, elle ne peut plus invoquer l&#8217;argument de la neutralit\u00e9, car la Charte de l&#8217;ONU est contraignante \u00e0 ce sujet; elle condamne non seulement les guerres d&#8217;agression, mais exige \u00e9galement le soutien des agress\u00e9\u00b7es.<\/p>\n\n\n\n<p>Les milieux extr\u00e9mistes nationalistes ont r\u00e9agi aux sanctions impos\u00e9es \u00e0 l&#8217;Ukraine en lan\u00e7ant une initiative dite de neutralit\u00e9, qui n&#8217;autorise des mesures \u00e9conomiques contre des pays que si elles sont clairement impos\u00e9es par l&#8217;ONU. Mais il faudra encore attendre des ann\u00e9es avant que cette initiative soit soumise au vote. Lors d&#8217;une session sp\u00e9ciale au printemps, les m\u00eames cercles avaient de nouveau tent\u00e9 en vain d&#8217;emp\u00eacher la Suisse de si\u00e9ger au Conseil de s\u00e9curit\u00e9 de l&#8217;ONU pour les deux prochaines ann\u00e9es, ce qu&#8217;ils\u00b7elles avaient combattu pendant des ann\u00e9es en raison de pr\u00e9occupations li\u00e9es \u00e0 la neutralit\u00e9. La chance existe d\u00e9sormais de contribuer au maintien de la paix internationale au sein de l&#8217;organe supr\u00eame de l&#8217;ONU par un engagement de politique \u00e9trang\u00e8re exemplaire en faveur de la solidarit\u00e9 et du droit international. Dans le cadre de l&#8217;ONU, cela implique toutefois, en tenant compte de la guerre en Ukraine, de s&#8217;engager en faveur d&#8217;un contr\u00f4le renforc\u00e9 des armements et du d\u00e9sarmement, notamment en ce qui concerne les armes nucl\u00e9aires; \u00e0 condition pour cela que la Suisse adh\u00e8re imm\u00e9diatement au trait\u00e9 d&#8217;interdiction des armes nucl\u00e9aires.<\/p>\n","protected":false},"excerpt":{"rendered":"<p>L&#8217;ann\u00e9e derni\u00e8re, la guerre de la Russie contre l&#8217;Ukraine a soudainement remis la neutralit\u00e9 de la Suisse en question, au moment o\u00f9 elle allait se faire \u00e9lire pour si\u00e9ger au Conseil de s\u00e9curit\u00e9 de l&#8217;ONU. Il s&#8217;agissait en premier lieu de sa neutralit\u00e9 politique, mais aussi, au vu de l&#8217;ampleur de la situation de guerre, <a href=\"https:\/\/koff.swisspeace.ch\/apropos\/706\/pas-de-neutralite-face-aux-graves-violations-du-droit-international-public\/\" class=\"more-link\">&#8230;<span class=\"screen-reader-text\">  Pas de neutralit\u00e9 face aux graves violations du droit international public<\/span><\/a><\/p>\n","protected":false},"author":3,"featured_media":965,"comment_status":"open","ping_status":"open","sticky":false,"template":"","format":"standard","meta":{"advgb_blocks_editor_width":"","advgb_blocks_columns_visual_guide":""},"categories":[113],"tags":[],"issue":[135],"acf":[],"author_meta":{"display_name":"\u00e0 propos","author_link":"https:\/\/koff.swisspeace.ch\/apropos\/author\/apropos\/"},"featured_img":"https:\/\/koff.swisspeace.ch\/apropos\/wp-content\/uploads\/2023\/02\/destruction-600x309.png","coauthors":[],"tax_additional":{"categories":{"linked":["<a href=\"https:\/\/koff.swisspeace.ch\/apropos\/category\/reports-fr\/\" class=\"advgb-post-tax-term\">Dossier<\/a>"],"unlinked":["<span class=\"advgb-post-tax-term\">Dossier<\/span>"]}},"comment_count":0,"relative_dates":{"created":"Posted 4 years ago","modified":"Updated 4 years ago"},"absolute_dates":{"created":"Posted on February 23, 2023","modified":"Updated on February 24, 2023"},"absolute_dates_time":{"created":"Posted on February 23, 2023 4:09 pm","modified":"Updated on February 24, 2023 9:53 am"},"featured_img_caption":"","series_order":null,"_links":{"self":[{"href":"https:\/\/koff.swisspeace.ch\/apropos\/wp-json\/wp\/v2\/posts\/706"}],"collection":[{"href":"https:\/\/koff.swisspeace.ch\/apropos\/wp-json\/wp\/v2\/posts"}],"about":[{"href":"https:\/\/koff.swisspeace.ch\/apropos\/wp-json\/wp\/v2\/types\/post"}],"author":[{"embeddable":true,"href":"https:\/\/koff.swisspeace.ch\/apropos\/wp-json\/wp\/v2\/users\/3"}],"replies":[{"embeddable":true,"href":"https:\/\/koff.swisspeace.ch\/apropos\/wp-json\/wp\/v2\/comments?post=706"}],"version-history":[{"count":7,"href":"https:\/\/koff.swisspeace.ch\/apropos\/wp-json\/wp\/v2\/posts\/706\/revisions"}],"predecessor-version":[{"id":1031,"href":"https:\/\/koff.swisspeace.ch\/apropos\/wp-json\/wp\/v2\/posts\/706\/revisions\/1031"}],"wp:featuredmedia":[{"embeddable":true,"href":"https:\/\/koff.swisspeace.ch\/apropos\/wp-json\/wp\/v2\/media\/965"}],"wp:attachment":[{"href":"https:\/\/koff.swisspeace.ch\/apropos\/wp-json\/wp\/v2\/media?parent=706"}],"wp:term":[{"taxonomy":"category","embeddable":true,"href":"https:\/\/koff.swisspeace.ch\/apropos\/wp-json\/wp\/v2\/categories?post=706"},{"taxonomy":"post_tag","embeddable":true,"href":"https:\/\/koff.swisspeace.ch\/apropos\/wp-json\/wp\/v2\/tags?post=706"},{"taxonomy":"issue","embeddable":true,"href":"https:\/\/koff.swisspeace.ch\/apropos\/wp-json\/wp\/v2\/issue?post=706"}],"curies":[{"name":"wp","href":"https:\/\/api.w.org\/{rel}","templated":true}]}}