{"id":7077,"date":"2026-04-01T07:22:33","date_gmt":"2026-04-01T07:22:33","guid":{"rendered":"https:\/\/koff.swisspeace.ch\/apropos\/?p=7077"},"modified":"2026-04-01T07:33:43","modified_gmt":"2026-04-01T07:33:43","slug":"localisation-sensible-aux-conflits-redonner-place-au-leadership-local-au-soudan-du-sud","status":"publish","type":"post","link":"https:\/\/koff.swisspeace.ch\/apropos\/7077\/localisation-sensible-aux-conflits-redonner-place-au-leadership-local-au-soudan-du-sud\/","title":{"rendered":"Localisation sensible aux conflits \u2013 Redonner place au leadership local au Soudan du Sud"},"content":{"rendered":"\n<p>Au Soudan du Sud, les conflits prolong\u00e9s, l\u2019instabilit\u00e9 politique et un paysage de l\u2019aide extr\u00eamement fragment\u00e9 ont cr\u00e9\u00e9 un environnement compliqu\u00e9 pour la localisation. Sans \u00e9tude attentive du contexte, les efforts de localisation de l\u2019aide peuvent involontairement renforcer les in\u00e9galit\u00e9s existantes, favoriser la monopolisation de l\u2019aide par les \u00e9lites ou accentuer les tensions sociales. Par exemple, le choix des partenaires locaux en fonction de leur visibilit\u00e9, de leur familiarit\u00e9 avec les bailleurs de fonds ou de leur alignement politique peut exclure des acteurs communautaires l\u00e9gitimes et aggraver les frustrations locales. Ainsi, la localisation ne devrait pas se limiter au financement ou \u00e0 la mise en place de programmes : elle doit aussi prendre en compte les relations de confiance, la l\u00e9gitimit\u00e9 et les dynamiques de pouvoir.<br><br>Dans le cadre du Conflict Sensitivity Resource Facility (CSRF) au Soudan du Sud, nous avons toujours plac\u00e9 les acteurs locaux et leur capacit\u00e9 d\u2019action au c\u0153ur de la sensibilit\u00e9 aux conflits. D\u2019apr\u00e8s notre exp\u00e9rience, une localisation r\u00e9ussie et sensible aux conflits repose sur trois piliers fondamentaux :<\/p>\n\n\n\n<ol>\n<li><strong>L\u00e9gitimit\u00e9 contextuelle<\/strong><br>Les initiatives locales doivent reposer sur le travail d\u2019acteurs reconnus et respect\u00e9s par leurs communaut\u00e9s. Cela suppose d\u2019\u00e9valuer non seulement leurs comp\u00e9tences techniques, mais aussi leur cr\u00e9dibilit\u00e9 sociale, leur repr\u00e9sentativit\u00e9 et leur capacit\u00e9 \u00e0 inclure diff\u00e9rents groupes.<br>Prendre en compte cette l\u00e9gitimit\u00e9 permet de limiter les risques d\u2019accaparement par des \u00e9lites et de mieux r\u00e9pondre aux besoins r\u00e9els des populations. Des d\u00e9cisions fond\u00e9es sur une analyse fine du contexte et des dynamiques de conflit permettent des interventions qui prennent mieux en consid\u00e9ration les dynamiques de pouvoir locales et d\u2019\u00e9viter que l\u2019aide n\u2019aggrave les tensions existantes.<\/li>\n\n\n\n<li><strong>Des partenariats \u00e9quilibr\u00e9s<\/strong><br>La localisation doit permettre aux acteurs locaux et nationaux de jouer un r\u00f4le de premier plan \u2014 et non de rester en marge des d\u00e9cisions tout en \u00e9tant charg\u00e9s de la mise en \u0153uvre des projets.<br>Cela implique d\u2019inclure des organisations locales, y compris les plus petites et celles issues de groupes marginalis\u00e9s. Pour que les acteurs locaux puissent r\u00e9ellement diriger la mise en \u0153uvre de l\u2019aide, les partenariats doivent reposer sur la confiance, la transparence, la responsabilit\u00e9 partag\u00e9e et un engagement mutuel.<br>L\u2019objectif est de d\u00e9passer les approches d\u2019inclusion symbolique et de s\u2019assurer que les acteurs locaux font plus que simplement \u00abinfluencer\u00bb la prise de d\u00e9cision, l\u2019allocation des ressources et les orientations strat\u00e9giques.<\/li>\n<\/ol>\n\n\n\n<p><em>Cet article est une version abr\u00e9g\u00e9e d\u2019un blog du CSRF publi\u00e9 en janvier. Pour approfondir, d\u2019autres ressources sur les enseignements tir\u00e9s par le CSRF concernant la mise en \u0153uvre de la sensibilit\u00e9 aux conflits et de la localisation sont disponibles dans la barre lat\u00e9rale gauche de l\u2019article.<\/em><\/p>\n","protected":false},"excerpt":{"rendered":"<p>Au Soudan du Sud, les conflits prolong\u00e9s, l\u2019instabilit\u00e9 politique et un paysage de l\u2019aide extr\u00eamement fragment\u00e9 ont cr\u00e9\u00e9 un environnement compliqu\u00e9 pour la localisation. Sans \u00e9tude attentive du contexte, les efforts de localisation de l\u2019aide peuvent involontairement renforcer les in\u00e9galit\u00e9s existantes, favoriser la monopolisation de l\u2019aide par les \u00e9lites ou accentuer les tensions sociales. Par <a href=\"https:\/\/koff.swisspeace.ch\/apropos\/7077\/localisation-sensible-aux-conflits-redonner-place-au-leadership-local-au-soudan-du-sud\/\" class=\"more-link\">&#8230;<span class=\"screen-reader-text\">  Localisation sensible aux conflits \u2013 Redonner place au leadership local au Soudan du Sud<\/span><\/a><\/p>\n","protected":false},"author":3,"featured_media":7224,"comment_status":"closed","ping_status":"closed","sticky":false,"template":"","format":"standard","meta":{"advgb_blocks_editor_width":"","advgb_blocks_columns_visual_guide":""},"categories":[113],"tags":[],"issue":[492],"acf":[],"author_meta":{"display_name":"\u00e0 propos","author_link":"https:\/\/koff.swisspeace.ch\/apropos\/author\/apropos\/"},"featured_img":"https:\/\/koff.swisspeace.ch\/apropos\/wp-content\/uploads\/2026\/03\/WB_swisspeace192-2-600x331.jpg","coauthors":[],"tax_additional":{"categories":{"linked":["<a href=\"https:\/\/koff.swisspeace.ch\/apropos\/category\/reports-fr\/\" class=\"advgb-post-tax-term\">Dossier<\/a>"],"unlinked":["<span class=\"advgb-post-tax-term\">Dossier<\/span>"]}},"comment_count":0,"relative_dates":{"created":"Posted 5 months ago","modified":"Updated 5 months ago"},"absolute_dates":{"created":"Posted on April 1, 2026","modified":"Updated on April 1, 2026"},"absolute_dates_time":{"created":"Posted on April 1, 2026 7:22 am","modified":"Updated on April 1, 2026 7:33 am"},"featured_img_caption":"","series_order":null,"_links":{"self":[{"href":"https:\/\/koff.swisspeace.ch\/apropos\/wp-json\/wp\/v2\/posts\/7077"}],"collection":[{"href":"https:\/\/koff.swisspeace.ch\/apropos\/wp-json\/wp\/v2\/posts"}],"about":[{"href":"https:\/\/koff.swisspeace.ch\/apropos\/wp-json\/wp\/v2\/types\/post"}],"author":[{"embeddable":true,"href":"https:\/\/koff.swisspeace.ch\/apropos\/wp-json\/wp\/v2\/users\/3"}],"replies":[{"embeddable":true,"href":"https:\/\/koff.swisspeace.ch\/apropos\/wp-json\/wp\/v2\/comments?post=7077"}],"version-history":[{"count":8,"href":"https:\/\/koff.swisspeace.ch\/apropos\/wp-json\/wp\/v2\/posts\/7077\/revisions"}],"predecessor-version":[{"id":7351,"href":"https:\/\/koff.swisspeace.ch\/apropos\/wp-json\/wp\/v2\/posts\/7077\/revisions\/7351"}],"wp:featuredmedia":[{"embeddable":true,"href":"https:\/\/koff.swisspeace.ch\/apropos\/wp-json\/wp\/v2\/media\/7224"}],"wp:attachment":[{"href":"https:\/\/koff.swisspeace.ch\/apropos\/wp-json\/wp\/v2\/media?parent=7077"}],"wp:term":[{"taxonomy":"category","embeddable":true,"href":"https:\/\/koff.swisspeace.ch\/apropos\/wp-json\/wp\/v2\/categories?post=7077"},{"taxonomy":"post_tag","embeddable":true,"href":"https:\/\/koff.swisspeace.ch\/apropos\/wp-json\/wp\/v2\/tags?post=7077"},{"taxonomy":"issue","embeddable":true,"href":"https:\/\/koff.swisspeace.ch\/apropos\/wp-json\/wp\/v2\/issue?post=7077"}],"curies":[{"name":"wp","href":"https:\/\/api.w.org\/{rel}","templated":true}]}}