{"id":7087,"date":"2026-04-01T07:22:52","date_gmt":"2026-04-01T07:22:52","guid":{"rendered":"https:\/\/koff.swisspeace.ch\/apropos\/?p=7087"},"modified":"2026-04-01T07:22:52","modified_gmt":"2026-04-01T07:22:52","slug":"lokalisierung-bei-terre-des-hommes-schweiz-ein-power-shift","status":"publish","type":"post","link":"https:\/\/koff.swisspeace.ch\/apropos\/7087\/lokalisierung-bei-terre-des-hommes-schweiz-ein-power-shift\/","title":{"rendered":"Lokalisierung bei terre des hommes schweiz \u2013 Ein Power Shift"},"content":{"rendered":"\n<p>Lokalisierung bedeutet f\u00fcr terre des hommes schweiz (tdhs) einen <em>Power Shift<\/em>. Verantwortung und Entscheidungsmacht werden konsequent dorthin verlagert, wo Programme umgesetzt werden. Die Co-Programmkoordination und Co-Themenverantwortung zeigten exemplarisch, wie dieser Anspruch in der Praxis umgesetzt wird.<\/p>\n\n\n\n<p>Seit Anfang 2023 wird im Afrikakontext von der bisherigen Struktur mit einer alleinigen Programmkoordination und Themenverantwortung in Basel abgewichen. Beide Funktionen werden seither zwischen einer Person in der Schweiz und einer Person in Simbabwe geteilt. Dadurch werden Entscheidungsprozesse st\u00e4rker nach dem lokalen Kontext ausgerichtet und Verantwortung gemeinsam getragen. Lokale Expertise kommt so direkt zum Zug und ist nicht abh\u00e4ngig von hierarchischen Nord-S\u00fcd-Entscheidungen.<\/p>\n\n\n\n<p>Die geteilte Verantwortung erm\u00f6glicht eine Arbeitsteilung entlang r\u00e4umlicher und institutioneller Anforderungen. Die in der Schweiz angesiedelte Person \u00fcbernimmt Aufgaben wie Networking, den Austausch mit den Auftraggebern wie die DEZA sowie die Abstimmung mit Schweizer Geldgeber:innen. Die in Simbabwe t\u00e4tige Person bringt die N\u00e4he zu Projekten, Partnerorganisationen und lokalen Netzwerken ein, f\u00fchrt vermehrt Projektvisitationen durch und verf\u00fcgt \u00fcber ein vertieftes Verst\u00e4ndnis der lokalen Gegebenheiten. Entscheidungen k\u00f6nnen dadurch kontextbezogener getroffen werden, ohne die institutionelle Anbindung an die internationale Verwaltung zu verlieren.<\/p>\n\n\n\n<p>Die bisherigen Erfahrungen mit dieser Co-Verantwortung sind \u00fcberwiegend positiv.<br>Anstatt erst um Erlaubnis zu bitten, wird viel mehr direkt \u00fcber Entscheide informiert. Die Abl\u00e4ufe werden dadurch schlanker und effizienter. Der Einbezug der Expertise aus den Programml\u00e4ndern erm\u00f6glicht zudem informiertes Mitentscheiden und Mitgestalten auf strategischer Ebene. Das alles geht jedoch mit einer sprachlichen Herausforderung einher, da es Englisch auch f\u00fcr das Team in Basel als Hauptarbeitssprache notwendig macht. Der sprachliche Aspekt muss ber\u00fccksichtigt werden, wenn die Co-Verantwortung auf weitere, nicht englischsprachige Gebiete ausgeweitet wird.<\/p>\n\n\n\n<p>Aufgrund der insgesamt positiven Erfahrungen wird das Modell der Co-Verantwortung derzeit auf das Handlungsfeld Friedenskultur in Kolumbien \u00fcbertragen. Damit wird ein weiterer Schritt in Richtung eines st\u00e4rkeren <em>Power Shifts<\/em> der Programmarbeit von terre des hommes schweiz unternommen.<\/p>\n\n\n\n<p><br><\/p>\n","protected":false},"excerpt":{"rendered":"<p>Lokalisierung bedeutet f\u00fcr terre des hommes schweiz (tdhs) einen Power Shift. Verantwortung und Entscheidungsmacht werden konsequent dorthin verlagert, wo Programme umgesetzt werden. Die Co-Programmkoordination und Co-Themenverantwortung zeigten exemplarisch, wie dieser Anspruch in der Praxis umgesetzt wird. Seit Anfang 2023 wird im Afrikakontext von der bisherigen Struktur mit einer alleinigen Programmkoordination und Themenverantwortung in Basel abgewichen. <a href=\"https:\/\/koff.swisspeace.ch\/apropos\/7087\/lokalisierung-bei-terre-des-hommes-schweiz-ein-power-shift\/\" class=\"more-link\">&#8230;<span class=\"screen-reader-text\">  Lokalisierung bei terre des hommes schweiz \u2013 Ein Power Shift<\/span><\/a><\/p>\n","protected":false},"author":3,"featured_media":7081,"comment_status":"closed","ping_status":"closed","sticky":false,"template":"","format":"standard","meta":{"advgb_blocks_editor_width":"","advgb_blocks_columns_visual_guide":""},"categories":[73],"tags":[],"issue":[477],"acf":[],"author_meta":{"display_name":"\u00e0 propos","author_link":"https:\/\/koff.swisspeace.ch\/apropos\/author\/apropos\/"},"featured_img":"https:\/\/koff.swisspeace.ch\/apropos\/wp-content\/uploads\/2026\/03\/tdh188WB-600x332.jpg","coauthors":[],"tax_additional":{"categories":{"linked":["<a href=\"https:\/\/koff.swisspeace.ch\/apropos\/category\/reports-de\/\" class=\"advgb-post-tax-term\">Dossier<\/a>"],"unlinked":["<span class=\"advgb-post-tax-term\">Dossier<\/span>"]}},"comment_count":0,"relative_dates":{"created":"Posted 5 months ago","modified":"Updated 5 months ago"},"absolute_dates":{"created":"Posted on April 1, 2026","modified":"Updated on April 1, 2026"},"absolute_dates_time":{"created":"Posted on April 1, 2026 7:22 am","modified":"Updated on April 1, 2026 7:22 am"},"featured_img_caption":"","series_order":null,"_links":{"self":[{"href":"https:\/\/koff.swisspeace.ch\/apropos\/wp-json\/wp\/v2\/posts\/7087"}],"collection":[{"href":"https:\/\/koff.swisspeace.ch\/apropos\/wp-json\/wp\/v2\/posts"}],"about":[{"href":"https:\/\/koff.swisspeace.ch\/apropos\/wp-json\/wp\/v2\/types\/post"}],"author":[{"embeddable":true,"href":"https:\/\/koff.swisspeace.ch\/apropos\/wp-json\/wp\/v2\/users\/3"}],"replies":[{"embeddable":true,"href":"https:\/\/koff.swisspeace.ch\/apropos\/wp-json\/wp\/v2\/comments?post=7087"}],"version-history":[{"count":4,"href":"https:\/\/koff.swisspeace.ch\/apropos\/wp-json\/wp\/v2\/posts\/7087\/revisions"}],"predecessor-version":[{"id":7326,"href":"https:\/\/koff.swisspeace.ch\/apropos\/wp-json\/wp\/v2\/posts\/7087\/revisions\/7326"}],"wp:featuredmedia":[{"embeddable":true,"href":"https:\/\/koff.swisspeace.ch\/apropos\/wp-json\/wp\/v2\/media\/7081"}],"wp:attachment":[{"href":"https:\/\/koff.swisspeace.ch\/apropos\/wp-json\/wp\/v2\/media?parent=7087"}],"wp:term":[{"taxonomy":"category","embeddable":true,"href":"https:\/\/koff.swisspeace.ch\/apropos\/wp-json\/wp\/v2\/categories?post=7087"},{"taxonomy":"post_tag","embeddable":true,"href":"https:\/\/koff.swisspeace.ch\/apropos\/wp-json\/wp\/v2\/tags?post=7087"},{"taxonomy":"issue","embeddable":true,"href":"https:\/\/koff.swisspeace.ch\/apropos\/wp-json\/wp\/v2\/issue?post=7087"}],"curies":[{"name":"wp","href":"https:\/\/api.w.org\/{rel}","templated":true}]}}