{"id":7098,"date":"2026-04-01T07:22:52","date_gmt":"2026-04-01T07:22:52","guid":{"rendered":"https:\/\/koff.swisspeace.ch\/apropos\/?p=7098"},"modified":"2026-04-01T07:22:52","modified_gmt":"2026-04-01T07:22:52","slug":"langfristige-partnerschaften-und-lokalisierung-zwischen-anspruch-und-strukturellen-grenzen","status":"publish","type":"post","link":"https:\/\/koff.swisspeace.ch\/apropos\/7098\/langfristige-partnerschaften-und-lokalisierung-zwischen-anspruch-und-strukturellen-grenzen\/","title":{"rendered":"Langfristige Partnerschaften und Lokalisierung \u2013 zwischen Anspruch und strukturellen Grenzen"},"content":{"rendered":"\n<p>Lokalisierung ist zu einem zentralen Leitmotiv der internationalen Zusammenarbeit geworden. Gemeint ist die st\u00e4rkere Verlagerung von Verantwortung, Entscheidungsmacht und Ressourcen zu lokalen Akteur:innen. \u00dcber das Ziel besteht weitgehend Einigkeit \u2013 weniger jedoch dar\u00fcber, wie es unter bestehenden politischen, rechtlichen und finanziellen Rahmenbedingungen umgesetzt werden kann. Auch Mission 21 bewegt sich seit Jahren in diesem Spannungsfeld.<\/p>\n\n\n\n<p>Mission 21 arbeitet mit kirchlichen und zivilgesellschaftlichen Partnerorganisationen in Afrika, Asien und Lateinamerika, die in ihren jeweiligen Kontexten tief verankert sind. Sie gestalten Programme mit, setzen Aktivit\u00e4ten um und tragen Verantwortung gegen\u00fcber ihren Gemeinschaften. Diese lokale N\u00e4he ist eine zentrale Voraussetzung f\u00fcr Relevanz, Resilienz und nachhaltige Wirkung. Zugleich zeigt die Praxis: Lokalisierung ist kein klar definierter Zielzustand, sondern ein kontinuierlicher Aushandlungsprozess. Im Andenraum etwa engagieren sich lokale Vertreter:innen aktiv in \u00f6ffentlichen Diskussionen und bringen ihre Perspektiven in politische Prozesse ein \u2013 ein Ausdruck gelebter Lokalisierung.<\/p>\n\n\n\n<p>Rollen, Entscheidungsr\u00e4ume und Verantwortlichkeiten ver\u00e4ndern sich nicht automatisch durch neue Strategiepapiere oder Budgetverschiebungen. Rechtliche Verpflichtungen, Sicherheitsfragen und finanzielle Haftung verbleiben h\u00e4ufig bei internationalen Organisationen. Damit bleibt auch ein Teil der Steuerungs- und Risikoverantwortung im globalen Norden verankert. Partnerschaft bedeutet deshalb nicht zwangsl\u00e4ufig vollst\u00e4ndige Machtverlagerung.<\/p>\n\n\n\n<p>Besonders deutlich wird dieses Spannungsfeld im Bereich der F\u00f6rder- und Rechenschaftslogiken. In den letzten Jahren sind Antrags-, Monitoring- und Reportinganforderungen vieler Geldgebender zunehmend standardisiert worden und haben an Komplexit\u00e4t gewonnen. Gefordert werden detaillierte Wirkungsmodelle, pr\u00e4zise Indikatorensysteme, differenzierte Budgetstrukturen und umfassende Finanzberichte. Diese Professionalisierung dient Transparenz und Qualit\u00e4tssicherung. Gleichzeitig setzt sie administrative Kapazit\u00e4ten voraus, die nicht \u00fcberall im gleichen Umfang vorhanden oder sinnvoll auszubauen sind.<\/p>\n\n\n\n<p>Solange Rechenschaft prim\u00e4r gegen\u00fcber Geldgebenden im globalen Norden abgelegt wird, bleibt auch ein Teil der Definitionsmacht dort. Internationale Organisationen \u00fcbernehmen in diesem System eine vermittelnde Rolle: Sie \u00fcbersetzen lokale Realit\u00e4ten in formale F\u00f6rderlogiken, tragen finanzielle Risiken und sichern die Einhaltung externer Standards. Diese Funktion kann Lokalisierung erm\u00f6glichen und begrenzt sie zugleich.<\/p>\n\n\n\n<p>F\u00fcr Mission 21 bedeutet Lokalisierung daher nicht die einfache \u00dcbertragung von Verantwortung, sondern die bewusste Reflexion von Abh\u00e4ngigkeiten, Entscheidungsstrukturen und Risikoverteilung. Fortschritte entstehen dort, wo Partnerschaften langfristig angelegt sind, unterschiedliche Erwartungen offen thematisiert werden und Lernprozesse auf beiden Seiten m\u00f6glich bleiben. Lokalisierung bleibt damit ein anspruchsvoller, aber notwendiger Weg zwischen normativem Anspruch und struktureller Realit\u00e4t.<\/p>\n\n\n\n<p><\/p>\n","protected":false},"excerpt":{"rendered":"<p>Lokalisierung ist zu einem zentralen Leitmotiv der internationalen Zusammenarbeit geworden. Gemeint ist die st\u00e4rkere Verlagerung von Verantwortung, Entscheidungsmacht und Ressourcen zu lokalen Akteur:innen. \u00dcber das Ziel besteht weitgehend Einigkeit \u2013 weniger jedoch dar\u00fcber, wie es unter bestehenden politischen, rechtlichen und finanziellen Rahmenbedingungen umgesetzt werden kann. Auch Mission 21 bewegt sich seit Jahren in diesem Spannungsfeld. <a href=\"https:\/\/koff.swisspeace.ch\/apropos\/7098\/langfristige-partnerschaften-und-lokalisierung-zwischen-anspruch-und-strukturellen-grenzen\/\" class=\"more-link\">&#8230;<span class=\"screen-reader-text\">  Langfristige Partnerschaften und Lokalisierung \u2013 zwischen Anspruch und strukturellen Grenzen<\/span><\/a><\/p>\n","protected":false},"author":3,"featured_media":7094,"comment_status":"closed","ping_status":"closed","sticky":false,"template":"","format":"standard","meta":{"advgb_blocks_editor_width":"","advgb_blocks_columns_visual_guide":""},"categories":[73],"tags":[],"issue":[477],"acf":[],"author_meta":{"display_name":"\u00e0 propos","author_link":"https:\/\/koff.swisspeace.ch\/apropos\/author\/apropos\/"},"featured_img":"https:\/\/koff.swisspeace.ch\/apropos\/wp-content\/uploads\/2026\/03\/mission21_WB192-600x331.jpg","coauthors":[],"tax_additional":{"categories":{"linked":["<a href=\"https:\/\/koff.swisspeace.ch\/apropos\/category\/reports-de\/\" class=\"advgb-post-tax-term\">Dossier<\/a>"],"unlinked":["<span class=\"advgb-post-tax-term\">Dossier<\/span>"]}},"comment_count":0,"relative_dates":{"created":"Posted 5 months ago","modified":"Updated 5 months ago"},"absolute_dates":{"created":"Posted on April 1, 2026","modified":"Updated on April 1, 2026"},"absolute_dates_time":{"created":"Posted on April 1, 2026 7:22 am","modified":"Updated on April 1, 2026 7:22 am"},"featured_img_caption":"Portr\u00e4t einer jungen Umweltsch\u00fctzerin aus Peru (Leydi Melany Marca Quispe), die die Arbeit der Environmental Leaders Training School in der Region Puno erl\u00e4utert. \/\/ Leydi Menaly Marca Quispe. Junge Umweltaktivistin aus Peru, die \u00fcber die Arbeit der Schule f\u00fcr Umweltf\u00fchrer berichtet, die von unserer Partnerorganisation Centro Bartolom\u00e9 de Las Casas (CBC) in der Region Puno durchgef\u00fchrt wird.","series_order":null,"_links":{"self":[{"href":"https:\/\/koff.swisspeace.ch\/apropos\/wp-json\/wp\/v2\/posts\/7098"}],"collection":[{"href":"https:\/\/koff.swisspeace.ch\/apropos\/wp-json\/wp\/v2\/posts"}],"about":[{"href":"https:\/\/koff.swisspeace.ch\/apropos\/wp-json\/wp\/v2\/types\/post"}],"author":[{"embeddable":true,"href":"https:\/\/koff.swisspeace.ch\/apropos\/wp-json\/wp\/v2\/users\/3"}],"replies":[{"embeddable":true,"href":"https:\/\/koff.swisspeace.ch\/apropos\/wp-json\/wp\/v2\/comments?post=7098"}],"version-history":[{"count":7,"href":"https:\/\/koff.swisspeace.ch\/apropos\/wp-json\/wp\/v2\/posts\/7098\/revisions"}],"predecessor-version":[{"id":7327,"href":"https:\/\/koff.swisspeace.ch\/apropos\/wp-json\/wp\/v2\/posts\/7098\/revisions\/7327"}],"wp:featuredmedia":[{"embeddable":true,"href":"https:\/\/koff.swisspeace.ch\/apropos\/wp-json\/wp\/v2\/media\/7094"}],"wp:attachment":[{"href":"https:\/\/koff.swisspeace.ch\/apropos\/wp-json\/wp\/v2\/media?parent=7098"}],"wp:term":[{"taxonomy":"category","embeddable":true,"href":"https:\/\/koff.swisspeace.ch\/apropos\/wp-json\/wp\/v2\/categories?post=7098"},{"taxonomy":"post_tag","embeddable":true,"href":"https:\/\/koff.swisspeace.ch\/apropos\/wp-json\/wp\/v2\/tags?post=7098"},{"taxonomy":"issue","embeddable":true,"href":"https:\/\/koff.swisspeace.ch\/apropos\/wp-json\/wp\/v2\/issue?post=7098"}],"curies":[{"name":"wp","href":"https:\/\/api.w.org\/{rel}","templated":true}]}}