{"id":7104,"date":"2026-04-01T07:22:33","date_gmt":"2026-04-01T07:22:33","guid":{"rendered":"https:\/\/koff.swisspeace.ch\/apropos\/?p=7104"},"modified":"2026-04-01T07:22:33","modified_gmt":"2026-04-01T07:22:33","slug":"partenariats-de-long-terme-et-localisation-entre-ambition-et-limites-structurelles","status":"publish","type":"post","link":"https:\/\/koff.swisspeace.ch\/apropos\/7104\/partenariats-de-long-terme-et-localisation-entre-ambition-et-limites-structurelles\/","title":{"rendered":"Partenariats de long terme et localisation \u2013 entre ambition et limites structurelles"},"content":{"rendered":"\n<p>La localisation est devenue un principe directeur central de la coop\u00e9ration internationale. Il s\u2019agit de transf\u00e9rer davantage de responsabilit\u00e9s, de pouvoir d\u00e9cisionnel et de ressources aux acteurs locaux. Si l\u2019objectif fait largement consensus, les modalit\u00e9s de sa mise en \u0153uvre dans les cadres politiques, juridiques et financiers existants suscitent moins d\u2019accord. Mission 21 \u00e9volue \u00e9galement depuis des ann\u00e9es dans ce champ de tensions.<\/p>\n\n\n\n<p>Mission 21 collabore avec des organisations partenaires eccl\u00e9siastiques et de la soci\u00e9t\u00e9 civile en Afrique, en Asie et en Am\u00e9rique latine, profond\u00e9ment ancr\u00e9es dans leurs contextes respectifs. Elles co-\u00e9laborent des programmes, mettent en \u0153uvre des activit\u00e9s et assument des responsabilit\u00e9s \u00e0 l\u2019\u00e9gard de leurs communaut\u00e9s. Cette proximit\u00e9 locale est une condition centrale pour la pertinence, la r\u00e9silience et un impact durable. En m\u00eame temps, la pratique montre que la localisation n\u2019est pas un \u00e9tat final clairement d\u00e9fini, mais un processus de n\u00e9gociation continu. Dans la r\u00e9gion andine du P\u00e9rou, par exemple, les repr\u00e9sentant\u00b7es locaux s\u2019engagent activement dans les discussions publiques et int\u00e8grent leurs perspectives dans les processus politiques \u2013 une illustration concr\u00e8te de la localisation.<\/p>\n\n\n\n<p>Les r\u00f4les, les espaces de d\u00e9cision et les responsabilit\u00e9s ne changent pas automatiquement avec de nouveaux documents strat\u00e9giques ou des red\u00e9ploiements budg\u00e9taires. Les obligations l\u00e9gales, les questions de s\u00e9curit\u00e9 et la responsabilit\u00e9 financi\u00e8re restent souvent du ressort des organisations internationales. Ainsi, une partie du contr\u00f4le et de la responsabilit\u00e9 des risques demeure ancr\u00e9e dans l&#8217;h\u00e9misph\u00e8re Nord. Le partenariat ne signifie donc pas n\u00e9cessairement un transfert total du pouvoir.<\/p>\n\n\n\n<p>On retrouve cette tension dans les logiques de financement et de redevabilit\u00e9. Ces derni\u00e8res ann\u00e9es, les exigences en mati\u00e8re de d\u00e9p\u00f4t de candidatures, de suivi et de rapport des bailleurs de fonds sont devenues de plus en plus complexes et standardis\u00e9es. Des mod\u00e8les d\u2019impact d\u00e9taill\u00e9s, des syst\u00e8mes d\u2019indicateurs pr\u00e9cis, des structures budg\u00e9taires diff\u00e9renci\u00e9es et des rapports financiers complets sont exig\u00e9s. Cette professionnalisation est b\u00e9n\u00e9fique pour une plus grande transparence et une meilleure qualit\u00e9. En m\u00eame temps, elle suppose des capacit\u00e9s administratives qui ne sont pas disponibles partout ou toujours pertinentes \u00e0 d\u00e9velopper.<\/p>\n\n\n\n<p>Tant que la redevabilit\u00e9 est principalement dirig\u00e9e vers les bailleurs de l&#8217;h\u00e9misph\u00e8re Nord, une partie du pouvoir d\u00e9cisionnel y reste \u00e9galement. Les organisations internationales jouent un r\u00f4le de m\u00e9diation dans ce syst\u00e8me : elles traduisent les r\u00e9alit\u00e9s locales en logiques formelles de financement, assument les risques financiers et garantissent le respect des normes externes. Cette fonction peut permettre la localisation, mais elle la limite aussi.<\/p>\n\n\n\n<p>Pour Mission 21, la localisation ne signifie donc pas le simple transfert de responsabilit\u00e9, mais la r\u00e9flexion consciente sur les d\u00e9pendances, les structures de d\u00e9cision et la r\u00e9partition des risques. Les progr\u00e8s se r\u00e9alisent l\u00e0 o\u00f9 les partenariats sont con\u00e7us \u00e0 long terme, o\u00f9 les attentes divergentes sont abord\u00e9es ouvertement et o\u00f9 l\u2019\u00e9volution et l\u2019apprentissage demeurent possibles des deux c\u00f4t\u00e9s. Le parcours \u00e0 mener pour atteindre la localisation est difficile, mais n\u00e9cessaire, entre les revendications normatives et les r\u00e9alit\u00e9s structurelles.<\/p>\n","protected":false},"excerpt":{"rendered":"<p>La localisation est devenue un principe directeur central de la coop\u00e9ration internationale. Il s\u2019agit de transf\u00e9rer davantage de responsabilit\u00e9s, de pouvoir d\u00e9cisionnel et de ressources aux acteurs locaux. Si l\u2019objectif fait largement consensus, les modalit\u00e9s de sa mise en \u0153uvre dans les cadres politiques, juridiques et financiers existants suscitent moins d\u2019accord. Mission 21 \u00e9volue \u00e9galement <a href=\"https:\/\/koff.swisspeace.ch\/apropos\/7104\/partenariats-de-long-terme-et-localisation-entre-ambition-et-limites-structurelles\/\" class=\"more-link\">&#8230;<span class=\"screen-reader-text\">  Partenariats de long terme et localisation \u2013 entre ambition et limites structurelles<\/span><\/a><\/p>\n","protected":false},"author":3,"featured_media":7094,"comment_status":"closed","ping_status":"closed","sticky":false,"template":"","format":"standard","meta":{"advgb_blocks_editor_width":"","advgb_blocks_columns_visual_guide":""},"categories":[113],"tags":[],"issue":[492],"acf":[],"author_meta":{"display_name":"\u00e0 propos","author_link":"https:\/\/koff.swisspeace.ch\/apropos\/author\/apropos\/"},"featured_img":"https:\/\/koff.swisspeace.ch\/apropos\/wp-content\/uploads\/2026\/03\/mission21_WB192-600x331.jpg","coauthors":[],"tax_additional":{"categories":{"linked":["<a href=\"https:\/\/koff.swisspeace.ch\/apropos\/category\/reports-fr\/\" class=\"advgb-post-tax-term\">Dossier<\/a>"],"unlinked":["<span class=\"advgb-post-tax-term\">Dossier<\/span>"]}},"comment_count":0,"relative_dates":{"created":"Posted 5 months ago","modified":"Updated 5 months ago"},"absolute_dates":{"created":"Posted on April 1, 2026","modified":"Updated on April 1, 2026"},"absolute_dates_time":{"created":"Posted on April 1, 2026 7:22 am","modified":"Updated on April 1, 2026 7:22 am"},"featured_img_caption":"Portr\u00e4t einer jungen Umweltsch\u00fctzerin aus Peru (Leydi Melany Marca Quispe), die die Arbeit der Environmental Leaders Training School in der Region Puno erl\u00e4utert. \/\/ Leydi Menaly Marca Quispe. Junge Umweltaktivistin aus Peru, die \u00fcber die Arbeit der Schule f\u00fcr Umweltf\u00fchrer berichtet, die von unserer Partnerorganisation Centro Bartolom\u00e9 de Las Casas (CBC) in der Region Puno durchgef\u00fchrt wird.","series_order":null,"_links":{"self":[{"href":"https:\/\/koff.swisspeace.ch\/apropos\/wp-json\/wp\/v2\/posts\/7104"}],"collection":[{"href":"https:\/\/koff.swisspeace.ch\/apropos\/wp-json\/wp\/v2\/posts"}],"about":[{"href":"https:\/\/koff.swisspeace.ch\/apropos\/wp-json\/wp\/v2\/types\/post"}],"author":[{"embeddable":true,"href":"https:\/\/koff.swisspeace.ch\/apropos\/wp-json\/wp\/v2\/users\/3"}],"replies":[{"embeddable":true,"href":"https:\/\/koff.swisspeace.ch\/apropos\/wp-json\/wp\/v2\/comments?post=7104"}],"version-history":[{"count":7,"href":"https:\/\/koff.swisspeace.ch\/apropos\/wp-json\/wp\/v2\/posts\/7104\/revisions"}],"predecessor-version":[{"id":7325,"href":"https:\/\/koff.swisspeace.ch\/apropos\/wp-json\/wp\/v2\/posts\/7104\/revisions\/7325"}],"wp:featuredmedia":[{"embeddable":true,"href":"https:\/\/koff.swisspeace.ch\/apropos\/wp-json\/wp\/v2\/media\/7094"}],"wp:attachment":[{"href":"https:\/\/koff.swisspeace.ch\/apropos\/wp-json\/wp\/v2\/media?parent=7104"}],"wp:term":[{"taxonomy":"category","embeddable":true,"href":"https:\/\/koff.swisspeace.ch\/apropos\/wp-json\/wp\/v2\/categories?post=7104"},{"taxonomy":"post_tag","embeddable":true,"href":"https:\/\/koff.swisspeace.ch\/apropos\/wp-json\/wp\/v2\/tags?post=7104"},{"taxonomy":"issue","embeddable":true,"href":"https:\/\/koff.swisspeace.ch\/apropos\/wp-json\/wp\/v2\/issue?post=7104"}],"curies":[{"name":"wp","href":"https:\/\/api.w.org\/{rel}","templated":true}]}}