{"id":7113,"date":"2026-04-01T07:22:52","date_gmt":"2026-04-01T07:22:52","guid":{"rendered":"https:\/\/koff.swisspeace.ch\/apropos\/?p=7113"},"modified":"2026-04-01T07:43:33","modified_gmt":"2026-04-01T07:43:33","slug":"entscheiden-vor-ort-wie-kalebassen-resilienz-staerken-und-frieden-schaffen","status":"publish","type":"post","link":"https:\/\/koff.swisspeace.ch\/apropos\/7113\/entscheiden-vor-ort-wie-kalebassen-resilienz-staerken-und-frieden-schaffen\/","title":{"rendered":"Entscheiden vor Ort \u2013 wie Kalebassen Resilienz st\u00e4rken und Frieden schaffen"},"content":{"rendered":"\n<p>In der Debatte um die Machtverlagerung (Power Shift) der internationalen Zusammenarbeit (IZA) zeigt der von Fastenaktion unterst\u00fctzte <a rel=\"noreferrer noopener\" href=\"https:\/\/stories.fastenaktion.ch\/senegal-solidaritaetskalebassen\/index.html\" target=\"_blank\">Ansatz der Kalebassen-Solidarit\u00e4tsgruppen<\/a> im Senegal, wie wirksam lokal gef\u00fchrte Entwicklung sein kann. In diesen Gruppen legen Mitglieder regelm\u00e4ssig und anonym kleine Geldbetr\u00e4ge zusammen, tauschen sich aus und unterst\u00fctzen sich gegenseitig. Aus dem gemeinschaftlichen Fonds k\u00f6nnen Mitglieder:innen in Not zinslose Kredite erhalten oder gemeinsame wirtschaftliche Initiativen wie Gruppeneink\u00e4ufe finanzieren.<\/p>\n\n\n\n<p>Von Senegales:innen f\u00fcr Senegales:innen entwickelt, ist der Ansatz innerhalb von 20 Jahren zu einer nationalen Bewegung mit \u00fcber 2&#8217;500 Solidarit\u00e4tskalebassen f\u00fcr \u00fcber 800&#8217;000 Menschen gewachsen. Eine <a rel=\"noreferrer noopener\" href=\"https:\/\/fastenaktion.ch\/wp-content\/uploads\/2025\/01\/Studie-Fastenaktion-Swisspeace-DE.pdf\" target=\"_blank\">Studie<\/a> von Fastenaktion und swisspeace zeigt eindr\u00fccklich, wie die Kalebassen als in der Gesellschaft verankerte, solidarische Finanz- und Austauschform soziale Koh\u00e4sion erh\u00f6hen, den \u00f6konomischen Druck durch die zinslosen Notkredite reduzieren und gemeinsame wirtschaftliche Lernr\u00e4ume schaffen. Vieles hat sich dynamisch entwickelt, geblieben ist die starke lokale Verankerung und Autonomie, welche den Kalebassen und den Partnerorganisationen (PO) zugestanden wird. Samba Mbaye, Mitentwickler des Ansatzes betont: \u00abEntscheidend f\u00fcr den Erfolg ist die Philosophie von Fastenaktion: Sie kommt nicht mit fertigen L\u00f6sungen, sondern unterst\u00fctzt die Gemeinschaften dabei, ihre eigenen Strategien zu entwickeln.\u00bb<\/p>\n\n\n\n<p>Das Landesprogramm, welches die Partnerorganisationen und Kalebassenprojekte unterst\u00fctzt und begleitet, verzichtet bewusst darauf, externe Themen oder globale Trends vorzugeben. Die Agenda der Kalebassen soll aus den lokalen Bed\u00fcrfnissen der Mitglieder:innen entstehen. Auf diese Weise k\u00f6nnen sich die Menschen direkt um die Probleme k\u00fcmmern, die ihren Alltag belasten. Der Verzicht auf externe Agendasetzung ist kein Desinteresse an globalen Herausforderungen, sondern eine bewusste St\u00e4rkung der lokalen Relevanz.<\/p>\n\n\n\n<p>Im Rahmen der Kalebassenprojekte hat das Landesprogramm im Senegal konkrete Erfahrungen zum  Transfer von Entscheidungsmacht auf drei verschiedene Ebenen gesammelt:<\/p>\n\n\n\n<p><\/p>\n\n\n\n<ul>\n<li><strong>Koordinationsebene:<\/strong> Die senegalesische Koordinationsstelle w\u00e4hlt autonom sogenannte \u00abindirekte Partnerorganisationen\u00bb aus. Diese agieren mit minimaler finanzieller Unterst\u00fctzung, aber hoher Eigeninitiative und erreichen heute bereits einen Drittel der Menschen, welche von den Kalebassen profitieren (ca. 260&#8217;000 Menschen). Diese Entscheidungsmacht der Koordinationsstelle erm\u00f6glicht eine schnellere Anpassung an die lokalen Bed\u00fcrfnisse. Die Bewilligung eines gr\u00f6sseren Budgets ohne konkrete Projektaktivit\u00e4ten setzte jedoch einige interne \u00dcberzeugungsarbeit innerhalb von Fastenaktion voraus.<\/li>\n\n\n\n<li><strong>Ebene der PO<\/strong>: Ein flexibles Funding-Modell erlaubt einer PO die selbst\u00e4ndige Mittelverwendung unter der Bedingung, dass sie ihre Erfahrungen dokumentiert. Die Praxis \u2013 wie hier die Anschaffung eines Fahrzeugs statt programmatischer Aktivit\u00e4ten &#8211; zeigt: Die Priorit\u00e4ten k\u00f6nnen von den Erwartungen der Nord-Partner abweichen, sind jedoch koh\u00e4rent mit der Zielsetzung des Projektes und finanziell fundiert begr\u00fcndet. Dies fordert das traditionelle Verst\u00e4ndnis der Nord-S\u00fcd-Zusammenarbeit heraus. Die Analyse des Pilotprojektes mit allen POs ergab: Flexibilit\u00e4t wird zwar sehr gesch\u00e4tzt, es werden aber auch m\u00f6gliche Risiken wahrgenommen, wie interne Konflikte innerhalb der PO in Bezug auf die Mittelverwendung, Zeitaufwand f\u00fcr die Entscheidungsfindung, missbr\u00e4uchliche Verwendung der Mittel oder Konflikte mit den Geldgeber:innen.<\/li>\n\n\n\n<li><strong>Ebene der Regionalnetzwerke<\/strong>: Den Kalebassen-Netzwerken wurden Pauschalbudgets f\u00fcr Organisationsentwicklung zugewiesen. Dabei konnten sie w\u00e4hlen, wie sie die Mittel innerhalb der Kategorien Infrastruktur, Ausbildung und Gruppeneink\u00e4ufe\u00a0ausgeben wollten. Sie investierten ausschliesslich in Infrastruktur und Gruppeneink\u00e4ufe, statt in Weiterbildungen. Das Ergebnis, 15 von 17 Netzwerken steigerten dadurch ihre Unabh\u00e4ngigkeit signifikant.<br><br>Subsidiarit\u00e4t in der IZA entfaltet ihre volle Wirksamkeit erst dann, wenn sie mit der \u00dcbertragung von Ressourcen- und Entscheidungshoheit einhergeht und nur wenn die unterst\u00fctzenden internationale Organisationen bewusst Macht abgeben und Kontrolle teilen.<\/li>\n<\/ul>\n","protected":false},"excerpt":{"rendered":"<p>In der Debatte um die Machtverlagerung (Power Shift) der internationalen Zusammenarbeit (IZA) zeigt der von Fastenaktion unterst\u00fctzte Ansatz der Kalebassen-Solidarit\u00e4tsgruppen im Senegal, wie wirksam lokal gef\u00fchrte Entwicklung sein kann. In diesen Gruppen legen Mitglieder regelm\u00e4ssig und anonym kleine Geldbetr\u00e4ge zusammen, tauschen sich aus und unterst\u00fctzen sich gegenseitig. Aus dem gemeinschaftlichen Fonds k\u00f6nnen Mitglieder:innen in Not <a href=\"https:\/\/koff.swisspeace.ch\/apropos\/7113\/entscheiden-vor-ort-wie-kalebassen-resilienz-staerken-und-frieden-schaffen\/\" class=\"more-link\">&#8230;<span class=\"screen-reader-text\">  Entscheiden vor Ort \u2013 wie Kalebassen Resilienz st\u00e4rken und Frieden schaffen<\/span><\/a><\/p>\n","protected":false},"author":3,"featured_media":7111,"comment_status":"closed","ping_status":"closed","sticky":false,"template":"","format":"standard","meta":{"advgb_blocks_editor_width":"","advgb_blocks_columns_visual_guide":""},"categories":[73],"tags":[],"issue":[477],"acf":[],"author_meta":{"display_name":"\u00e0 propos","author_link":"https:\/\/koff.swisspeace.ch\/apropos\/author\/apropos\/"},"featured_img":"https:\/\/koff.swisspeace.ch\/apropos\/wp-content\/uploads\/2026\/03\/WBFastenaktion192-600x331.jpg","coauthors":[],"tax_additional":{"categories":{"linked":["<a href=\"https:\/\/koff.swisspeace.ch\/apropos\/category\/reports-de\/\" class=\"advgb-post-tax-term\">Dossier<\/a>"],"unlinked":["<span class=\"advgb-post-tax-term\">Dossier<\/span>"]}},"comment_count":0,"relative_dates":{"created":"Posted 5 months ago","modified":"Updated 5 months ago"},"absolute_dates":{"created":"Posted on April 1, 2026","modified":"Updated on April 1, 2026"},"absolute_dates_time":{"created":"Posted on April 1, 2026 7:22 am","modified":"Updated on April 1, 2026 7:43 am"},"featured_img_caption":"","series_order":null,"_links":{"self":[{"href":"https:\/\/koff.swisspeace.ch\/apropos\/wp-json\/wp\/v2\/posts\/7113"}],"collection":[{"href":"https:\/\/koff.swisspeace.ch\/apropos\/wp-json\/wp\/v2\/posts"}],"about":[{"href":"https:\/\/koff.swisspeace.ch\/apropos\/wp-json\/wp\/v2\/types\/post"}],"author":[{"embeddable":true,"href":"https:\/\/koff.swisspeace.ch\/apropos\/wp-json\/wp\/v2\/users\/3"}],"replies":[{"embeddable":true,"href":"https:\/\/koff.swisspeace.ch\/apropos\/wp-json\/wp\/v2\/comments?post=7113"}],"version-history":[{"count":7,"href":"https:\/\/koff.swisspeace.ch\/apropos\/wp-json\/wp\/v2\/posts\/7113\/revisions"}],"predecessor-version":[{"id":7362,"href":"https:\/\/koff.swisspeace.ch\/apropos\/wp-json\/wp\/v2\/posts\/7113\/revisions\/7362"}],"wp:featuredmedia":[{"embeddable":true,"href":"https:\/\/koff.swisspeace.ch\/apropos\/wp-json\/wp\/v2\/media\/7111"}],"wp:attachment":[{"href":"https:\/\/koff.swisspeace.ch\/apropos\/wp-json\/wp\/v2\/media?parent=7113"}],"wp:term":[{"taxonomy":"category","embeddable":true,"href":"https:\/\/koff.swisspeace.ch\/apropos\/wp-json\/wp\/v2\/categories?post=7113"},{"taxonomy":"post_tag","embeddable":true,"href":"https:\/\/koff.swisspeace.ch\/apropos\/wp-json\/wp\/v2\/tags?post=7113"},{"taxonomy":"issue","embeddable":true,"href":"https:\/\/koff.swisspeace.ch\/apropos\/wp-json\/wp\/v2\/issue?post=7113"}],"curies":[{"name":"wp","href":"https:\/\/api.w.org\/{rel}","templated":true}]}}