{"id":7145,"date":"2026-04-01T07:23:09","date_gmt":"2026-04-01T07:23:09","guid":{"rendered":"https:\/\/koff.swisspeace.ch\/apropos\/?p=7145"},"modified":"2026-04-01T07:23:09","modified_gmt":"2026-04-01T07:23:09","slug":"two-vacancies-at-eirene-suisse","status":"publish","type":"post","link":"https:\/\/koff.swisspeace.ch\/apropos\/7145\/two-vacancies-at-eirene-suisse\/","title":{"rendered":"Two Vacancies at Eirene Suisse"},"content":{"rendered":"\n<p>Eirene Suisse has published two job openings (in French) in the field of peacebuilding:<\/p>\n\n\n\n<p><a href=\"https:\/\/eirenesuisse.ch\/jobs\/specialiste-en-appui-psychosocial-et-consolidation-de-la-paix\/\"><strong>Sp\u00e9cialiste en appui psychosocial et consolidation de la paix &#8211; Eirene Suisse<\/strong><\/a><\/p>\n\n\n\n<p>L\u2019objectif principal du poste est de contribuer \u00e0 l\u2019am\u00e9lioration durable de la qualit\u00e9, de la coh\u00e9rence et de l\u2019impact des interventions psychosociales et de consolidation de la paix de YOLRED, en :<\/p>\n\n\n\n<ul>\n<li>renfor\u00e7ant les pratiques de travail social et de soutien psychosocial,<\/li>\n\n\n\n<li>accompagnant l\u2019\u00e9quipe locale par le mentorat et la pratique r\u00e9flexive,<\/li>\n\n\n\n<li>structurant une m\u00e9thodologie contextualis\u00e9e et document\u00e9e,<\/li>\n\n\n\n<li>consolidant les syst\u00e8mes de suivi, d\u2019\u00e9valuation et d\u2019apprentissage organisationnel.<\/li>\n<\/ul>\n\n\n\n<p>Le\u00b7la travailleur\u00b7euse social\u00b7e interviendra aupr\u00e8s des anciens enfants soldats et des enfants n\u00e9\u00b7es en captivit\u00e9 (CBC) afin de soutenir leur gu\u00e9rison psychosociale, leur r\u00e9int\u00e9gration sociale et leur autonomisation socio-\u00e9conomique, tout en accompagnant l\u2019\u00e9quipe de YOLRED dans l\u2019appropriation durable des approches de travail social, de soutien psychosocial et d\u2019analyse r\u00e9flexive.<\/p>\n\n\n\n<p><strong><a href=\"https:\/\/eirenesuisse.ch\/jobs\/travail-social-gulu\/\">Travailleur\u00b7euse social\u00b7e avec des connaissances en agro\u00e9cologie \u2013 Ouganda<\/a><\/strong><\/p>\n\n\n\n<p>L\u2019objectif principal du poste est de renforcer les capacit\u00e9s de l\u2019\u00e9quipe de Hashtag Gulu en travail social et en encadrement de jeunes en r\u00e9insertion, souvent sans qualifications ou n\u2019ayant que des connaissances basiques de l\u2019agro\u00e9cologie, afin de d\u00e9velopper une meilleure prise en charge des SCCY et leur fournir un soutien holistique dans le cadre d\u2019un processus d\u2019autonomisation \u00e0 travers une formation en agriculture durable. En parall\u00e8le, un appui en agro\u00e9cologie sera donn\u00e9 pour d\u00e9velopper la ferme agricole du partenaire.<\/p>\n\n\n\n<p><\/p>\n","protected":false},"excerpt":{"rendered":"<p>Eirene Suisse has published two job openings (in French) in the field of peacebuilding: Sp\u00e9cialiste en appui psychosocial et consolidation de la paix &#8211; Eirene Suisse L\u2019objectif principal du poste est de contribuer \u00e0 l\u2019am\u00e9lioration durable de la qualit\u00e9, de la coh\u00e9rence et de l\u2019impact des interventions psychosociales et de consolidation de la paix de <a href=\"https:\/\/koff.swisspeace.ch\/apropos\/7145\/two-vacancies-at-eirene-suisse\/\" class=\"more-link\">&#8230;<span class=\"screen-reader-text\">  Two Vacancies at Eirene Suisse<\/span><\/a><\/p>\n","protected":false},"author":3,"featured_media":6938,"comment_status":"closed","ping_status":"closed","sticky":false,"template":"","format":"standard","meta":{"advgb_blocks_editor_width":"","advgb_blocks_columns_visual_guide":""},"categories":[101],"tags":[],"issue":[471],"acf":[],"author_meta":{"display_name":"\u00e0 propos","author_link":"https:\/\/koff.swisspeace.ch\/apropos\/author\/apropos\/"},"featured_img":"https:\/\/koff.swisspeace.ch\/apropos\/wp-content\/uploads\/2025\/12\/Icon-announcement-600x332.jpg","coauthors":[],"tax_additional":{"categories":{"linked":["<a href=\"https:\/\/koff.swisspeace.ch\/apropos\/category\/news-en\/\" class=\"advgb-post-tax-term\">News<\/a>"],"unlinked":["<span class=\"advgb-post-tax-term\">News<\/span>"]}},"comment_count":0,"relative_dates":{"created":"Posted 5 months ago","modified":"Updated 5 months ago"},"absolute_dates":{"created":"Posted on April 1, 2026","modified":"Updated on April 1, 2026"},"absolute_dates_time":{"created":"Posted on April 1, 2026 7:23 am","modified":"Updated on April 1, 2026 7:23 am"},"featured_img_caption":"","series_order":null,"_links":{"self":[{"href":"https:\/\/koff.swisspeace.ch\/apropos\/wp-json\/wp\/v2\/posts\/7145"}],"collection":[{"href":"https:\/\/koff.swisspeace.ch\/apropos\/wp-json\/wp\/v2\/posts"}],"about":[{"href":"https:\/\/koff.swisspeace.ch\/apropos\/wp-json\/wp\/v2\/types\/post"}],"author":[{"embeddable":true,"href":"https:\/\/koff.swisspeace.ch\/apropos\/wp-json\/wp\/v2\/users\/3"}],"replies":[{"embeddable":true,"href":"https:\/\/koff.swisspeace.ch\/apropos\/wp-json\/wp\/v2\/comments?post=7145"}],"version-history":[{"count":8,"href":"https:\/\/koff.swisspeace.ch\/apropos\/wp-json\/wp\/v2\/posts\/7145\/revisions"}],"predecessor-version":[{"id":7306,"href":"https:\/\/koff.swisspeace.ch\/apropos\/wp-json\/wp\/v2\/posts\/7145\/revisions\/7306"}],"wp:featuredmedia":[{"embeddable":true,"href":"https:\/\/koff.swisspeace.ch\/apropos\/wp-json\/wp\/v2\/media\/6938"}],"wp:attachment":[{"href":"https:\/\/koff.swisspeace.ch\/apropos\/wp-json\/wp\/v2\/media?parent=7145"}],"wp:term":[{"taxonomy":"category","embeddable":true,"href":"https:\/\/koff.swisspeace.ch\/apropos\/wp-json\/wp\/v2\/categories?post=7145"},{"taxonomy":"post_tag","embeddable":true,"href":"https:\/\/koff.swisspeace.ch\/apropos\/wp-json\/wp\/v2\/tags?post=7145"},{"taxonomy":"issue","embeddable":true,"href":"https:\/\/koff.swisspeace.ch\/apropos\/wp-json\/wp\/v2\/issue?post=7145"}],"curies":[{"name":"wp","href":"https:\/\/api.w.org\/{rel}","templated":true}]}}