{"id":7174,"date":"2026-04-01T07:22:52","date_gmt":"2026-04-01T07:22:52","guid":{"rendered":"https:\/\/koff.swisspeace.ch\/apropos\/?p=7174"},"modified":"2026-06-22T08:54:49","modified_gmt":"2026-06-22T08:54:49","slug":"koff-stellungnahme-zur-schweizer-sicherheitspolitik","status":"publish","type":"post","link":"https:\/\/koff.swisspeace.ch\/apropos\/7174\/koff-stellungnahme-zur-schweizer-sicherheitspolitik\/","title":{"rendered":"KOFF-Stellungnahme zur Schweizer Sicherheitspolitik"},"content":{"rendered":"\n<p>Die Schweiz entwickelt derzeit ihre erste Sicherheitspolitische Strategie. Im Rahmen der \u00f6ffentlichen Konsultation hat die Schweizer Plattform f\u00fcr Friedensf\u00f6rderung (KOFF) eine gemeinsame Stellungnahme eingereicht, die von 31 Mitgliedsorganisationen unterst\u00fctzt wird.<\/p>\n\n\n\n<p>Darin werden folgende Priorit\u00e4ten besonders betont:<\/p>\n\n\n\n<ul>\n<li>Pr\u00e4vention als zentralen Pfeiler der Sicherheitspolitik zu st\u00e4rken<\/li>\n\n\n\n<li>das Sicherheitsverst\u00e4ndnis zu erweitern, indem eine menschenzentrierte Perspektive integriert wird<\/li>\n\n\n\n<li>zivile, pr\u00e4ventiv ausgerichtete Instrumente systematisch neben milit\u00e4rischen Massnahmen zu verankern<\/li>\n\n\n\n<li>die Beitr\u00e4ge von Friedensf\u00f6rderung, Entwicklungszusammenarbeit und humanit\u00e4rer Hilfe zur Sicherheit klarer anzuerkennen<\/li>\n<\/ul>\n\n\n\n<p>Die Stellungnahme basiert auf breiten Diskussionen innerhalb der KOFF-Plattform und spiegelt eine gemeinsame \u00dcberzeugung wider: Sicherheit muss \u00fcber milit\u00e4rische Antworten hinausgehen. Es geht darum, Gewalt von vornherein zu verhindern, indem ihre Ursachen bek\u00e4mpft werden und in inklusive, friedliche Gesellschaften investiert wird.<\/p>\n\n\n\n<p>Lesen Sie die vollst\u00e4ndige <a href=\"https:\/\/koff.swisspeace.ch\/fileadmin\/user_upload\/6_Dokumente\/KOFF_Joint_Submission_-_Security_Policy_Strategy_2026.pdf\" target=\"_blank\" rel=\"noreferrer noopener\">Stellungnahme<\/a> (auf Englisch) hier.<\/p>\n","protected":false},"excerpt":{"rendered":"<p>Die Schweiz entwickelt derzeit ihre erste Sicherheitspolitische Strategie. Im Rahmen der \u00f6ffentlichen Konsultation hat die Schweizer Plattform f\u00fcr Friedensf\u00f6rderung (KOFF) eine gemeinsame Stellungnahme eingereicht, die von 31 Mitgliedsorganisationen unterst\u00fctzt wird. Darin werden folgende Priorit\u00e4ten besonders betont: Die Stellungnahme basiert auf breiten Diskussionen innerhalb der KOFF-Plattform und spiegelt eine gemeinsame \u00dcberzeugung wider: Sicherheit muss \u00fcber milit\u00e4rische <a href=\"https:\/\/koff.swisspeace.ch\/apropos\/7174\/koff-stellungnahme-zur-schweizer-sicherheitspolitik\/\" class=\"more-link\">&#8230;<span class=\"screen-reader-text\">  KOFF-Stellungnahme zur Schweizer Sicherheitspolitik<\/span><\/a><\/p>\n","protected":false},"author":3,"featured_media":6938,"comment_status":"closed","ping_status":"closed","sticky":false,"template":"","format":"standard","meta":{"advgb_blocks_editor_width":"","advgb_blocks_columns_visual_guide":""},"categories":[71],"tags":[],"issue":[477],"acf":[],"author_meta":{"display_name":"\u00e0 propos","author_link":"https:\/\/koff.swisspeace.ch\/apropos\/author\/apropos\/"},"featured_img":"https:\/\/koff.swisspeace.ch\/apropos\/wp-content\/uploads\/2025\/12\/Icon-announcement-600x332.jpg","coauthors":[],"tax_additional":{"categories":{"linked":["<a href=\"https:\/\/koff.swisspeace.ch\/apropos\/category\/news-de\/\" class=\"advgb-post-tax-term\">Aktuell<\/a>"],"unlinked":["<span class=\"advgb-post-tax-term\">Aktuell<\/span>"]}},"comment_count":0,"relative_dates":{"created":"Posted 5 months ago","modified":"Updated 2 months ago"},"absolute_dates":{"created":"Posted on April 1, 2026","modified":"Updated on June 22, 2026"},"absolute_dates_time":{"created":"Posted on April 1, 2026 7:22 am","modified":"Updated on June 22, 2026 8:54 am"},"featured_img_caption":"","series_order":null,"_links":{"self":[{"href":"https:\/\/koff.swisspeace.ch\/apropos\/wp-json\/wp\/v2\/posts\/7174"}],"collection":[{"href":"https:\/\/koff.swisspeace.ch\/apropos\/wp-json\/wp\/v2\/posts"}],"about":[{"href":"https:\/\/koff.swisspeace.ch\/apropos\/wp-json\/wp\/v2\/types\/post"}],"author":[{"embeddable":true,"href":"https:\/\/koff.swisspeace.ch\/apropos\/wp-json\/wp\/v2\/users\/3"}],"replies":[{"embeddable":true,"href":"https:\/\/koff.swisspeace.ch\/apropos\/wp-json\/wp\/v2\/comments?post=7174"}],"version-history":[{"count":11,"href":"https:\/\/koff.swisspeace.ch\/apropos\/wp-json\/wp\/v2\/posts\/7174\/revisions"}],"predecessor-version":[{"id":7423,"href":"https:\/\/koff.swisspeace.ch\/apropos\/wp-json\/wp\/v2\/posts\/7174\/revisions\/7423"}],"wp:featuredmedia":[{"embeddable":true,"href":"https:\/\/koff.swisspeace.ch\/apropos\/wp-json\/wp\/v2\/media\/6938"}],"wp:attachment":[{"href":"https:\/\/koff.swisspeace.ch\/apropos\/wp-json\/wp\/v2\/media?parent=7174"}],"wp:term":[{"taxonomy":"category","embeddable":true,"href":"https:\/\/koff.swisspeace.ch\/apropos\/wp-json\/wp\/v2\/categories?post=7174"},{"taxonomy":"post_tag","embeddable":true,"href":"https:\/\/koff.swisspeace.ch\/apropos\/wp-json\/wp\/v2\/tags?post=7174"},{"taxonomy":"issue","embeddable":true,"href":"https:\/\/koff.swisspeace.ch\/apropos\/wp-json\/wp\/v2\/issue?post=7174"}],"curies":[{"name":"wp","href":"https:\/\/api.w.org\/{rel}","templated":true}]}}