{"id":7183,"date":"2026-04-01T07:22:33","date_gmt":"2026-04-01T07:22:33","guid":{"rendered":"https:\/\/koff.swisspeace.ch\/apropos\/?p=7183"},"modified":"2026-06-22T08:55:48","modified_gmt":"2026-06-22T08:55:48","slug":"declaration-de-koff-sur-la-politique-de-securite-de-la-suisse","status":"publish","type":"post","link":"https:\/\/koff.swisspeace.ch\/apropos\/7183\/declaration-de-koff-sur-la-politique-de-securite-de-la-suisse\/","title":{"rendered":"D\u00e9claration de KOFF sur la politique de s\u00e9curit\u00e9 de la Suisse"},"content":{"rendered":"\n<p>La Suisse est actuellement en train d\u2019\u00e9laborer sa premi\u00e8re strat\u00e9gie sur la politique de s\u00e9curit\u00e9. Dans le cadre de la consultation publique, la Plateforme suisse pour la consolidation de la paix (KOFF) a soumis une d\u00e9claration commune soutenue par 31 organisations membres.<\/p>\n\n\n\n<p>Dans cette d\u00e9claration, KOFF plaide pour les changements suivants:<\/p>\n\n\n\n<ul>\n<li>renforcer la pr\u00e9vention en tant que pilier central de la politique de s\u00e9curit\u00e9<\/li>\n\n\n\n<li>\u00e9largir la conception de la s\u00e9curit\u00e9 en int\u00e9grant une perspective centr\u00e9e sur les personnes<\/li>\n\n\n\n<li>int\u00e9grer syst\u00e9matiquement des instruments civils et ax\u00e9s sur la pr\u00e9vention aux c\u00f4t\u00e9s des mesures militaires<\/li>\n\n\n\n<li>reconna\u00eetre plus clairement les contributions \u00e0 la s\u00e9curit\u00e9 apport\u00e9es par les acteurs de la consolidation de la paix, la coop\u00e9ration au d\u00e9veloppement et l\u2019aide humanitaire<\/li>\n<\/ul>\n\n\n\n<p>Cette prise de position s\u2019appuie sur des discussions approfondies au sein de la plateforme KOFF et refl\u00e8te une conviction partag\u00e9e : la s\u00e9curit\u00e9 doit aller au-del\u00e0 des r\u00e9ponses militaires. Il s\u2019agit avant tout de pr\u00e9venir la violence en s\u2019attaquant \u00e0 ses causes profondes et en investissant dans des soci\u00e9t\u00e9s inclusives et pacifiques.<\/p>\n\n\n\n<p>Lisez la d\u00e9claration compl\u00e8te (en anglais) <a href=\"https:\/\/koff.swisspeace.ch\/fileadmin\/user_upload\/6_Dokumente\/KOFF_Joint_Submission_-_Security_Policy_Strategy_2026.pdf\" target=\"_blank\" rel=\"noreferrer noopener\">ici<\/a>.<\/p>\n","protected":false},"excerpt":{"rendered":"<p>La Suisse est actuellement en train d\u2019\u00e9laborer sa premi\u00e8re strat\u00e9gie sur la politique de s\u00e9curit\u00e9. Dans le cadre de la consultation publique, la Plateforme suisse pour la consolidation de la paix (KOFF) a soumis une d\u00e9claration commune soutenue par 31 organisations membres. Dans cette d\u00e9claration, KOFF plaide pour les changements suivants: Cette prise de position <a href=\"https:\/\/koff.swisspeace.ch\/apropos\/7183\/declaration-de-koff-sur-la-politique-de-securite-de-la-suisse\/\" class=\"more-link\">&#8230;<span class=\"screen-reader-text\">  D\u00e9claration de KOFF sur la politique de s\u00e9curit\u00e9 de la Suisse<\/span><\/a><\/p>\n","protected":false},"author":3,"featured_media":6938,"comment_status":"closed","ping_status":"closed","sticky":false,"template":"","format":"standard","meta":{"advgb_blocks_editor_width":"","advgb_blocks_columns_visual_guide":""},"categories":[99],"tags":[],"issue":[492],"acf":[],"author_meta":{"display_name":"\u00e0 propos","author_link":"https:\/\/koff.swisspeace.ch\/apropos\/author\/apropos\/"},"featured_img":"https:\/\/koff.swisspeace.ch\/apropos\/wp-content\/uploads\/2025\/12\/Icon-announcement-600x332.jpg","coauthors":[],"tax_additional":{"categories":{"linked":["<a href=\"https:\/\/koff.swisspeace.ch\/apropos\/category\/news-fr\/\" class=\"advgb-post-tax-term\">Actualit\u00e9<\/a>"],"unlinked":["<span class=\"advgb-post-tax-term\">Actualit\u00e9<\/span>"]}},"comment_count":0,"relative_dates":{"created":"Posted 5 months ago","modified":"Updated 2 months ago"},"absolute_dates":{"created":"Posted on April 1, 2026","modified":"Updated on June 22, 2026"},"absolute_dates_time":{"created":"Posted on April 1, 2026 7:22 am","modified":"Updated on June 22, 2026 8:55 am"},"featured_img_caption":"","series_order":null,"_links":{"self":[{"href":"https:\/\/koff.swisspeace.ch\/apropos\/wp-json\/wp\/v2\/posts\/7183"}],"collection":[{"href":"https:\/\/koff.swisspeace.ch\/apropos\/wp-json\/wp\/v2\/posts"}],"about":[{"href":"https:\/\/koff.swisspeace.ch\/apropos\/wp-json\/wp\/v2\/types\/post"}],"author":[{"embeddable":true,"href":"https:\/\/koff.swisspeace.ch\/apropos\/wp-json\/wp\/v2\/users\/3"}],"replies":[{"embeddable":true,"href":"https:\/\/koff.swisspeace.ch\/apropos\/wp-json\/wp\/v2\/comments?post=7183"}],"version-history":[{"count":7,"href":"https:\/\/koff.swisspeace.ch\/apropos\/wp-json\/wp\/v2\/posts\/7183\/revisions"}],"predecessor-version":[{"id":7425,"href":"https:\/\/koff.swisspeace.ch\/apropos\/wp-json\/wp\/v2\/posts\/7183\/revisions\/7425"}],"wp:featuredmedia":[{"embeddable":true,"href":"https:\/\/koff.swisspeace.ch\/apropos\/wp-json\/wp\/v2\/media\/6938"}],"wp:attachment":[{"href":"https:\/\/koff.swisspeace.ch\/apropos\/wp-json\/wp\/v2\/media?parent=7183"}],"wp:term":[{"taxonomy":"category","embeddable":true,"href":"https:\/\/koff.swisspeace.ch\/apropos\/wp-json\/wp\/v2\/categories?post=7183"},{"taxonomy":"post_tag","embeddable":true,"href":"https:\/\/koff.swisspeace.ch\/apropos\/wp-json\/wp\/v2\/tags?post=7183"},{"taxonomy":"issue","embeddable":true,"href":"https:\/\/koff.swisspeace.ch\/apropos\/wp-json\/wp\/v2\/issue?post=7183"}],"curies":[{"name":"wp","href":"https:\/\/api.w.org\/{rel}","templated":true}]}}