{"id":719,"date":"2023-02-23T16:37:28","date_gmt":"2023-02-23T16:37:28","guid":{"rendered":"https:\/\/koff.swisspeace.ch\/apropos\/?p=719"},"modified":"2023-02-27T07:58:03","modified_gmt":"2023-02-27T07:58:03","slug":"repondre-aux-besoins-de-la-societe-civile-ukrainienne","status":"publish","type":"post","link":"https:\/\/koff.swisspeace.ch\/apropos\/719\/repondre-aux-besoins-de-la-societe-civile-ukrainienne\/","title":{"rendered":"<strong>R\u00e9pondre aux besoins de la soci\u00e9t\u00e9 civile ukrainienne<\/strong>"},"content":{"rendered":"\n<p>Le 24 f\u00e9vrier marque le premier anniversaire de la guerre russe en Ukraine, mais pas celui de la &#8220;guerre hybride&#8221; en constante \u00e9volution qui existe depuis 2014, combinant des op\u00e9rations militaires \u00e0 d&#8217;autres formes d&#8217;influence sociale et \u00e9conomique.<\/p>\n\n\n\n<p>En r\u00e9ponse \u00e0 ce contexte impr\u00e9visible et dangereux, la soci\u00e9t\u00e9 civile ukrainienne s&#8217;est forg\u00e9 une solide colonne vert\u00e9brale. En effet, un puissant mouvement de b\u00e9n\u00e9voles s&#8217;est mobilis\u00e9 pour faire face \u00e0 la catastrophe sociale et humanitaire d\u00e9clench\u00e9e par l&#8217;invasion. Mais les destructions et les d\u00e9placements de l&#8217;ann\u00e9e derni\u00e8re ont oblig\u00e9 les organisations locales \u00e0 r\u00e9orienter rapidement leurs activit\u00e9s. Les actions ont \u00e9t\u00e9 adapt\u00e9es aux besoins de la population et \u00e0 la mobilisation humanitaire internationale sans pr\u00e9c\u00e9dent. Pour la soci\u00e9t\u00e9 civile ukrainienne, cela a repr\u00e9sent\u00e9 de multiples d\u00e9fis.<\/p>\n\n\n\n<p>Les organisations communautaires r\u00e9agissent aux bouleversements sociaux. Les femmes endossent de nouveaux r\u00f4les aussi bien sur le march\u00e9 du travail qu\u2019\u00e0 la t\u00eate du mouvement b\u00e9n\u00e9vole. De nombreuses organisations de la soci\u00e9t\u00e9 civile ont d\u00fb int\u00e9grer \u00e0 leurs programmes l&#8217;aide et la pr\u00e9vention de la violence sexuelle et sexiste. Les Ukrainien\u00b7ne\u00b7s ont subi de graves traumatismes et le gouvernement comme les b\u00e9n\u00e9voles peinent \u00e0 r\u00e9pondre aux besoins de la population en mati\u00e8re de sant\u00e9 mentale. Par cons\u00e9quent, l&#8217;aide internationale doit \u00eatre particuli\u00e8rement attentive aux besoins des communaut\u00e9s ukrainiennes li\u00e9s aux traumatismes et au genre et avoir pour objectif de renforcer les capacit\u00e9s et l&#8217;expertise des organisations locales de la soci\u00e9t\u00e9 civile.<\/p>\n\n\n\n<p>Une multitude de nouveaux acteurs ont fait leur apparition dans la soci\u00e9t\u00e9 civile ukrainienne. L&#8217;aide traditionnelle a \u00e9t\u00e9 r\u00e9orient\u00e9e et les petits donateurs se sont beaucoup plus impliqu\u00e9s au sein des milieux universitaires, des syndicats et d&#8217;autres r\u00e9seaux internationaux. Un grand nombre de b\u00e9n\u00e9voles locaux b\u00e9n\u00e9ficient d\u00e9sormais de fonds consacr\u00e9s \u00e0 l&#8217;aide, au transport et \u00e0 la logistique. Mais cette \u00e9volution rapide a pour cons\u00e9quence la multiplication de l&#8217;aide dans certains endroits et un manque de soutien dans d&#8217;autres. Des groupes locaux interagissent directement avec les habitants des zones rurales, ce qui n\u2019est pas possible pour l\u2019Etat et les organisations internationales&nbsp;; en revanche, dans les villages, l\u2019aide est souvent relay\u00e9e par des organisations r\u00e9gionales de plus grande ampleur.<\/p>\n\n\n\n<p>Il est n\u00e9cessaire d\u2019avoir une bonne compr\u00e9hension du contexte pour s\u2019assurer que l\u2019aide soit apport\u00e9e aux populations et aux zones qui en ont le plus besoin, pour \u00e9viter la conditionnalit\u00e9 et les mandats concurrents, et pour tenir compte des voix des communaut\u00e9s locales dans les processus de d\u00e9cision. Davantage de transparence et une meilleure communication entre les acteurs \u00e0 diff\u00e9rents niveaux auraient un effet positif sur l\u2019efficience de l\u2019aide humanitaire et la mise en place de Conflict Sensitivity Hubs permettrait d\u2019optimiser la coordination.<\/p>\n\n\n\n<p>La soci\u00e9t\u00e9 civile ukrainienne est remarquablement r\u00e9siliente face aux \u00e9preuves de cette derni\u00e8re ann\u00e9e. Pour parvenir \u00e0 une meilleure coop\u00e9ration et une perception commune avec les OSC, la r\u00e9ponse internationale doit prendre en compte le contexte et les r\u00e9alit\u00e9s de l\u2019Ukraine sur le terrain. C&#8217;est seulement en pr\u00eatant davantage attention aux besoins sp\u00e9cifiques et sensibilit\u00e9s des citoyen<strong>\u00b7<\/strong>nes et de la soci\u00e9t\u00e9 civile ukrainienne, que l&#8217;on peut garantir un redressement et une reconstruction repr\u00e9sentatifs et inclusifs, ainsi qu&#8217;une paix durable en Ukraine.<\/p>\n","protected":false},"excerpt":{"rendered":"<p>Le 24 f\u00e9vrier marque le premier anniversaire de la guerre russe en Ukraine, mais pas celui de la &#8220;guerre hybride&#8221; en constante \u00e9volution qui existe depuis 2014, combinant des op\u00e9rations militaires \u00e0 d&#8217;autres formes d&#8217;influence sociale et \u00e9conomique. En r\u00e9ponse \u00e0 ce contexte impr\u00e9visible et dangereux, la soci\u00e9t\u00e9 civile ukrainienne s&#8217;est forg\u00e9 une solide colonne <a href=\"https:\/\/koff.swisspeace.ch\/apropos\/719\/repondre-aux-besoins-de-la-societe-civile-ukrainienne\/\" class=\"more-link\">&#8230;<span class=\"screen-reader-text\">  &lt;strong&gt;R\u00e9pondre aux besoins de la soci\u00e9t\u00e9 civile ukrainienne&lt;\/strong&gt;<\/span><\/a><\/p>\n","protected":false},"author":3,"featured_media":922,"comment_status":"open","ping_status":"open","sticky":false,"template":"","format":"standard","meta":{"advgb_blocks_editor_width":"","advgb_blocks_columns_visual_guide":""},"categories":[117],"tags":[],"issue":[135],"acf":[],"author_meta":{"display_name":"\u00e0 propos","author_link":"https:\/\/koff.swisspeace.ch\/apropos\/author\/apropos\/"},"featured_img":"https:\/\/koff.swisspeace.ch\/apropos\/wp-content\/uploads\/2023\/02\/WBukraine-g36a5aa1db_1920-600x332.png","coauthors":[],"tax_additional":{"categories":{"linked":["<a href=\"https:\/\/koff.swisspeace.ch\/apropos\/category\/indepth-fr\/\" class=\"advgb-post-tax-term\">Pour aller plus loin<\/a>"],"unlinked":["<span class=\"advgb-post-tax-term\">Pour aller plus loin<\/span>"]}},"comment_count":0,"relative_dates":{"created":"Posted 4 years ago","modified":"Updated 4 years ago"},"absolute_dates":{"created":"Posted on February 23, 2023","modified":"Updated on February 27, 2023"},"absolute_dates_time":{"created":"Posted on February 23, 2023 4:37 pm","modified":"Updated on February 27, 2023 7:58 am"},"featured_img_caption":"","series_order":null,"_links":{"self":[{"href":"https:\/\/koff.swisspeace.ch\/apropos\/wp-json\/wp\/v2\/posts\/719"}],"collection":[{"href":"https:\/\/koff.swisspeace.ch\/apropos\/wp-json\/wp\/v2\/posts"}],"about":[{"href":"https:\/\/koff.swisspeace.ch\/apropos\/wp-json\/wp\/v2\/types\/post"}],"author":[{"embeddable":true,"href":"https:\/\/koff.swisspeace.ch\/apropos\/wp-json\/wp\/v2\/users\/3"}],"replies":[{"embeddable":true,"href":"https:\/\/koff.swisspeace.ch\/apropos\/wp-json\/wp\/v2\/comments?post=719"}],"version-history":[{"count":5,"href":"https:\/\/koff.swisspeace.ch\/apropos\/wp-json\/wp\/v2\/posts\/719\/revisions"}],"predecessor-version":[{"id":1176,"href":"https:\/\/koff.swisspeace.ch\/apropos\/wp-json\/wp\/v2\/posts\/719\/revisions\/1176"}],"wp:featuredmedia":[{"embeddable":true,"href":"https:\/\/koff.swisspeace.ch\/apropos\/wp-json\/wp\/v2\/media\/922"}],"wp:attachment":[{"href":"https:\/\/koff.swisspeace.ch\/apropos\/wp-json\/wp\/v2\/media?parent=719"}],"wp:term":[{"taxonomy":"category","embeddable":true,"href":"https:\/\/koff.swisspeace.ch\/apropos\/wp-json\/wp\/v2\/categories?post=719"},{"taxonomy":"post_tag","embeddable":true,"href":"https:\/\/koff.swisspeace.ch\/apropos\/wp-json\/wp\/v2\/tags?post=719"},{"taxonomy":"issue","embeddable":true,"href":"https:\/\/koff.swisspeace.ch\/apropos\/wp-json\/wp\/v2\/issue?post=719"}],"curies":[{"name":"wp","href":"https:\/\/api.w.org\/{rel}","templated":true}]}}