{"id":7194,"date":"2026-04-01T07:22:52","date_gmt":"2026-04-01T07:22:52","guid":{"rendered":"https:\/\/koff.swisspeace.ch\/apropos\/?p=7194"},"modified":"2026-04-01T07:22:52","modified_gmt":"2026-04-01T07:22:52","slug":"events-26","status":"publish","type":"post","link":"https:\/\/koff.swisspeace.ch\/apropos\/7194\/events-26\/","title":{"rendered":"Events"},"content":{"rendered":"\n<p><strong>\u00d6ffentliche Veranstaltung &#8211; L\u00e4nderbericht der Schweiz<\/strong><br><strong>15. Juni 2026, Abendveranstaltung<\/strong><\/p>\n\n\n\n<p>Plattform Agenda 2030 organisiert eine \u00f6ffentliche Veranstaltung unter Beteiligung von Parlamentarier:innen, bei der der L\u00e4nderbericht der Schweiz (Voluntary National Review \u2013 VNR) zur Umsetzung der SDGs im Mittelpunkt steht. Dies ist der dritte und letzte Bericht der Schweiz vor 2030. Nach einer Vorstellung des offiziellen Berichts, der Anfang Juni ver\u00f6ffentlicht wird, werden die Position und die wichtigsten Anliegen der Zivilgesellschaft pr\u00e4sentiert und diskutiert.<\/p>\n\n\n\n<p>Wenn Sie Interesse an einer Teilnahme haben, wenden Sie sich bitte an die Koordinatorin der Plattform Agenda 2030, <a rel=\"noreferrer noopener\" href=\"rianne.roshier@plattformagenda2030.ch\" target=\"_blank\">Rianne Roshier<\/a> (rianne.roshier@plattformagenda2030.ch).<\/p>\n","protected":false},"excerpt":{"rendered":"<p>\u00d6ffentliche Veranstaltung &#8211; L\u00e4nderbericht der Schweiz15. Juni 2026, Abendveranstaltung Plattform Agenda 2030 organisiert eine \u00f6ffentliche Veranstaltung unter Beteiligung von Parlamentarier:innen, bei der der L\u00e4nderbericht der Schweiz (Voluntary National Review \u2013 VNR) zur Umsetzung der SDGs im Mittelpunkt steht. Dies ist der dritte und letzte Bericht der Schweiz vor 2030. Nach einer Vorstellung des offiziellen Berichts, <a href=\"https:\/\/koff.swisspeace.ch\/apropos\/7194\/events-26\/\" class=\"more-link\">&#8230;<span class=\"screen-reader-text\">  Events<\/span><\/a><\/p>\n","protected":false},"author":3,"featured_media":4842,"comment_status":"closed","ping_status":"closed","sticky":false,"template":"","format":"standard","meta":{"advgb_blocks_editor_width":"","advgb_blocks_columns_visual_guide":""},"categories":[93],"tags":[],"issue":[477],"acf":[],"author_meta":{"display_name":"\u00e0 propos","author_link":"https:\/\/koff.swisspeace.ch\/apropos\/author\/apropos\/"},"featured_img":"https:\/\/koff.swisspeace.ch\/apropos\/wp-content\/uploads\/2024\/12\/Icons-Events-600x332.png","coauthors":[],"tax_additional":{"categories":{"linked":["<a href=\"https:\/\/koff.swisspeace.ch\/apropos\/category\/calendar-de\/\" class=\"advgb-post-tax-term\">Kalender<\/a>"],"unlinked":["<span class=\"advgb-post-tax-term\">Kalender<\/span>"]}},"comment_count":0,"relative_dates":{"created":"Posted 5 months ago","modified":"Updated 5 months ago"},"absolute_dates":{"created":"Posted on April 1, 2026","modified":"Updated on April 1, 2026"},"absolute_dates_time":{"created":"Posted on April 1, 2026 7:22 am","modified":"Updated on April 1, 2026 7:22 am"},"featured_img_caption":"","series_order":null,"_links":{"self":[{"href":"https:\/\/koff.swisspeace.ch\/apropos\/wp-json\/wp\/v2\/posts\/7194"}],"collection":[{"href":"https:\/\/koff.swisspeace.ch\/apropos\/wp-json\/wp\/v2\/posts"}],"about":[{"href":"https:\/\/koff.swisspeace.ch\/apropos\/wp-json\/wp\/v2\/types\/post"}],"author":[{"embeddable":true,"href":"https:\/\/koff.swisspeace.ch\/apropos\/wp-json\/wp\/v2\/users\/3"}],"replies":[{"embeddable":true,"href":"https:\/\/koff.swisspeace.ch\/apropos\/wp-json\/wp\/v2\/comments?post=7194"}],"version-history":[{"count":8,"href":"https:\/\/koff.swisspeace.ch\/apropos\/wp-json\/wp\/v2\/posts\/7194\/revisions"}],"predecessor-version":[{"id":7319,"href":"https:\/\/koff.swisspeace.ch\/apropos\/wp-json\/wp\/v2\/posts\/7194\/revisions\/7319"}],"wp:featuredmedia":[{"embeddable":true,"href":"https:\/\/koff.swisspeace.ch\/apropos\/wp-json\/wp\/v2\/media\/4842"}],"wp:attachment":[{"href":"https:\/\/koff.swisspeace.ch\/apropos\/wp-json\/wp\/v2\/media?parent=7194"}],"wp:term":[{"taxonomy":"category","embeddable":true,"href":"https:\/\/koff.swisspeace.ch\/apropos\/wp-json\/wp\/v2\/categories?post=7194"},{"taxonomy":"post_tag","embeddable":true,"href":"https:\/\/koff.swisspeace.ch\/apropos\/wp-json\/wp\/v2\/tags?post=7194"},{"taxonomy":"issue","embeddable":true,"href":"https:\/\/koff.swisspeace.ch\/apropos\/wp-json\/wp\/v2\/issue?post=7194"}],"curies":[{"name":"wp","href":"https:\/\/api.w.org\/{rel}","templated":true}]}}