{"id":7197,"date":"2026-04-01T07:22:33","date_gmt":"2026-04-01T07:22:33","guid":{"rendered":"https:\/\/koff.swisspeace.ch\/apropos\/?p=7197"},"modified":"2026-04-01T07:22:33","modified_gmt":"2026-04-01T07:22:33","slug":"evenements-14","status":"publish","type":"post","link":"https:\/\/koff.swisspeace.ch\/apropos\/7197\/evenements-14\/","title":{"rendered":"\u00c9v\u00e9nements"},"content":{"rendered":"\n<p><strong>\u00c9v\u00e9nement de Platform Agenda 2030 &#8211; Rapport national de la Suisse sur la mise en \u0153uvre des ODD <\/strong><br><strong>15 juin <\/strong>(soir\u00e9e)<\/p>\n\n\n\n<p>Platform Agenda 2030 organise un \u00e9v\u00e9nement public en pr\u00e9sence de parlementaires, consacr\u00e9 au rapport national de la Suisse (Examen national volontaire \u2013 VNR) sur la mise en \u0153uvre des objectifs de d\u00e9veloppement durable (ODD). Il s&#8217;agit du troisi\u00e8me et dernier rapport de la Suisse avant 2030. Apr\u00e8s une pr\u00e9sentation du rapport officiel qui sera publi\u00e9 d\u00e9but juin, la position et les principales pr\u00e9occupations de la soci\u00e9t\u00e9 civile seront expos\u00e9es et d\u00e9battues.<\/p>\n\n\n\n<p>Si vous souhaitez participer, contactez la coordinatrice de la plateforme Agenda 2030, <a rel=\"noreferrer noopener\" href=\"rianne.roshier@plattformagenda2030.ch\" target=\"_blank\">Rianne Roshier<\/a> (rianne.roshier@plattformagenda2030.ch).<\/p>\n","protected":false},"excerpt":{"rendered":"<p>\u00c9v\u00e9nement de Platform Agenda 2030 &#8211; Rapport national de la Suisse sur la mise en \u0153uvre des ODD 15 juin (soir\u00e9e) Platform Agenda 2030 organise un \u00e9v\u00e9nement public en pr\u00e9sence de parlementaires, consacr\u00e9 au rapport national de la Suisse (Examen national volontaire \u2013 VNR) sur la mise en \u0153uvre des objectifs de d\u00e9veloppement durable (ODD). <a href=\"https:\/\/koff.swisspeace.ch\/apropos\/7197\/evenements-14\/\" class=\"more-link\">&#8230;<span class=\"screen-reader-text\">  \u00c9v\u00e9nements<\/span><\/a><\/p>\n","protected":false},"author":3,"featured_media":4842,"comment_status":"closed","ping_status":"closed","sticky":false,"template":"","format":"standard","meta":{"advgb_blocks_editor_width":"","advgb_blocks_columns_visual_guide":""},"categories":[97],"tags":[],"issue":[492],"acf":[],"author_meta":{"display_name":"\u00e0 propos","author_link":"https:\/\/koff.swisspeace.ch\/apropos\/author\/apropos\/"},"featured_img":"https:\/\/koff.swisspeace.ch\/apropos\/wp-content\/uploads\/2024\/12\/Icons-Events-600x332.png","coauthors":[],"tax_additional":{"categories":{"linked":["<a href=\"https:\/\/koff.swisspeace.ch\/apropos\/category\/calendar-fr\/\" class=\"advgb-post-tax-term\">Calendrier<\/a>"],"unlinked":["<span class=\"advgb-post-tax-term\">Calendrier<\/span>"]}},"comment_count":0,"relative_dates":{"created":"Posted 5 months ago","modified":"Updated 5 months ago"},"absolute_dates":{"created":"Posted on April 1, 2026","modified":"Updated on April 1, 2026"},"absolute_dates_time":{"created":"Posted on April 1, 2026 7:22 am","modified":"Updated on April 1, 2026 7:22 am"},"featured_img_caption":"","series_order":null,"_links":{"self":[{"href":"https:\/\/koff.swisspeace.ch\/apropos\/wp-json\/wp\/v2\/posts\/7197"}],"collection":[{"href":"https:\/\/koff.swisspeace.ch\/apropos\/wp-json\/wp\/v2\/posts"}],"about":[{"href":"https:\/\/koff.swisspeace.ch\/apropos\/wp-json\/wp\/v2\/types\/post"}],"author":[{"embeddable":true,"href":"https:\/\/koff.swisspeace.ch\/apropos\/wp-json\/wp\/v2\/users\/3"}],"replies":[{"embeddable":true,"href":"https:\/\/koff.swisspeace.ch\/apropos\/wp-json\/wp\/v2\/comments?post=7197"}],"version-history":[{"count":5,"href":"https:\/\/koff.swisspeace.ch\/apropos\/wp-json\/wp\/v2\/posts\/7197\/revisions"}],"predecessor-version":[{"id":7321,"href":"https:\/\/koff.swisspeace.ch\/apropos\/wp-json\/wp\/v2\/posts\/7197\/revisions\/7321"}],"wp:featuredmedia":[{"embeddable":true,"href":"https:\/\/koff.swisspeace.ch\/apropos\/wp-json\/wp\/v2\/media\/4842"}],"wp:attachment":[{"href":"https:\/\/koff.swisspeace.ch\/apropos\/wp-json\/wp\/v2\/media?parent=7197"}],"wp:term":[{"taxonomy":"category","embeddable":true,"href":"https:\/\/koff.swisspeace.ch\/apropos\/wp-json\/wp\/v2\/categories?post=7197"},{"taxonomy":"post_tag","embeddable":true,"href":"https:\/\/koff.swisspeace.ch\/apropos\/wp-json\/wp\/v2\/tags?post=7197"},{"taxonomy":"issue","embeddable":true,"href":"https:\/\/koff.swisspeace.ch\/apropos\/wp-json\/wp\/v2\/issue?post=7197"}],"curies":[{"name":"wp","href":"https:\/\/api.w.org\/{rel}","templated":true}]}}