{"id":7203,"date":"2026-04-01T07:22:52","date_gmt":"2026-04-01T07:22:52","guid":{"rendered":"https:\/\/koff.swisspeace.ch\/apropos\/?p=7203"},"modified":"2026-04-01T07:39:57","modified_gmt":"2026-04-01T07:39:57","slug":"lokalisierung-utopie-oder-realitaet","status":"publish","type":"post","link":"https:\/\/koff.swisspeace.ch\/apropos\/7203\/lokalisierung-utopie-oder-realitaet\/","title":{"rendered":"Lokalisierung \u2013 Utopie oder Realit\u00e4t?"},"content":{"rendered":"\n<div class=\"wp-block-advgb-images-slider advgb-images-slider-block advg-images-slider-1d55e24b-c638-494a-9ea1-4bbd138a18b0 advgb-dyn-8d6e783a\"><div class=\"advgb-images-slider\" dir=\"ltr\"><div class=\"advgb-image-slider-item\"><img decoding=\"async\" src=\"https:\/\/koff.swisspeace.ch\/apropos\/wp-content\/uploads\/2026\/03\/Cover-Picture-192.jpg\" class=\"advgb-image-slider-img\" alt=\"\" style=\"width:100%;height:auto\"\/><div class=\"advgb-image-slider-item-info\" style=\"justify-content:flex-end;align-items:center\"><a class=\"advgb-image-slider-overlay\" target=\"_blank\" rel=\"noopener noreferrer\" href=\"#\" style=\"opacity:0.5\"><\/a><\/div><\/div><div class=\"advgb-image-slider-item\"><img decoding=\"async\" src=\"https:\/\/koff.swisspeace.ch\/apropos\/wp-content\/uploads\/2026\/03\/WB_swisspeace192-2.jpg\" class=\"advgb-image-slider-img\" alt=\"Konfliktsensitive Lokalisierung \u2013 zur\u00fcck zur lokalen F\u00fchrung\" style=\"width:100%;height:auto\"\/><div class=\"advgb-image-slider-item-info\" style=\"justify-content:flex-end;align-items:center\"><a class=\"advgb-image-slider-overlay\" target=\"_blank\" rel=\"noopener noreferrer\" href=\"https:\/\/koff.swisspeace.ch\/apropos\/7068\/konfliktsensitive-lokalisierung-zurueck-zur-lokalen-fuehrung\/\" style=\"opacity:0.5\"><\/a><h4 class=\"advgb-image-slider-title\">Konfliktsensitive Lokalisierung \u2013 zur\u00fcck zur lokalen F\u00fchrung<\/h4><\/div><\/div><div class=\"advgb-image-slider-item\"><img decoding=\"async\" src=\"https:\/\/koff.swisspeace.ch\/apropos\/wp-content\/uploads\/2026\/03\/mission21_WB192.jpg\" class=\"advgb-image-slider-img\" alt=\"Langfristige Partnerschaften und Lokalisierung \u2013 zwischen Anspruch und strukturellen Grenzen\" style=\"width:100%;height:auto\"\/><div class=\"advgb-image-slider-item-info\" style=\"justify-content:flex-end;align-items:center\"><a class=\"advgb-image-slider-overlay\" target=\"_blank\" rel=\"noopener noreferrer\" href=\"https:\/\/koff.swisspeace.ch\/apropos\/7098\/langfristige-partnerschaften-und-lokalisierung-zwischen-anspruch-und-strukturellen-grenzen\/\" style=\"opacity:0.5\"><\/a><h4 class=\"advgb-image-slider-title\">Langfristige Partnerschaften und Lokalisierung \u2013 zwischen Anspruch und strukturellen Grenzen<\/h4><\/div><\/div><div class=\"advgb-image-slider-item\"><img decoding=\"async\" src=\"https:\/\/koff.swisspeace.ch\/apropos\/wp-content\/uploads\/2026\/03\/tdh188WB.jpg\" class=\"advgb-image-slider-img\" alt=\"Lokalisierung bei terre des hommes schweiz \u2013 Ein Power Shift\" style=\"width:100%;height:auto\"\/><div class=\"advgb-image-slider-item-info\" style=\"justify-content:flex-end;align-items:center\"><a class=\"advgb-image-slider-overlay\" target=\"_blank\" rel=\"noopener noreferrer\" href=\"https:\/\/koff.swisspeace.ch\/apropos\/7087\/lokalisierung-bei-terre-des-hommes-schweiz-ein-power-shift\/\" style=\"opacity:0.5\"><\/a><h4 class=\"advgb-image-slider-title\">Lokalisierung bei terre des hommes schweiz \u2013 Ein Power Shift<\/h4><\/div><\/div><div class=\"advgb-image-slider-item\"><img decoding=\"async\" src=\"https:\/\/koff.swisspeace.ch\/apropos\/wp-content\/uploads\/2026\/03\/IAMANEH-Schweiz-Knowledge-Hub-Treffen-Senegal-2022..jpg\" class=\"advgb-image-slider-img\" alt=\"\" style=\"width:100%;height:auto\"\/><div class=\"advgb-image-slider-item-info\" style=\"justify-content:flex-end;align-items:center\"><a class=\"advgb-image-slider-overlay\" target=\"_blank\" rel=\"noopener noreferrer\" href=\"#\" style=\"opacity:0.5\"><\/a><\/div><\/div><\/div><\/div>\n\n\n\n<p>Entscheidungen in den Bereichen humanit\u00e4re Hilfe, Entwicklungszusammenarbeit und Friedensf\u00f6rderung (HDP) werden oft fernab der betroffenen Gemeinschaften getroffen. Vor diesem Hintergrund hat Lokalisierung an Bedeutung und Dringlichkeit gewonnen. Lokalisierung erfordert die Verlagerung von Ressourcen, Handlungsspielraum und Entscheidungsmacht von internationalen auf lokale Akteure, die aus den betroffenen Gebieten stammen und dort leben.<\/p>\n\n\n\n<p>Mit der <a rel=\"noreferrer noopener\" href=\"https:\/\/interagencystandingcommittee.org\/grand-bargain\" target=\"_blank\">\u00abGrand Bargain\u00bb<\/a>&#8211; Vereinbarung von 2016 wurde der Dringlichkeit Ausdruck verliehen. Die Vereinbarung zielt darauf ab, \u00abden Menschen in Not mehr Mittel zur Verf\u00fcgung zu stellen und die Wirksamkeit und Effizienz der humanit\u00e4ren Hilfe zu verbessern\u00bb. Die Debatte um die Lokalisierung hat sich seither sowohl in der Praxis als auch im akademischen Diskurs ausgeweitet.<\/p>\n\n\n\n<p>Humanit\u00e4re Hilfsorganisationen haben ihre Lokalisierungsstrategien ausgeweitet, sich verst\u00e4rkt f\u00fcr die \u00dcbertragung der Programmverantwortung an die betroffenen Regionen eingesetzt und ihre Modelle f\u00fcr Fundraising, Kommunikation und Personalbesetzung \u00fcberdacht. In dieser Ausgabe stellen KOFF-Mitgliedsorganisationen und ihre Partner:innen ihre diesbez\u00fcglichen Bem\u00fchungen vor.&nbsp;<\/p>\n\n\n\n<p>Trotz positiven Erfahrungen stellen die Beitragenden auch zahlreiche Schw\u00e4chen und Herausforderungen fest. Diese sind teilweise auf uneinheitliche Auslegungen und Erwartungen von Lokalisierung innerhalb bestehender politischer, rechtlicher und finanzieller Rahmenbedingungen zur\u00fcckzuf\u00fchren. Die Folgen davon sind (unter anderem) anhaltende Vertrauensprobleme, unflexible Geberfinanzierungen sowie mangelnde Bereitschaft ausreichend Kontrolle abzugeben und das Partnerschaftsmanagement neu zu gestalten.\u00a0<\/p>\n\n\n\n<p>Ich w\u00fcnsche Ihnen eine angenehme Lekt\u00fcre.<br>Sanjally Jobarteh<br>Herausgeberin <a rel=\"noreferrer noopener\" href=\"https:\/\/koff.swisspeace.ch\/\" target=\"_blank\">KOFF-Magazin<\/a><\/p>\n","protected":false},"excerpt":{"rendered":"<p>Entscheidungen in den Bereichen humanit\u00e4re Hilfe, Entwicklungszusammenarbeit und Friedensf\u00f6rderung (HDP) werden oft fernab der betroffenen Gemeinschaften getroffen. Vor diesem Hintergrund hat Lokalisierung an Bedeutung und Dringlichkeit gewonnen. Lokalisierung erfordert die Verlagerung von Ressourcen, Handlungsspielraum und Entscheidungsmacht von internationalen auf lokale Akteure, die aus den betroffenen Gebieten stammen und dort leben. Mit der \u00abGrand Bargain\u00bb&#8211; Vereinbarung <a href=\"https:\/\/koff.swisspeace.ch\/apropos\/7203\/lokalisierung-utopie-oder-realitaet\/\" class=\"more-link\">&#8230;<span class=\"screen-reader-text\">  Lokalisierung \u2013 Utopie oder Realit\u00e4t?<\/span><\/a><\/p>\n","protected":false},"author":3,"featured_media":0,"comment_status":"closed","ping_status":"closed","sticky":false,"template":"","format":"standard","meta":{"advgb_blocks_editor_width":"","advgb_blocks_columns_visual_guide":""},"categories":[26],"tags":[],"issue":[477],"acf":[],"author_meta":{"display_name":"\u00e0 propos","author_link":"https:\/\/koff.swisspeace.ch\/apropos\/author\/apropos\/"},"featured_img":null,"coauthors":[],"tax_additional":{"categories":{"linked":["<a href=\"https:\/\/koff.swisspeace.ch\/apropos\/category\/editorial-de\/\" class=\"advgb-post-tax-term\">Editorial<\/a>"],"unlinked":["<span class=\"advgb-post-tax-term\">Editorial<\/span>"]}},"comment_count":0,"relative_dates":{"created":"Posted 5 months ago","modified":"Updated 5 months ago"},"absolute_dates":{"created":"Posted on April 1, 2026","modified":"Updated on April 1, 2026"},"absolute_dates_time":{"created":"Posted on April 1, 2026 7:22 am","modified":"Updated on April 1, 2026 7:39 am"},"featured_img_caption":"","series_order":null,"_links":{"self":[{"href":"https:\/\/koff.swisspeace.ch\/apropos\/wp-json\/wp\/v2\/posts\/7203"}],"collection":[{"href":"https:\/\/koff.swisspeace.ch\/apropos\/wp-json\/wp\/v2\/posts"}],"about":[{"href":"https:\/\/koff.swisspeace.ch\/apropos\/wp-json\/wp\/v2\/types\/post"}],"author":[{"embeddable":true,"href":"https:\/\/koff.swisspeace.ch\/apropos\/wp-json\/wp\/v2\/users\/3"}],"replies":[{"embeddable":true,"href":"https:\/\/koff.swisspeace.ch\/apropos\/wp-json\/wp\/v2\/comments?post=7203"}],"version-history":[{"count":13,"href":"https:\/\/koff.swisspeace.ch\/apropos\/wp-json\/wp\/v2\/posts\/7203\/revisions"}],"predecessor-version":[{"id":7358,"href":"https:\/\/koff.swisspeace.ch\/apropos\/wp-json\/wp\/v2\/posts\/7203\/revisions\/7358"}],"wp:attachment":[{"href":"https:\/\/koff.swisspeace.ch\/apropos\/wp-json\/wp\/v2\/media?parent=7203"}],"wp:term":[{"taxonomy":"category","embeddable":true,"href":"https:\/\/koff.swisspeace.ch\/apropos\/wp-json\/wp\/v2\/categories?post=7203"},{"taxonomy":"post_tag","embeddable":true,"href":"https:\/\/koff.swisspeace.ch\/apropos\/wp-json\/wp\/v2\/tags?post=7203"},{"taxonomy":"issue","embeddable":true,"href":"https:\/\/koff.swisspeace.ch\/apropos\/wp-json\/wp\/v2\/issue?post=7203"}],"curies":[{"name":"wp","href":"https:\/\/api.w.org\/{rel}","templated":true}]}}