{"id":7209,"date":"2026-04-01T07:22:33","date_gmt":"2026-04-01T07:22:33","guid":{"rendered":"https:\/\/koff.swisspeace.ch\/apropos\/?p=7209"},"modified":"2026-04-01T07:58:00","modified_gmt":"2026-04-01T07:58:00","slug":"la-localisation-utopie-ou-realite","status":"publish","type":"post","link":"https:\/\/koff.swisspeace.ch\/apropos\/7209\/la-localisation-utopie-ou-realite\/","title":{"rendered":"La localisation \u2013 utopie ou r\u00e9alit\u00e9?"},"content":{"rendered":"\n<div class=\"wp-block-advgb-images-slider advgb-images-slider-block advg-images-slider-e37f3326-95dd-4e07-9e84-cc5d1562176d\"><div class=\"advgb-images-slider\" dir=\"ltr\"><div class=\"advgb-image-slider-item\"><img decoding=\"async\" src=\"https:\/\/koff.swisspeace.ch\/apropos\/wp-content\/uploads\/2026\/03\/Cover-Picture-192.jpg\" class=\"advgb-image-slider-img\" alt=\"\" style=\"width:100%;height:auto\"\/><div class=\"advgb-image-slider-item-info\" style=\"justify-content:flex-end;align-items:center\"><a class=\"advgb-image-slider-overlay\" target=\"_blank\" rel=\"noopener noreferrer\" href=\"#\" style=\"opacity:0.5\"><\/a><\/div><\/div><div class=\"advgb-image-slider-item\"><img decoding=\"async\" src=\"https:\/\/koff.swisspeace.ch\/apropos\/wp-content\/uploads\/2026\/03\/WB_swisspeace192-2.jpg\" class=\"advgb-image-slider-img\" alt=\"Localisation sensible aux conflits \u2013 Redonner place au leadership local au Soudan du Sud\" style=\"width:100%;height:auto\"\/><div class=\"advgb-image-slider-item-info\" style=\"justify-content:flex-end;align-items:center\"><a class=\"advgb-image-slider-overlay\" target=\"_blank\" rel=\"noopener noreferrer\" href=\"https:\/\/koff.swisspeace.ch\/apropos\/7077\/localisation-sensible-aux-conflits-redonner-place-au-leadership-local-au-soudan-du-sud\/\" style=\"opacity:0.5\"><\/a><h4 class=\"advgb-image-slider-title\">Localisation sensible aux conflits \u2013 Redonner place au leadership local au Soudan du Sud<\/h4><\/div><\/div><div class=\"advgb-image-slider-item\"><img decoding=\"async\" src=\"https:\/\/koff.swisspeace.ch\/apropos\/wp-content\/uploads\/2026\/03\/mission21_WB192.jpg\" class=\"advgb-image-slider-img\" alt=\"Partenariats de long terme et localisation \u2013 entre ambition et limites structurelles\" style=\"width:100%;height:auto\"\/><div class=\"advgb-image-slider-item-info\" style=\"justify-content:flex-end;align-items:center\"><a class=\"advgb-image-slider-overlay\" target=\"_blank\" rel=\"noopener noreferrer\" href=\"https:\/\/koff.swisspeace.ch\/apropos\/7104\/partenariats-de-long-terme-et-localisation-entre-ambition-et-limites-structurelles\/\" style=\"opacity:0.5\"><\/a><h4 class=\"advgb-image-slider-title\">Partenariats de long terme et localisation \u2013 entre ambition et limites structurelles<\/h4><\/div><\/div><div class=\"advgb-image-slider-item\"><img decoding=\"async\" src=\"https:\/\/koff.swisspeace.ch\/apropos\/wp-content\/uploads\/2026\/03\/tdh188WB.jpg\" class=\"advgb-image-slider-img\" alt=\"Localisation chez terre des hommes suisse \u2013 passation des pouvoirs\" style=\"width:100%;height:auto\"\/><div class=\"advgb-image-slider-item-info\" style=\"justify-content:flex-end;align-items:center\"><a class=\"advgb-image-slider-overlay\" target=\"_blank\" rel=\"noopener noreferrer\" href=\"https:\/\/koff.swisspeace.ch\/apropos\/7090\/localisation-chez-terre-des-hommes-suisse-un-transfert-de-pouvoir\/\" style=\"opacity:0.5\"><\/a><h4 class=\"advgb-image-slider-title\">Localisation chez terre des hommes suisse \u2013 passation des pouvoirs<\/h4><\/div><\/div><div class=\"advgb-image-slider-item\"><img decoding=\"async\" src=\"https:\/\/koff.swisspeace.ch\/apropos\/wp-content\/uploads\/2026\/03\/IAMANEH-Schweiz-Knowledge-Hub-Treffen-Senegal-2022..jpg\" class=\"advgb-image-slider-img\" alt=\"\" style=\"width:100%;height:auto\"\/><div class=\"advgb-image-slider-item-info\" style=\"justify-content:flex-end;align-items:center\"><a class=\"advgb-image-slider-overlay\" target=\"_blank\" rel=\"noopener noreferrer\" href=\"#\" style=\"opacity:0.5\"><\/a><\/div><\/div><\/div><\/div>\n\n\n\n<p>Dans les secteurs de l&#8217;aide humanitaire, du d\u00e9veloppement et de la consolidation de la paix (HDP), les d\u00e9cisions ont longtemps \u00e9t\u00e9 prises loin des communaut\u00e9s qu&#8217;elles concernent. L&#8217;imp\u00e9ratif de localisation s&#8217;est donc impos\u00e9 avec une urgence croissante. Elle implique un transfert des ressources, de l&#8217;autonomie et du pouvoir de d\u00e9cision des acteurs internationaux aux acteurs locaux, qui subissent directement les cons\u00e9quences des crises.<\/p>\n\n\n\n<p>Cette urgence a \u00e9t\u00e9 reconnue en 2016 avec le <a href=\"https:\/\/interagencystandingcommittee.org\/grand-bargain\" target=\"_blank\" rel=\"noreferrer noopener\">\u00abGrand Bargain\u00bb<\/a>, un accord visant \u00e0 \u00ab mettre davantage de moyens entre les mains des personnes dans le besoin et \u00e0 am\u00e9liorer l\u2019efficacit\u00e9 et l\u2019efficience de l\u2019action humanitaire \u00bb. Le d\u00e9bat autour de la localisation s\u2019est depuis \u00e9largi, tant dans la pratique que dans le discours acad\u00e9mique.<\/p>\n\n\n\n<p>Depuis lors, les organisations d\u2019aide humanitaire ont renforc\u00e9 leurs politiques de localisation, se sont davantage engag\u00e9es \u00e0 transf\u00e9rer la responsabilit\u00e9 des programmes aux r\u00e9gions touch\u00e9es et ont repens\u00e9 leurs mod\u00e8les de collecte de fonds, de communication et de gestion du personnel. Dans cette \u00e9dition, les organisations membres de KOFF et leurs partenaires pr\u00e9sentent leurs efforts en la mati\u00e8re.<\/p>\n\n\n\n<p>Malgr\u00e9 cette tendance et les exp\u00e9riences positives v\u00e9cues par nos contributeurs et contributrices, ceux\u00b7celles-ci constatent \u00e9galement de nombreuses faiblesses et d\u00e9fis, dus en partie aux diff\u00e9rentes interpr\u00e9tations et attentes en termes de localisation au sein des cadres politiques, juridiques et financiers existants. Il en r\u00e9sulte (entre autres) des probl\u00e8mes de confiance, des financements rigides de la part des donateurs et une r\u00e9ticence \u00e0 c\u00e9der suffisamment de contr\u00f4le et \u00e0 repenser la gestion des partenariats.<\/p>\n\n\n\n<p><\/p>\n\n\n\n<p>Je vous souhaite une agr\u00e9able lecture<\/p>\n\n\n\n<p>Sanjally Jobarteh, \u00e9ditrice du magazine de <a rel=\"noreferrer noopener\" href=\"https:\/\/koff.swisspeace.ch\/\" target=\"_blank\">KOFF<\/a><\/p>\n","protected":false},"excerpt":{"rendered":"<p>Dans les secteurs de l&#8217;aide humanitaire, du d\u00e9veloppement et de la consolidation de la paix (HDP), les d\u00e9cisions ont longtemps \u00e9t\u00e9 prises loin des communaut\u00e9s qu&#8217;elles concernent. L&#8217;imp\u00e9ratif de localisation s&#8217;est donc impos\u00e9 avec une urgence croissante. Elle implique un transfert des ressources, de l&#8217;autonomie et du pouvoir de d\u00e9cision des acteurs internationaux aux acteurs <a href=\"https:\/\/koff.swisspeace.ch\/apropos\/7209\/la-localisation-utopie-ou-realite\/\" class=\"more-link\">&#8230;<span class=\"screen-reader-text\">  La localisation \u2013 utopie ou r\u00e9alit\u00e9?<\/span><\/a><\/p>\n","protected":false},"author":3,"featured_media":0,"comment_status":"closed","ping_status":"closed","sticky":false,"template":"","format":"standard","meta":{"advgb_blocks_editor_width":"","advgb_blocks_columns_visual_guide":""},"categories":[87],"tags":[],"issue":[492],"acf":[],"author_meta":{"display_name":"\u00e0 propos","author_link":"https:\/\/koff.swisspeace.ch\/apropos\/author\/apropos\/"},"featured_img":null,"coauthors":[],"tax_additional":{"categories":{"linked":["<a href=\"https:\/\/koff.swisspeace.ch\/apropos\/category\/editorial-fr\/\" class=\"advgb-post-tax-term\">\u00c9ditorial<\/a>"],"unlinked":["<span class=\"advgb-post-tax-term\">\u00c9ditorial<\/span>"]}},"comment_count":0,"relative_dates":{"created":"Posted 5 months ago","modified":"Updated 5 months ago"},"absolute_dates":{"created":"Posted on April 1, 2026","modified":"Updated on April 1, 2026"},"absolute_dates_time":{"created":"Posted on April 1, 2026 7:22 am","modified":"Updated on April 1, 2026 7:58 am"},"featured_img_caption":"","series_order":null,"_links":{"self":[{"href":"https:\/\/koff.swisspeace.ch\/apropos\/wp-json\/wp\/v2\/posts\/7209"}],"collection":[{"href":"https:\/\/koff.swisspeace.ch\/apropos\/wp-json\/wp\/v2\/posts"}],"about":[{"href":"https:\/\/koff.swisspeace.ch\/apropos\/wp-json\/wp\/v2\/types\/post"}],"author":[{"embeddable":true,"href":"https:\/\/koff.swisspeace.ch\/apropos\/wp-json\/wp\/v2\/users\/3"}],"replies":[{"embeddable":true,"href":"https:\/\/koff.swisspeace.ch\/apropos\/wp-json\/wp\/v2\/comments?post=7209"}],"version-history":[{"count":12,"href":"https:\/\/koff.swisspeace.ch\/apropos\/wp-json\/wp\/v2\/posts\/7209\/revisions"}],"predecessor-version":[{"id":7375,"href":"https:\/\/koff.swisspeace.ch\/apropos\/wp-json\/wp\/v2\/posts\/7209\/revisions\/7375"}],"wp:attachment":[{"href":"https:\/\/koff.swisspeace.ch\/apropos\/wp-json\/wp\/v2\/media?parent=7209"}],"wp:term":[{"taxonomy":"category","embeddable":true,"href":"https:\/\/koff.swisspeace.ch\/apropos\/wp-json\/wp\/v2\/categories?post=7209"},{"taxonomy":"post_tag","embeddable":true,"href":"https:\/\/koff.swisspeace.ch\/apropos\/wp-json\/wp\/v2\/tags?post=7209"},{"taxonomy":"issue","embeddable":true,"href":"https:\/\/koff.swisspeace.ch\/apropos\/wp-json\/wp\/v2\/issue?post=7209"}],"curies":[{"name":"wp","href":"https:\/\/api.w.org\/{rel}","templated":true}]}}