{"id":738,"date":"2023-02-23T16:36:55","date_gmt":"2023-02-23T16:36:55","guid":{"rendered":"https:\/\/koff.swisspeace.ch\/apropos\/?p=738"},"modified":"2023-04-12T14:40:32","modified_gmt":"2023-04-12T14:40:32","slug":"cas-kurs-kunst-und-internationale-zusammenarbeit","status":"publish","type":"post","link":"https:\/\/koff.swisspeace.ch\/apropos\/738\/cas-kurs-kunst-und-internationale-zusammenarbeit\/","title":{"rendered":"CAS-Kurs: \u201cKunst und Internationale Zusammenarbeit\u201d"},"content":{"rendered":"\n<p>Das CAS \u201cKunst und Internationale Zusammenarbeit\u201d bringt K\u00fcnstler:innen und Mitglieder von international kooperierenden Organisationen aus dem Globalen S\u00fcden und Norden zusammen. Ihre Gemeinsamkeit ist das Interesse am Potenzial der K\u00fcnste zur Unterst\u00fctzung von sozialen Transformationsprozessen und der Friedensf\u00f6rderung sowie das Engagement f\u00fcr eine faire und sensible internationale Zusammenarbeit. Durch einen Studienaufenthalt mit Besuchen vor Ort erhalten sie Einblick in konkrete Kunstprojekte in fragilen Kontexten und reflektieren diese anhand von Instrumenten und Konzepten aus der aktuellen Literatur. Sie schlie\u00dfen mit einer betreuten Diplomarbeit ab, die sich auf ein individuelles Projekt oder einen Arbeitskontext bezieht.<br><br><\/p>\n","protected":false},"excerpt":{"rendered":"<p>Das CAS \u201cKunst und Internationale Zusammenarbeit\u201d bringt K\u00fcnstler:innen und Mitglieder von international kooperierenden Organisationen aus dem Globalen S\u00fcden und Norden zusammen. Ihre Gemeinsamkeit ist das Interesse am Potenzial der K\u00fcnste zur Unterst\u00fctzung von sozialen Transformationsprozessen und der Friedensf\u00f6rderung sowie das Engagement f\u00fcr eine faire und sensible internationale Zusammenarbeit. Durch einen Studienaufenthalt mit Besuchen vor Ort <a href=\"https:\/\/koff.swisspeace.ch\/apropos\/738\/cas-kurs-kunst-und-internationale-zusammenarbeit\/\" class=\"more-link\">&#8230;<span class=\"screen-reader-text\">  CAS-Kurs: \u201cKunst und Internationale Zusammenarbeit\u201d<\/span><\/a><\/p>\n","protected":false},"author":3,"featured_media":735,"comment_status":"open","ping_status":"open","sticky":false,"template":"","format":"standard","meta":{"advgb_blocks_editor_width":"","advgb_blocks_columns_visual_guide":""},"categories":[71],"tags":[],"issue":[133],"acf":[],"author_meta":{"display_name":"\u00e0 propos","author_link":"https:\/\/koff.swisspeace.ch\/apropos\/author\/apropos\/"},"featured_img":"https:\/\/koff.swisspeace.ch\/apropos\/wp-content\/uploads\/2023\/02\/WB_artasfoundation-600x332.png","coauthors":[],"tax_additional":{"categories":{"linked":["<a href=\"https:\/\/koff.swisspeace.ch\/apropos\/category\/news-de\/\" class=\"advgb-post-tax-term\">Aktuell<\/a>"],"unlinked":["<span class=\"advgb-post-tax-term\">Aktuell<\/span>"]}},"comment_count":0,"relative_dates":{"created":"Posted 4 years ago","modified":"Updated 3 years ago"},"absolute_dates":{"created":"Posted on February 23, 2023","modified":"Updated on April 12, 2023"},"absolute_dates_time":{"created":"Posted on February 23, 2023 4:36 pm","modified":"Updated on April 12, 2023 2:40 pm"},"featured_img_caption":"","series_order":null,"_links":{"self":[{"href":"https:\/\/koff.swisspeace.ch\/apropos\/wp-json\/wp\/v2\/posts\/738"}],"collection":[{"href":"https:\/\/koff.swisspeace.ch\/apropos\/wp-json\/wp\/v2\/posts"}],"about":[{"href":"https:\/\/koff.swisspeace.ch\/apropos\/wp-json\/wp\/v2\/types\/post"}],"author":[{"embeddable":true,"href":"https:\/\/koff.swisspeace.ch\/apropos\/wp-json\/wp\/v2\/users\/3"}],"replies":[{"embeddable":true,"href":"https:\/\/koff.swisspeace.ch\/apropos\/wp-json\/wp\/v2\/comments?post=738"}],"version-history":[{"count":7,"href":"https:\/\/koff.swisspeace.ch\/apropos\/wp-json\/wp\/v2\/posts\/738\/revisions"}],"predecessor-version":[{"id":1317,"href":"https:\/\/koff.swisspeace.ch\/apropos\/wp-json\/wp\/v2\/posts\/738\/revisions\/1317"}],"wp:featuredmedia":[{"embeddable":true,"href":"https:\/\/koff.swisspeace.ch\/apropos\/wp-json\/wp\/v2\/media\/735"}],"wp:attachment":[{"href":"https:\/\/koff.swisspeace.ch\/apropos\/wp-json\/wp\/v2\/media?parent=738"}],"wp:term":[{"taxonomy":"category","embeddable":true,"href":"https:\/\/koff.swisspeace.ch\/apropos\/wp-json\/wp\/v2\/categories?post=738"},{"taxonomy":"post_tag","embeddable":true,"href":"https:\/\/koff.swisspeace.ch\/apropos\/wp-json\/wp\/v2\/tags?post=738"},{"taxonomy":"issue","embeddable":true,"href":"https:\/\/koff.swisspeace.ch\/apropos\/wp-json\/wp\/v2\/issue?post=738"}],"curies":[{"name":"wp","href":"https:\/\/api.w.org\/{rel}","templated":true}]}}