{"id":741,"date":"2023-02-23T16:37:28","date_gmt":"2023-02-23T16:37:28","guid":{"rendered":"https:\/\/koff.swisspeace.ch\/apropos\/?p=741"},"modified":"2023-03-20T08:34:35","modified_gmt":"2023-03-20T08:34:35","slug":"cas-arts-et-cooperation-internationale","status":"publish","type":"post","link":"https:\/\/koff.swisspeace.ch\/apropos\/741\/cas-arts-et-cooperation-internationale\/","title":{"rendered":"CAS &#8220;Arts et coop\u00e9ration internationale&#8221;"},"content":{"rendered":"\n<p>Le CAS Art et coop\u00e9ration internationale r\u00e9unit des artistes et des membres d&#8217;organisations de coop\u00e9ration internationale des h\u00e9misph\u00e8res Sud et du Nord. Ils\u00b7elles s&#8217;int\u00e9ressent au potentiel de l&#8217;art afin de soutenir les processus de transformation sociale et la consolidation de la paix, ainsi qu&#8217;\u00e0 l&#8217;engagement commun pour une coop\u00e9ration internationale \u00e9quitable et juste. Gr\u00e2ce \u00e0 un s\u00e9jour d&#8217;\u00e9tude avec des d\u00e9placements sur place, ils\u00b7elles acqui\u00e8rent un aper\u00e7u de projets artistiques concrets dans des contextes fragiles et y r\u00e9fl\u00e9chissent sur la base d&#8217;instruments et de concepts issus de la litt\u00e9rature actuelle. Les participant\u00b7es terminent le cours par un m\u00e9moire supervis\u00e9 qui se rapporte \u00e0 un projet individuel ou \u00e0 un contexte de travail.<\/p>\n","protected":false},"excerpt":{"rendered":"<p>Le CAS Art et coop\u00e9ration internationale r\u00e9unit des artistes et des membres d&#8217;organisations de coop\u00e9ration internationale des h\u00e9misph\u00e8res Sud et du Nord. Ils\u00b7elles s&#8217;int\u00e9ressent au potentiel de l&#8217;art afin de soutenir les processus de transformation sociale et la consolidation de la paix, ainsi qu&#8217;\u00e0 l&#8217;engagement commun pour une coop\u00e9ration internationale \u00e9quitable et juste. Gr\u00e2ce \u00e0 <a href=\"https:\/\/koff.swisspeace.ch\/apropos\/741\/cas-arts-et-cooperation-internationale\/\" class=\"more-link\">&#8230;<span class=\"screen-reader-text\">  CAS &#8220;Arts et coop\u00e9ration internationale&#8221;<\/span><\/a><\/p>\n","protected":false},"author":3,"featured_media":735,"comment_status":"open","ping_status":"open","sticky":false,"template":"","format":"standard","meta":{"advgb_blocks_editor_width":"","advgb_blocks_columns_visual_guide":""},"categories":[99],"tags":[],"issue":[135],"acf":[],"author_meta":{"display_name":"\u00e0 propos","author_link":"https:\/\/koff.swisspeace.ch\/apropos\/author\/apropos\/"},"featured_img":"https:\/\/koff.swisspeace.ch\/apropos\/wp-content\/uploads\/2023\/02\/WB_artasfoundation-600x332.png","coauthors":[],"tax_additional":{"categories":{"linked":["<a href=\"https:\/\/koff.swisspeace.ch\/apropos\/category\/news-fr\/\" class=\"advgb-post-tax-term\">Actualit\u00e9<\/a>"],"unlinked":["<span class=\"advgb-post-tax-term\">Actualit\u00e9<\/span>"]}},"comment_count":0,"relative_dates":{"created":"Posted 4 years ago","modified":"Updated 3 years ago"},"absolute_dates":{"created":"Posted on February 23, 2023","modified":"Updated on March 20, 2023"},"absolute_dates_time":{"created":"Posted on February 23, 2023 4:37 pm","modified":"Updated on March 20, 2023 8:34 am"},"featured_img_caption":"","series_order":null,"_links":{"self":[{"href":"https:\/\/koff.swisspeace.ch\/apropos\/wp-json\/wp\/v2\/posts\/741"}],"collection":[{"href":"https:\/\/koff.swisspeace.ch\/apropos\/wp-json\/wp\/v2\/posts"}],"about":[{"href":"https:\/\/koff.swisspeace.ch\/apropos\/wp-json\/wp\/v2\/types\/post"}],"author":[{"embeddable":true,"href":"https:\/\/koff.swisspeace.ch\/apropos\/wp-json\/wp\/v2\/users\/3"}],"replies":[{"embeddable":true,"href":"https:\/\/koff.swisspeace.ch\/apropos\/wp-json\/wp\/v2\/comments?post=741"}],"version-history":[{"count":6,"href":"https:\/\/koff.swisspeace.ch\/apropos\/wp-json\/wp\/v2\/posts\/741\/revisions"}],"predecessor-version":[{"id":1202,"href":"https:\/\/koff.swisspeace.ch\/apropos\/wp-json\/wp\/v2\/posts\/741\/revisions\/1202"}],"wp:featuredmedia":[{"embeddable":true,"href":"https:\/\/koff.swisspeace.ch\/apropos\/wp-json\/wp\/v2\/media\/735"}],"wp:attachment":[{"href":"https:\/\/koff.swisspeace.ch\/apropos\/wp-json\/wp\/v2\/media?parent=741"}],"wp:term":[{"taxonomy":"category","embeddable":true,"href":"https:\/\/koff.swisspeace.ch\/apropos\/wp-json\/wp\/v2\/categories?post=741"},{"taxonomy":"post_tag","embeddable":true,"href":"https:\/\/koff.swisspeace.ch\/apropos\/wp-json\/wp\/v2\/tags?post=741"},{"taxonomy":"issue","embeddable":true,"href":"https:\/\/koff.swisspeace.ch\/apropos\/wp-json\/wp\/v2\/issue?post=741"}],"curies":[{"name":"wp","href":"https:\/\/api.w.org\/{rel}","templated":true}]}}